{"id":7491,"date":"2021-08-16T11:10:32","date_gmt":"2021-08-16T14:10:32","guid":{"rendered":"https:\/\/radiorevelacionfm.cl\/?p=7491"},"modified":"2021-08-16T11:10:32","modified_gmt":"2021-08-16T14:10:32","slug":"senadora-ordenes-y-falla-de-naves-la-ruta-del-lago-general-carrera-requiere-una-nueva-barcaza","status":"publish","type":"post","link":"https:\/\/radiorevelacionfm.cl\/?p=7491","title":{"rendered":"Senadora \u00d3rdenes y falla de naves: \u201cLa ruta del Lago General Carrera requiere una nueva barcaza\u201d"},"content":{"rendered":"<div class=\"flex_column av_one_full  flex_column_div av-zero-column-padding first  avia-builder-el-0  el_before_av_one_full  avia-builder-el-first  \" style='border-radius:0px; '><div  class='avia-image-container  av-styling-    avia-builder-el-1  avia-builder-el-no-sibling  avia-align-center '  itemprop=\"image\" itemscope=\"itemscope\" itemtype=\"https:\/\/schema.org\/ImageObject\"  ><div class='avia-image-container-inner'><div class='avia-image-overlay-wrap'><img decoding=\"async\" class='wp-image-7492 avia-img-lazy-loading-not-7492 avia_image' src=\"https:\/\/radiorevelacionfm.cl\/wp-content\/uploads\/2021\/08\/Barcaza-Pilchero02-1.jpg\" alt='' title='Barcaza Pilchero02 (1)' height=\"634\" width=\"957\"  itemprop=\"thumbnailUrl\" srcset=\"https:\/\/radiorevelacionfm.cl\/wp-content\/uploads\/2021\/08\/Barcaza-Pilchero02-1.jpg 957w, https:\/\/radiorevelacionfm.cl\/wp-content\/uploads\/2021\/08\/Barcaza-Pilchero02-1-300x199.jpg 300w, https:\/\/radiorevelacionfm.cl\/wp-content\/uploads\/2021\/08\/Barcaza-Pilchero02-1-768x509.jpg 768w, https:\/\/radiorevelacionfm.cl\/wp-content\/uploads\/2021\/08\/Barcaza-Pilchero02-1-705x467.jpg 705w, https:\/\/radiorevelacionfm.cl\/wp-content\/uploads\/2021\/08\/Barcaza-Pilchero02-1-600x397.jpg 600w\" sizes=\"(max-width: 957px) 100vw, 957px\" \/><\/div><\/div><\/div><\/div><div class=\"flex_column av_one_full  flex_column_div av-zero-column-padding first  avia-builder-el-2  el_after_av_one_full  el_before_av_one_full  column-top-margin\" style='border-radius:0px; '><section class=\"av_textblock_section \"  itemscope=\"itemscope\" itemtype=\"https:\/\/schema.org\/BlogPosting\" itemprop=\"blogPost\" ><div class='avia_textblock  '   itemprop=\"text\" ><p style=\"text-align: center;\"><strong><span style=\"font-size: 18pt;\">Senadora \u00d3rdenes y falla de naves: \u201cLa ruta del Lago General Carrera requiere una nueva barcaza\u201d<\/span><\/strong><\/p>\n<div id=\"gtx-trans\" style=\"position: absolute; left: -50px; top: 4.31534px;\">\n<div class=\"gtx-trans-icon\"><\/div>\n<\/div>\n<\/div><\/section><\/div><div class=\"flex_column av_one_full  flex_column_div av-zero-column-padding first  avia-builder-el-4  el_after_av_one_full  el_before_av_hr  column-top-margin\" style='border-radius:0px; '><section class=\"av_textblock_section \"  itemscope=\"itemscope\" itemtype=\"https:\/\/schema.org\/BlogPosting\" itemprop=\"blogPost\" ><div class='avia_textblock  '   itemprop=\"text\" ><p style=\"font-weight: 400; text-align: justify;\">La parlamentaria se reuni\u00f3 la semana pasada con la ministra del Transportes, Gloria Hutt, para revisar la situaci\u00f3n de la comuna de Chile Chico, ya que las barcazas: Tehuelche y Pilchero fallaron dejando desconectados a las y los habitantes de la zona.<\/p>\n<p style=\"font-weight: 400; text-align: justify;\">La falta de un plan de contingencia para enfrentar la falla de las dos barcazas, pero sobre todo la necesidad de incorporar una nueva nave al recorrido del Lago General Carrera es el objetivo principal de las gestiones que encabeza la senadora Ximena \u00d3rdenes Neira.<\/p>\n<p style=\"font-weight: 400; text-align: justify;\">\u201cAc\u00e1 sin duda tenemos un serio problema de conectividad lacustre, la que se ve complejizada por la ausencia de un plan de contingencia para enfrentar la falla de las naves\u201d, indic\u00f3 la senadora \u00d3rdenes, quien agreg\u00f3: \u201cNo hay duda que la ruta del Lago General Carrera necesita, requiere de una nueva barcaza para asegurar la conectividad de todas y todos los habitantes de la zona\u201d.<\/p>\n<p style=\"font-weight: 400; text-align: justify;\">En este marco de acci\u00f3n, la parlamentaria se reuni\u00f3 con la ministra de Transportes, Gloria Hutt; el subsecretario de la cartera, Jos\u00e9 Luis Dom\u00ednguez; y el seremi de Transportes de la regi\u00f3n, Fabi\u00e1n Rojas. Tras la cita la senadora \u00d3rdenes adelant\u00f3 que el tema central de la reuni\u00f3n fue la adquisici\u00f3n de una nueva barcaza.<\/p>\n<p style=\"font-weight: 400; text-align: justify;\">\u201cEn la reuni\u00f3n le ped\u00ed a Transportes poner en agenda nueva nave para la ruta de General Carrera, porque el escenario es complicado, porque si bien Pilchero comenzar\u00e1 a estar operativa, sabemos que no es el reemplazo para Tehuelche, barcaza que entrar\u00e1 en trabajos de carena que la tendr\u00e1 afuera hasta octubre aproximadamente\u201d, indic\u00f3.<\/p>\n<p style=\"font-weight: 400; text-align: justify;\">Asimismo, la senadora \u00d3rdenes Neira, adelant\u00f3 que insistir\u00e1 en la necesidad de una nueva barcaza, pero ahora con el Ministerio de Obras P\u00fablicas. \u201cEn los pr\u00f3ximos d\u00edas seguir\u00e9 con las gestiones necesarias para que se ponga en agenda la comprar de una nueva barcaza, por esta raz\u00f3n me reunir\u00e9 con la Direcci\u00f3n de Obras Portuarias del MOP, para que la nueva nave sea una realidad\u201d, sostuvo.<\/p>\n<p style=\"font-weight: 400; text-align: justify;\">Finalmente, la parlamentaria insisti\u00f3 en la necesidad de una nueva barcaza, ya que el recorrido por v\u00eda terrestre se extiende por casi siete horas. \u201cEs fundamental entregar todas las facilidades para que nuestra regi\u00f3n cuente con la conectividad necesaria para hacer la vida de las y los ayseninos m\u00e1s f\u00e1cil. Hacer el recorrido v\u00eda barcaza nos ahorra casi seis horas de viaje. Por ende, es necesario esta nueva nave\u201d, finaliz\u00f3.<\/p>\n<\/div><\/section><\/div><div  style='height:50px' class='hr hr-invisible   avia-builder-el-6  el_after_av_one_full  el_before_av_social_share '><span class='hr-inner ' ><span class='hr-inner-style'><\/span><\/span><\/div><\/p>\n<div  class='av-social-sharing-box  avia-builder-el-7  el_after_av_hr  el_before_av_hr  '><div class='av-share-box'><h5 class='av-share-link-description av-no-toc '>Compartir esta noticia<\/h5><ul class='av-share-box-list noLightbox'><li class='av-share-link av-social-link-facebook' ><a target=\"_blank\" aria-label=\"Compartir en Facebook\" href='https:\/\/www.facebook.com\/sharer.php?u=https:\/\/radiorevelacionfm.cl\/?p=7491&#038;t=Senadora%20%C3%93rdenes%20y%20falla%20de%20naves%3A%20%E2%80%9CLa%20ruta%20del%20Lago%20General%20Carrera%20requiere%20una%20nueva%20barcaza%E2%80%9D' aria-hidden='false' data-av_icon='\ue8f3' data-av_iconfont='entypo-fontello' title='' data-avia-related-tooltip='Compartir en Facebook' rel=\"noopener\"><span class='avia_hidden_link_text'>Compartir en Facebook<\/span><\/a><\/li><li class='av-share-link av-social-link-twitter' ><a target=\"_blank\" aria-label=\"Compartir en Twitter\" href='https:\/\/twitter.com\/share?text=Senadora%20%C3%93rdenes%20y%20falla%20de%20naves%3A%20%E2%80%9CLa%20ruta%20del%20Lago%20General%20Carrera%20requiere%20una%20nueva%20barcaza%E2%80%9D&#038;url=https:\/\/radiorevelacionfm.cl\/?p=7491' aria-hidden='false' data-av_icon='\ue8f1' data-av_iconfont='entypo-fontello' title='' data-avia-related-tooltip='Compartir en Twitter' rel=\"noopener\"><span class='avia_hidden_link_text'>Compartir en Twitter<\/span><\/a><\/li><li class='av-share-link av-social-link-whatsapp' ><a target=\"_blank\" aria-label=\"Compartir en Whatsapp\" href='https:\/\/api.whatsapp.com\/send?text=https:\/\/radiorevelacionfm.cl\/?p=7491' aria-hidden='false' data-av_icon='\uf232' data-av_iconfont='entypo-fontello' title='' data-avia-related-tooltip='Compartir en Whatsapp' rel=\"noopener\"><span class='avia_hidden_link_text'>Compartir en Whatsapp<\/span><\/a><\/li><li class='av-share-link av-social-link-linkedin' ><a target=\"_blank\" aria-label=\"Compartir en LinkedIn\" href='https:\/\/linkedin.com\/shareArticle?mini=true&#038;title=Senadora%20%C3%93rdenes%20y%20falla%20de%20naves%3A%20%E2%80%9CLa%20ruta%20del%20Lago%20General%20Carrera%20requiere%20una%20nueva%20barcaza%E2%80%9D&#038;url=https:\/\/radiorevelacionfm.cl\/?p=7491' aria-hidden='false' data-av_icon='\ue8fc' data-av_iconfont='entypo-fontello' title='' data-avia-related-tooltip='Compartir en LinkedIn' rel=\"noopener\"><span class='avia_hidden_link_text'>Compartir en LinkedIn<\/span><\/a><\/li><li class='av-share-link av-social-link-mail' ><a  aria-label=\"Compartir por correo\" href='mailto:?subject=Senadora%20%C3%93rdenes%20y%20falla%20de%20naves%3A%20%E2%80%9CLa%20ruta%20del%20Lago%20General%20Carrera%20requiere%20una%20nueva%20barcaza%E2%80%9D&#038;body=https:\/\/radiorevelacionfm.cl\/?p=7491' aria-hidden='false' data-av_icon='\ue805' data-av_iconfont='entypo-fontello' title='' data-avia-related-tooltip='Compartir por correo'><span class='avia_hidden_link_text'>Compartir por correo<\/span><\/a><\/li><\/ul><\/div><\/div>\n<div  style='height:50px' class='hr hr-invisible   avia-builder-el-8  el_after_av_social_share  el_before_av_comments_list '><span class='hr-inner ' ><span class='hr-inner-style'><\/span><\/span><\/div>\n<div  class='av-buildercomment  av-blog-meta-html-info-disabled av-blog-meta-tag-disabled  '><\/div>\n<div  style='height:50px' class='hr hr-invisible   avia-builder-el-10  el_after_av_comments_list  avia-builder-el-last '><span class='hr-inner ' ><span class='hr-inner-style'><\/span><\/span><\/div>\n","protected":false},"excerpt":{"rendered":"","protected":false},"author":1,"featured_media":7492,"comment_status":"open","ping_status":"open","sticky":false,"template":"","format":"standard","meta":{"footnotes":""},"categories":[35],"tags":[],"class_list":["post-7491","post","type-post","status-publish","format-standard","has-post-thumbnail","hentry","category-politica"],"jetpack_featured_media_url":"https:\/\/radiorevelacionfm.cl\/wp-content\/uploads\/2021\/08\/Barcaza-Pilchero02-1.jpg","_links":{"self":[{"href":"https:\/\/radiorevelacionfm.cl\/index.php?rest_route=\/wp\/v2\/posts\/7491","targetHints":{"allow":["GET"]}}],"collection":[{"href":"https:\/\/radiorevelacionfm.cl\/index.php?rest_route=\/wp\/v2\/posts"}],"about":[{"href":"https:\/\/radiorevelacionfm.cl\/index.php?rest_route=\/wp\/v2\/types\/post"}],"author":[{"embeddable":true,"href":"https:\/\/radiorevelacionfm.cl\/index.php?rest_route=\/wp\/v2\/users\/1"}],"replies":[{"embeddable":true,"href":"https:\/\/radiorevelacionfm.cl\/index.php?rest_route=%2Fwp%2Fv2%2Fcomments&post=7491"}],"version-history":[{"count":1,"href":"https:\/\/radiorevelacionfm.cl\/index.php?rest_route=\/wp\/v2\/posts\/7491\/revisions"}],"predecessor-version":[{"id":7493,"href":"https:\/\/radiorevelacionfm.cl\/index.php?rest_route=\/wp\/v2\/posts\/7491\/revisions\/7493"}],"wp:featuredmedia":[{"embeddable":true,"href":"https:\/\/radiorevelacionfm.cl\/index.php?rest_route=\/wp\/v2\/media\/7492"}],"wp:attachment":[{"href":"https:\/\/radiorevelacionfm.cl\/index.php?rest_route=%2Fwp%2Fv2%2Fmedia&parent=7491"}],"wp:term":[{"taxonomy":"category","embeddable":true,"href":"https:\/\/radiorevelacionfm.cl\/index.php?rest_route=%2Fwp%2Fv2%2Fcategories&post=7491"},{"taxonomy":"post_tag","embeddable":true,"href":"https:\/\/radiorevelacionfm.cl\/index.php?rest_route=%2Fwp%2Fv2%2Ftags&post=7491"}],"curies":[{"name":"wp","href":"https:\/\/api.w.org\/{rel}","templated":true}]}}