{"id":7489,"date":"2021-08-15T18:40:58","date_gmt":"2021-08-15T21:40:58","guid":{"rendered":"https:\/\/radiorevelacionfm.cl\/?p=7489"},"modified":"2021-08-15T18:40:58","modified_gmt":"2021-08-15T21:40:58","slug":"pdi-y-fiscalia-de-coyhaique-investigan-denuncia-de-violacion-imputado-fue-puesto-en-prision-preventiva","status":"publish","type":"post","link":"https:\/\/radiorevelacionfm.cl\/?p=7489","title":{"rendered":"PDI y Fiscal\u00eda de Coyhaique investigan denuncia de violaci\u00f3n, imputado fue puesto en prisi\u00f3n preventiva"},"content":{"rendered":"<div class=\"flex_column av_one_full  flex_column_div av-zero-column-padding first  avia-builder-el-0  el_before_av_one_full  avia-builder-el-first  \" style='border-radius:0px; '><div  class='avia-image-container  av-styling-    avia-builder-el-1  avia-builder-el-no-sibling  avia-align-center '  itemprop=\"image\" itemscope=\"itemscope\" itemtype=\"https:\/\/schema.org\/ImageObject\"  ><div class='avia-image-container-inner'><div class='avia-image-overlay-wrap'><img decoding=\"async\" class='wp-image-6365 avia-img-lazy-loading-not-6365 avia_image' src=\"https:\/\/radiorevelacionfm.cl\/wp-content\/uploads\/2021\/07\/PDI-Imagen-referencial-1-1.jpg\" alt='' title='PDI Imagen referencial (1) (1)' height=\"600\" width=\"900\"  itemprop=\"thumbnailUrl\" srcset=\"https:\/\/radiorevelacionfm.cl\/wp-content\/uploads\/2021\/07\/PDI-Imagen-referencial-1-1.jpg 900w, https:\/\/radiorevelacionfm.cl\/wp-content\/uploads\/2021\/07\/PDI-Imagen-referencial-1-1-300x200.jpg 300w, https:\/\/radiorevelacionfm.cl\/wp-content\/uploads\/2021\/07\/PDI-Imagen-referencial-1-1-768x512.jpg 768w, https:\/\/radiorevelacionfm.cl\/wp-content\/uploads\/2021\/07\/PDI-Imagen-referencial-1-1-705x470.jpg 705w, https:\/\/radiorevelacionfm.cl\/wp-content\/uploads\/2021\/07\/PDI-Imagen-referencial-1-1-600x400.jpg 600w\" sizes=\"(max-width: 900px) 100vw, 900px\" \/><\/div><\/div><\/div><\/div><div class=\"flex_column av_one_full  flex_column_div av-zero-column-padding first  avia-builder-el-2  el_after_av_one_full  el_before_av_one_full  column-top-margin\" style='border-radius:0px; '><section class=\"av_textblock_section \"  itemscope=\"itemscope\" itemtype=\"https:\/\/schema.org\/BlogPosting\" itemprop=\"blogPost\" ><div class='avia_textblock  '   itemprop=\"text\" ><p style=\"text-align: center;\"><strong><span style=\"font-size: 18pt;\">PDI y Fiscal\u00eda de Coyhaique investigan denuncia de violaci\u00f3n, imputado fue puesto en prisi\u00f3n preventiva<\/span><\/strong><\/p>\n<div id=\"gtx-trans\" style=\"position: absolute; left: -50px; top: 4.31534px;\">\n<div class=\"gtx-trans-icon\"><\/div>\n<\/div>\n<\/div><\/section><\/div><div class=\"flex_column av_one_full  flex_column_div av-zero-column-padding first  avia-builder-el-4  el_after_av_one_full  el_before_av_hr  column-top-margin\" style='border-radius:0px; '><section class=\"av_textblock_section \"  itemscope=\"itemscope\" itemtype=\"https:\/\/schema.org\/BlogPosting\" itemprop=\"blogPost\" ><div class='avia_textblock  '   itemprop=\"text\" ><p style=\"text-align: justify;\">De forma conjunta, la Fiscal\u00eda Local de Coyhaique y la Polic\u00eda de Investigaciones, investigan una denuncia de violaci\u00f3n por hechos ocurridos en la capital regional, seg\u00fan confirm\u00f3 el fiscal especializado, Luis Contreras Alfaro.<\/p>\n<p style=\"text-align: justify;\">Es as\u00ed que, durante la jornada del viernes 13 de agosto, detectives de la Brigada Investigadora de Delitos Sexuales Coyhaique de la PDI detuvieron en situaci\u00f3n de flagrancia a un sujeto, mayor de edad y sin antecedentes policiales, imputado por el delito de violaci\u00f3n en contra de una mujer mayor de edad.<\/p>\n<p style=\"text-align: justify;\">Sobre este caso, el fiscal Contreras explic\u00f3 que este s\u00e1bado, a las 11.00 de la ma\u00f1ana, se efectu\u00f3 la audiencia de control de detenci\u00f3n y formalizaci\u00f3n de la investigaci\u00f3n, de \u201cun imputado de sexo masculino de 35 a\u00f1os de edad por el delito de violaci\u00f3n en contra de una persona mayor de 14 a\u00f1os\u201d.<\/p>\n<p style=\"text-align: justify;\">DILIGENCIAS<\/p>\n<p style=\"text-align: justify;\">Al respecto, el subcomisario Alexis Valenzuela, subjefe de la Brigada Investigadora de Delitos Sexuales Coyhaique, se\u00f1al\u00f3 que \u201cel d\u00eda viernes durante la ma\u00f1ana, tras recibir un llamado por parte del Fiscal de Turno de Coyhaique, se solicit\u00f3 la concurrencia de la Brigada Investigadora de Delitos Sexuales al Hospital Regional de Coyhaique para efectuar el trabajo de primeras diligencias por denuncia realizada en Carabineros de Chile por el delito de violaci\u00f3n\u201d.<\/p>\n<p style=\"text-align: justify;\">El subjefe de la unidad especializada a\u00f1adi\u00f3 que \u201cdetectives de esta brigada concurrieron a dicho centro asistencial, donde se pudo entrevistar a la v\u00edctima, una mujer mayor de edad\u201d, agregando que, junto a personal del Laboratorio de Criminal\u00edstica, \u201cefectuaron trabajo de sitio del suceso, adem\u00e1s de entrevistar a testigos, lo que permiti\u00f3 corroborar el delito y la detenci\u00f3n del imputado\u201d, agreg\u00f3 el subcomisario Valenzuela.<\/p>\n<p style=\"text-align: justify;\">PRISI\u00d3N PREVENTIVA<\/p>\n<p style=\"text-align: justify;\">Por su parte el fiscal Contreras, agreg\u00f3 que \u201cestos hechos ocurrieron en la madrugada del d\u00eda de ayer (viernes) en el contexto una acci\u00f3n de naturaleza sexual realizada sin consentimiento de la v\u00edctima despu\u00e9s de haber estado ambos compartiendo con un grupo de amigos\u201d.<\/p>\n<p style=\"text-align: justify;\">A ra\u00edz de la denuncia efectuada por la v\u00edctima en Carabineros, el Ministerio P\u00fablico decret\u00f3 diligencias a la Polic\u00eda de Investigaciones, \u201ctambi\u00e9n se realiz\u00f3 el examen m\u00e9dico a la v\u00edctima en el hospital de Coyhaique y una vez constatadas las lesiones que sufri\u00f3 la v\u00edctima, se procedi\u00f3 por parte de la Brigada Investigadora de Delitos Sexuales a la detenci\u00f3n de esta persona. Posteriormente se llev\u00f3 a cabo la audiencia; se solicit\u00f3 por parte del Ministerio P\u00fablico la medida de prisi\u00f3n preventiva del imputado y la magistrada accedi\u00f3 a ello, decret\u00e1ndose adem\u00e1s un plazo de investigaci\u00f3n de 90 d\u00edas\u201d.<\/p>\n<p style=\"text-align: justify;\">El imputado, una vez finalizada la audiencia, fue derivado al Complejo Penitenciario de Coyhaique por parte de funcionarios de Gendarmer\u00eda.<\/p>\n<\/div><\/section><\/div><div  style='height:50px' class='hr hr-invisible   avia-builder-el-6  el_after_av_one_full  el_before_av_social_share '><span class='hr-inner ' ><span class='hr-inner-style'><\/span><\/span><\/div><\/p>\n<div  class='av-social-sharing-box  avia-builder-el-7  el_after_av_hr  el_before_av_hr  '><div class='av-share-box'><h5 class='av-share-link-description av-no-toc '>Compartir esta noticia<\/h5><ul class='av-share-box-list noLightbox'><li class='av-share-link av-social-link-facebook' ><a target=\"_blank\" aria-label=\"Compartir en Facebook\" href='https:\/\/www.facebook.com\/sharer.php?u=https:\/\/radiorevelacionfm.cl\/?p=7489&#038;t=PDI%20y%20Fiscal%C3%ADa%20de%20Coyhaique%20investigan%20denuncia%20de%20violaci%C3%B3n%2C%20imputado%20fue%20puesto%20en%20prisi%C3%B3n%20preventiva' aria-hidden='false' data-av_icon='\ue8f3' data-av_iconfont='entypo-fontello' title='' data-avia-related-tooltip='Compartir en Facebook' rel=\"noopener\"><span class='avia_hidden_link_text'>Compartir en Facebook<\/span><\/a><\/li><li class='av-share-link av-social-link-twitter' ><a target=\"_blank\" aria-label=\"Compartir en Twitter\" href='https:\/\/twitter.com\/share?text=PDI%20y%20Fiscal%C3%ADa%20de%20Coyhaique%20investigan%20denuncia%20de%20violaci%C3%B3n%2C%20imputado%20fue%20puesto%20en%20prisi%C3%B3n%20preventiva&#038;url=https:\/\/radiorevelacionfm.cl\/?p=7489' aria-hidden='false' data-av_icon='\ue8f1' data-av_iconfont='entypo-fontello' title='' data-avia-related-tooltip='Compartir en Twitter' rel=\"noopener\"><span class='avia_hidden_link_text'>Compartir en Twitter<\/span><\/a><\/li><li class='av-share-link av-social-link-whatsapp' ><a target=\"_blank\" aria-label=\"Compartir en Whatsapp\" href='https:\/\/api.whatsapp.com\/send?text=https:\/\/radiorevelacionfm.cl\/?p=7489' aria-hidden='false' data-av_icon='\uf232' data-av_iconfont='entypo-fontello' title='' data-avia-related-tooltip='Compartir en Whatsapp' rel=\"noopener\"><span class='avia_hidden_link_text'>Compartir en Whatsapp<\/span><\/a><\/li><li class='av-share-link av-social-link-linkedin' ><a target=\"_blank\" aria-label=\"Compartir en LinkedIn\" href='https:\/\/linkedin.com\/shareArticle?mini=true&#038;title=PDI%20y%20Fiscal%C3%ADa%20de%20Coyhaique%20investigan%20denuncia%20de%20violaci%C3%B3n%2C%20imputado%20fue%20puesto%20en%20prisi%C3%B3n%20preventiva&#038;url=https:\/\/radiorevelacionfm.cl\/?p=7489' aria-hidden='false' data-av_icon='\ue8fc' data-av_iconfont='entypo-fontello' title='' data-avia-related-tooltip='Compartir en LinkedIn' rel=\"noopener\"><span class='avia_hidden_link_text'>Compartir en LinkedIn<\/span><\/a><\/li><li class='av-share-link av-social-link-mail' ><a  aria-label=\"Compartir por correo\" href='mailto:?subject=PDI%20y%20Fiscal%C3%ADa%20de%20Coyhaique%20investigan%20denuncia%20de%20violaci%C3%B3n%2C%20imputado%20fue%20puesto%20en%20prisi%C3%B3n%20preventiva&#038;body=https:\/\/radiorevelacionfm.cl\/?p=7489' aria-hidden='false' data-av_icon='\ue805' data-av_iconfont='entypo-fontello' title='' data-avia-related-tooltip='Compartir por correo'><span class='avia_hidden_link_text'>Compartir por correo<\/span><\/a><\/li><\/ul><\/div><\/div>\n<div  style='height:50px' class='hr hr-invisible   avia-builder-el-8  el_after_av_social_share  el_before_av_comments_list '><span class='hr-inner ' ><span class='hr-inner-style'><\/span><\/span><\/div>\n<div  class='av-buildercomment  av-blog-meta-html-info-disabled av-blog-meta-tag-disabled  '><\/div>\n","protected":false},"excerpt":{"rendered":"","protected":false},"author":1,"featured_media":6365,"comment_status":"open","ping_status":"open","sticky":false,"template":"","format":"standard","meta":{"footnotes":""},"categories":[36],"tags":[],"class_list":["post-7489","post","type-post","status-publish","format-standard","has-post-thumbnail","hentry","category-policial"],"jetpack_featured_media_url":"https:\/\/radiorevelacionfm.cl\/wp-content\/uploads\/2021\/07\/PDI-Imagen-referencial-1-1.jpg","_links":{"self":[{"href":"https:\/\/radiorevelacionfm.cl\/index.php?rest_route=\/wp\/v2\/posts\/7489","targetHints":{"allow":["GET"]}}],"collection":[{"href":"https:\/\/radiorevelacionfm.cl\/index.php?rest_route=\/wp\/v2\/posts"}],"about":[{"href":"https:\/\/radiorevelacionfm.cl\/index.php?rest_route=\/wp\/v2\/types\/post"}],"author":[{"embeddable":true,"href":"https:\/\/radiorevelacionfm.cl\/index.php?rest_route=\/wp\/v2\/users\/1"}],"replies":[{"embeddable":true,"href":"https:\/\/radiorevelacionfm.cl\/index.php?rest_route=%2Fwp%2Fv2%2Fcomments&post=7489"}],"version-history":[{"count":1,"href":"https:\/\/radiorevelacionfm.cl\/index.php?rest_route=\/wp\/v2\/posts\/7489\/revisions"}],"predecessor-version":[{"id":7490,"href":"https:\/\/radiorevelacionfm.cl\/index.php?rest_route=\/wp\/v2\/posts\/7489\/revisions\/7490"}],"wp:featuredmedia":[{"embeddable":true,"href":"https:\/\/radiorevelacionfm.cl\/index.php?rest_route=\/wp\/v2\/media\/6365"}],"wp:attachment":[{"href":"https:\/\/radiorevelacionfm.cl\/index.php?rest_route=%2Fwp%2Fv2%2Fmedia&parent=7489"}],"wp:term":[{"taxonomy":"category","embeddable":true,"href":"https:\/\/radiorevelacionfm.cl\/index.php?rest_route=%2Fwp%2Fv2%2Fcategories&post=7489"},{"taxonomy":"post_tag","embeddable":true,"href":"https:\/\/radiorevelacionfm.cl\/index.php?rest_route=%2Fwp%2Fv2%2Ftags&post=7489"}],"curies":[{"name":"wp","href":"https:\/\/api.w.org\/{rel}","templated":true}]}}