{"id":7483,"date":"2021-08-15T18:15:25","date_gmt":"2021-08-15T21:15:25","guid":{"rendered":"https:\/\/radiorevelacionfm.cl\/?p=7483"},"modified":"2021-08-15T18:28:07","modified_gmt":"2021-08-15T21:28:07","slug":"partido-socialista-presento-oficialmente-a-sus-candidatos-a-diputado-y-core-por-aysen","status":"publish","type":"post","link":"https:\/\/radiorevelacionfm.cl\/?p=7483","title":{"rendered":"Partido Socialista present\u00f3 oficialmente a sus candidatos a Diputado y Core por Ays\u00e9n"},"content":{"rendered":"<div class=\"flex_column av_one_full  flex_column_div av-zero-column-padding first  avia-builder-el-0  el_before_av_one_full  avia-builder-el-first  \" style='border-radius:0px; '><div  class='avia-image-container  av-styling-    avia-builder-el-1  avia-builder-el-no-sibling  avia-align-center '  itemprop=\"image\" itemscope=\"itemscope\" itemtype=\"https:\/\/schema.org\/ImageObject\"  ><div class='avia-image-container-inner'><div class='avia-image-overlay-wrap'><img decoding=\"async\" class='wp-image-7486 avia-img-lazy-loading-not-7486 avia_image' src=\"https:\/\/radiorevelacionfm.cl\/wp-content\/uploads\/2021\/08\/presentacion-candidatos-3-1_optimized.jpg\" alt='' title='presentacion-candidatos-3-(1)_optimized' height=\"600\" width=\"800\"  itemprop=\"thumbnailUrl\" srcset=\"https:\/\/radiorevelacionfm.cl\/wp-content\/uploads\/2021\/08\/presentacion-candidatos-3-1_optimized.jpg 800w, https:\/\/radiorevelacionfm.cl\/wp-content\/uploads\/2021\/08\/presentacion-candidatos-3-1_optimized-300x225.jpg 300w, https:\/\/radiorevelacionfm.cl\/wp-content\/uploads\/2021\/08\/presentacion-candidatos-3-1_optimized-768x576.jpg 768w, https:\/\/radiorevelacionfm.cl\/wp-content\/uploads\/2021\/08\/presentacion-candidatos-3-1_optimized-705x529.jpg 705w, https:\/\/radiorevelacionfm.cl\/wp-content\/uploads\/2021\/08\/presentacion-candidatos-3-1_optimized-600x450.jpg 600w\" sizes=\"(max-width: 800px) 100vw, 800px\" \/><\/div><\/div><\/div><\/div>\n<div class=\"flex_column av_one_full  flex_column_div av-zero-column-padding first  avia-builder-el-2  el_after_av_one_full  el_before_av_one_full  column-top-margin\" style='border-radius:0px; '><section class=\"av_textblock_section \"  itemscope=\"itemscope\" itemtype=\"https:\/\/schema.org\/BlogPosting\" itemprop=\"blogPost\" ><div class='avia_textblock  '   itemprop=\"text\" ><p style=\"text-align: center;\"><strong><span style=\"font-size: 18pt;\">Partido Socialista present\u00f3 oficialmente a sus candidatos a Diputado y Core por Ays\u00e9n <\/span><\/strong><\/p>\n<div id=\"gtx-trans\" style=\"position: absolute; left: -50px; top: 4.31534px;\">\n<div class=\"gtx-trans-icon\"><\/div>\n<\/div>\n<\/div><\/section><\/div>\n<div class=\"flex_column av_one_full  flex_column_div av-zero-column-padding first  avia-builder-el-4  el_after_av_one_full  el_before_av_hr  column-top-margin\" style='border-radius:0px; '><section class=\"av_textblock_section \"  itemscope=\"itemscope\" itemtype=\"https:\/\/schema.org\/BlogPosting\" itemprop=\"blogPost\" ><div class='avia_textblock  '   itemprop=\"text\" ><p style=\"text-align: justify;\">En medio de la plaza de armas de Puerto Ays\u00e9n, el Partido Socialista con sus militantes, simpatizantes y vecinos de la comunidad, decidieron presentar p\u00fablicamente a los candidatos a Diputado Rodrigo Saldivia Vera, a Consejero Regional por la Provincia de Ays\u00e9n Domingo Quidel Vel\u00e1squez y Roberto Carvallo.<\/p>\n<p style=\"text-align: justify;\">La actividad estuvo coordinada por el presidente comunal del PS, Denis Flores M\u00fcller, \u201cestamos en esta jornada para presentar a nuestros candidatos, partimos por Rodrigo Saldivia candidato a Diputado, por otra parte tenemos a nuestros compa\u00f1eros Domingo Quidel y Roberto Carvallo, quienes van a disputar un cupo a Consejero Regional. El mi\u00e9rcoles 6 de agosto se hizo la apelaci\u00f3n en el Comit\u00e9 Regional, lo que fue enviado tanto a nivel central y al Servel como para que sean prontamente ratificados y las candidaturas puedan partir\u201d.<\/p>\n<p style=\"text-align: justify;\">Rodrigo Saldivia Vera, es un joven aisenino que busca llegar a ser Diputado de la regi\u00f3n, valorando la unidad de su partido que lo ratifican como \u00fanico candidato.<\/p>\n<p style=\"text-align: justify;\">\u201cPrimero que todo, agradecer al Comit\u00e9 Regional del Partido Socialista, que ha ratificado esta candidatura de manera transversal. Yo creo que si hay algo que nos diferencia a las otras candidaturas que hemos tenido en el pasado, es que, ac\u00e1 hay plena unidad del Partido Socialista, la misma unidad que se gest\u00f3 con Tomas Laibe, la misma unidad que se gener\u00f3 tambi\u00e9n con Andrea Mac\u00edas, esto da en definitiva, la esperanza de que podamos interpretar las necesidades de los aiseninos. Tambi\u00e9n el d\u00eda de hoy decimos lo siguiente, generalmente los parlamentarios de la regi\u00f3n de Ays\u00e9n, son parlamentarios de la capital regional o del resto de Chile, hoy tenemos la posibilidad cierta de que un puertoaisenino llegue al parlamento y no solamente un puertoaisenino, sino que adem\u00e1s, un joven que puede generar un recambio generacional y una renovaci\u00f3n de la pol\u00edtica local\u201d.<\/p>\n<p style=\"text-align: justify;\">Saldivia, cree que es necesario un cambio de los parlamentarios que ya llevan m\u00e1s de uno dos o tres periodos en sus cargos.<\/p>\n<p style=\"text-align: justify;\">\u201cCreemos y tenemos la convicci\u00f3n de que los parlamentarios que han estado 12 a\u00f1os en el poder y que van a la reelecci\u00f3n, no van a solucionar los problemas con cuatro a\u00f1os m\u00e1s, lo que no pudieron hacer en 8 o en 12, no lo van a hacer en 16 a\u00f1os. En ese sentido, es que creemos en una nueva pol\u00edtica, creemos en un recambio generacional y estamos recogiendo las inquietudes de la ciudadan\u00eda para poder llevarlas al parlamento. No somos una candidatura testimonial, tenemos una fuerza electoral importante y en ese sentido, queremos no solo interpretar a un partido, queremos interpretar a la gente, a las personas, a la ciudadan\u00eda, en una nueva pol\u00edtica que esperamos concretar en noviembre, cuando tengamos el triunfo de la mano de la gente de Puerto Ays\u00e9n y del resto de las localidades de la regi\u00f3n\u201d.<\/p>\n<p style=\"text-align: justify;\">En tanto, Domingo Quidel, candidato Core por la Provincia de Ays\u00e9n, coment\u00f3 que lo importante en estas elecciones es que el PS lleva rostros nuevos, que buscan aportar a una mejor regi\u00f3n y provincia, \u201cla idea es poner rostros nuevos en la pol\u00edtica, hoy d\u00eda en la provincia de Ays\u00e9n en el caso de los Consejeros Regionales, nosotros ya tenemos una trayectoria de autoridades que llevan tres, cuatro, cinco periodos y los avances que hoy podemos visualizar desde el desarrollo de la comuna y la provincia son bastante bajos. Por lo tanto, yo ya tengo algunas propuestas y que muchas de esas se condicen con el trabajo que estuvo plasmando en su programa de gobierno, Andrea Mac\u00edas Palma, nuestra gobernadora regional, quien propuso varios de los temas que yo hoy estoy impulsando desde mi candidatura a Consejero Regional\u201d.<\/p>\n<p style=\"text-align: justify;\">En la actividad estuvo respaldando a sus candidatos el presidente regional del Partido Socialista, Fabi\u00e1n Ani\u00f1ir.<\/p>\n<\/div><\/section><\/div><div  style='height:50px' class='hr hr-invisible   avia-builder-el-6  el_after_av_one_full  el_before_av_social_share '><span class='hr-inner ' ><span class='hr-inner-style'><\/span><\/span><\/div><\/p>\n<div  class='av-social-sharing-box  avia-builder-el-7  el_after_av_hr  el_before_av_hr  '><div class='av-share-box'><h5 class='av-share-link-description av-no-toc '>Compartir esta noticia<\/h5><ul class='av-share-box-list noLightbox'><li class='av-share-link av-social-link-facebook' ><a target=\"_blank\" aria-label=\"Compartir en Facebook\" href='https:\/\/www.facebook.com\/sharer.php?u=https:\/\/radiorevelacionfm.cl\/?p=7483&#038;t=Partido%20Socialista%20present%C3%B3%20oficialmente%20a%20sus%20candidatos%20a%20Diputado%20y%20Core%20por%20Ays%C3%A9n' aria-hidden='false' data-av_icon='\ue8f3' data-av_iconfont='entypo-fontello' title='' data-avia-related-tooltip='Compartir en Facebook' rel=\"noopener\"><span class='avia_hidden_link_text'>Compartir en Facebook<\/span><\/a><\/li><li class='av-share-link av-social-link-twitter' ><a target=\"_blank\" aria-label=\"Compartir en Twitter\" href='https:\/\/twitter.com\/share?text=Partido%20Socialista%20present%C3%B3%20oficialmente%20a%20sus%20candidatos%20a%20Diputado%20y%20Core%20por%20Ays%C3%A9n&#038;url=https:\/\/radiorevelacionfm.cl\/?p=7483' aria-hidden='false' data-av_icon='\ue8f1' data-av_iconfont='entypo-fontello' title='' data-avia-related-tooltip='Compartir en Twitter' rel=\"noopener\"><span class='avia_hidden_link_text'>Compartir en Twitter<\/span><\/a><\/li><li class='av-share-link av-social-link-whatsapp' ><a target=\"_blank\" aria-label=\"Compartir en Whatsapp\" href='https:\/\/api.whatsapp.com\/send?text=https:\/\/radiorevelacionfm.cl\/?p=7483' aria-hidden='false' data-av_icon='\uf232' data-av_iconfont='entypo-fontello' title='' data-avia-related-tooltip='Compartir en Whatsapp' rel=\"noopener\"><span class='avia_hidden_link_text'>Compartir en Whatsapp<\/span><\/a><\/li><li class='av-share-link av-social-link-linkedin' ><a target=\"_blank\" aria-label=\"Compartir en LinkedIn\" href='https:\/\/linkedin.com\/shareArticle?mini=true&#038;title=Partido%20Socialista%20present%C3%B3%20oficialmente%20a%20sus%20candidatos%20a%20Diputado%20y%20Core%20por%20Ays%C3%A9n&#038;url=https:\/\/radiorevelacionfm.cl\/?p=7483' aria-hidden='false' data-av_icon='\ue8fc' data-av_iconfont='entypo-fontello' title='' data-avia-related-tooltip='Compartir en LinkedIn' rel=\"noopener\"><span class='avia_hidden_link_text'>Compartir en LinkedIn<\/span><\/a><\/li><li class='av-share-link av-social-link-mail' ><a  aria-label=\"Compartir por correo\" href='mailto:?subject=Partido%20Socialista%20present%C3%B3%20oficialmente%20a%20sus%20candidatos%20a%20Diputado%20y%20Core%20por%20Ays%C3%A9n&#038;body=https:\/\/radiorevelacionfm.cl\/?p=7483' aria-hidden='false' data-av_icon='\ue805' data-av_iconfont='entypo-fontello' title='' data-avia-related-tooltip='Compartir por correo'><span class='avia_hidden_link_text'>Compartir por correo<\/span><\/a><\/li><\/ul><\/div><\/div>\n<div  style='height:50px' class='hr hr-invisible   avia-builder-el-8  el_after_av_social_share  el_before_av_comments_list '><span class='hr-inner ' ><span class='hr-inner-style'><\/span><\/span><\/div>\n<div  class='av-buildercomment  av-blog-meta-html-info-disabled av-blog-meta-tag-disabled  '><\/div>\n","protected":false},"excerpt":{"rendered":"","protected":false},"author":1,"featured_media":7486,"comment_status":"open","ping_status":"open","sticky":false,"template":"","format":"standard","meta":{"footnotes":""},"categories":[35],"tags":[],"class_list":["post-7483","post","type-post","status-publish","format-standard","has-post-thumbnail","hentry","category-politica"],"jetpack_featured_media_url":"https:\/\/radiorevelacionfm.cl\/wp-content\/uploads\/2021\/08\/presentacion-candidatos-3-1_optimized.jpg","_links":{"self":[{"href":"https:\/\/radiorevelacionfm.cl\/index.php?rest_route=\/wp\/v2\/posts\/7483","targetHints":{"allow":["GET"]}}],"collection":[{"href":"https:\/\/radiorevelacionfm.cl\/index.php?rest_route=\/wp\/v2\/posts"}],"about":[{"href":"https:\/\/radiorevelacionfm.cl\/index.php?rest_route=\/wp\/v2\/types\/post"}],"author":[{"embeddable":true,"href":"https:\/\/radiorevelacionfm.cl\/index.php?rest_route=\/wp\/v2\/users\/1"}],"replies":[{"embeddable":true,"href":"https:\/\/radiorevelacionfm.cl\/index.php?rest_route=%2Fwp%2Fv2%2Fcomments&post=7483"}],"version-history":[{"count":2,"href":"https:\/\/radiorevelacionfm.cl\/index.php?rest_route=\/wp\/v2\/posts\/7483\/revisions"}],"predecessor-version":[{"id":7488,"href":"https:\/\/radiorevelacionfm.cl\/index.php?rest_route=\/wp\/v2\/posts\/7483\/revisions\/7488"}],"wp:featuredmedia":[{"embeddable":true,"href":"https:\/\/radiorevelacionfm.cl\/index.php?rest_route=\/wp\/v2\/media\/7486"}],"wp:attachment":[{"href":"https:\/\/radiorevelacionfm.cl\/index.php?rest_route=%2Fwp%2Fv2%2Fmedia&parent=7483"}],"wp:term":[{"taxonomy":"category","embeddable":true,"href":"https:\/\/radiorevelacionfm.cl\/index.php?rest_route=%2Fwp%2Fv2%2Fcategories&post=7483"},{"taxonomy":"post_tag","embeddable":true,"href":"https:\/\/radiorevelacionfm.cl\/index.php?rest_route=%2Fwp%2Fv2%2Ftags&post=7483"}],"curies":[{"name":"wp","href":"https:\/\/api.w.org\/{rel}","templated":true}]}}