{"id":7479,"date":"2021-08-15T17:29:16","date_gmt":"2021-08-15T20:29:16","guid":{"rendered":"https:\/\/radiorevelacionfm.cl\/?p=7479"},"modified":"2021-08-15T17:34:17","modified_gmt":"2021-08-15T20:34:17","slug":"mesa-mujer-indigena-conoce-posturas-de-convencionales-constituyentes-sobre-pueblos-originarios","status":"publish","type":"post","link":"https:\/\/radiorevelacionfm.cl\/?p=7479","title":{"rendered":"Mesa Mujer Ind\u00edgena conoce posturas de Convencionales Constituyentes de Ays\u00e9n sobre Pueblos Originarios"},"content":{"rendered":"<div class=\"flex_column av_one_full  flex_column_div av-zero-column-padding first  avia-builder-el-0  el_before_av_one_full  avia-builder-el-first  \" style='border-radius:0px; '><div  class='avia-image-container  av-styling-    avia-builder-el-1  avia-builder-el-no-sibling  avia-align-center '  itemprop=\"image\" itemscope=\"itemscope\" itemtype=\"https:\/\/schema.org\/ImageObject\"  ><div class='avia-image-container-inner'><div class='avia-image-overlay-wrap'><img decoding=\"async\" class='wp-image-7480 avia-img-lazy-loading-not-7480 avia_image' src=\"https:\/\/radiorevelacionfm.cl\/wp-content\/uploads\/2021\/08\/Reunion-Mesa-Mujer-Indigena-Constituyentes-1-1.jpg\" alt='' title='Reuni\u00f3n Mesa Mujer Ind\u00edgena Constituyentes 1 (1)' height=\"461\" width=\"1080\"  itemprop=\"thumbnailUrl\" srcset=\"https:\/\/radiorevelacionfm.cl\/wp-content\/uploads\/2021\/08\/Reunion-Mesa-Mujer-Indigena-Constituyentes-1-1.jpg 1080w, https:\/\/radiorevelacionfm.cl\/wp-content\/uploads\/2021\/08\/Reunion-Mesa-Mujer-Indigena-Constituyentes-1-1-300x128.jpg 300w, https:\/\/radiorevelacionfm.cl\/wp-content\/uploads\/2021\/08\/Reunion-Mesa-Mujer-Indigena-Constituyentes-1-1-1030x440.jpg 1030w, https:\/\/radiorevelacionfm.cl\/wp-content\/uploads\/2021\/08\/Reunion-Mesa-Mujer-Indigena-Constituyentes-1-1-768x328.jpg 768w, https:\/\/radiorevelacionfm.cl\/wp-content\/uploads\/2021\/08\/Reunion-Mesa-Mujer-Indigena-Constituyentes-1-1-705x301.jpg 705w, https:\/\/radiorevelacionfm.cl\/wp-content\/uploads\/2021\/08\/Reunion-Mesa-Mujer-Indigena-Constituyentes-1-1-600x256.jpg 600w\" sizes=\"(max-width: 1080px) 100vw, 1080px\" \/><\/div><\/div><\/div><\/div>\n<div class=\"flex_column av_one_full  flex_column_div av-zero-column-padding first  avia-builder-el-2  el_after_av_one_full  el_before_av_one_full  column-top-margin\" style='border-radius:0px; '><section class=\"av_textblock_section \"  itemscope=\"itemscope\" itemtype=\"https:\/\/schema.org\/BlogPosting\" itemprop=\"blogPost\" ><div class='avia_textblock  '   itemprop=\"text\" ><p style=\"text-align: center;\"><strong><span style=\"font-size: 18pt;\">Mesa Mujer Ind\u00edgena conoce posturas de Convencionales Constituyentes de Ays\u00e9n sobre Pueblos Originarios<\/span><\/strong><\/p>\n<div id=\"gtx-trans\" style=\"position: absolute; left: -50px; top: 4.31534px;\">\n<div class=\"gtx-trans-icon\"><\/div>\n<\/div>\n<\/div><\/section><\/div><div class=\"flex_column av_one_full  flex_column_div av-zero-column-padding first  avia-builder-el-4  el_after_av_one_full  el_before_av_hr  column-top-margin\" style='border-radius:0px; '><section class=\"av_textblock_section \"  itemscope=\"itemscope\" itemtype=\"https:\/\/schema.org\/BlogPosting\" itemprop=\"blogPost\" ><div class='avia_textblock  '   itemprop=\"text\" ><p style=\"text-align: justify;\">Un espacio de conversaci\u00f3n y reflexi\u00f3n se dio en la \u00faltima reuni\u00f3n de trabajo de la Mesa de la Mujer Ind\u00edgena \u2013 compuesta por autoridades Mapuche Huilliche de la comuna de Coyhaique, el Servicio Nacional de la Mujer y la Equidad de G\u00e9nero, SernamEG, y la Corporaci\u00f3n Nacional de Desarrollo Ind\u00edgena, CONADI- la que en esta ocasi\u00f3n cont\u00f3 con la asistencia de las y los convencionales constituyentes para conocer sus visiones y\/o posturas respecto a la incorporaci\u00f3n de los Pueblos Originarios en la redacci\u00f3n de la Nueva Constituci\u00f3n.<\/p>\n<p style=\"text-align: justify;\">La Directora Regional de SernamEG, Elizabeth Guti\u00e9rrez Eggers, precis\u00f3 que \u201cesta instancia de di\u00e1logo permanente con representantes de los pueblos originarios es relevante para el quehacer del Servicio, porque nos permite conocer sus necesidades; y canalizarlas en conjunto con la CONADI. Es importante destacar que desde el a\u00f1o pasado nos hemos venido reuniendo y participan tanto mujeres como hombres, y en esta ocasi\u00f3n, con motivo del D\u00eda Internacional de los Pueblos Originarios surgi\u00f3 la idea de realizar esta actividad la que fue muy participativa y que busc\u00f3 poner en valor su riqueza cultural\u201d.<\/p>\n<p style=\"text-align: justify;\">La Coordinadora Regional de CONADI, Pamela Huaitiao Almonacid, se refiri\u00f3 a las principales tem\u00e1ticas tratadas en el encuentro, precisando que \u201cse habl\u00f3 de autodeterminaci\u00f3n y del reconocimiento constitucional, precisamente por el perd\u00f3n necesario que se requiere para el pueblo mapuche especialmente, por todos los atropellos a los derechos humanos que se vivieron en alg\u00fan momento en la historia de nuestro pa\u00eds. La necesidad de reconstruirnos en base al amor, respeto y tambi\u00e9n a la tolerancia. La idea principal de esta Mesa es seguir trabajando y construyendo ideas desde las bases para que los representantes de nuestra Regi\u00f3n la puedan llevar a la Comisi\u00f3n de Pueblos Originarios. Agradecemos a cada hermana y hermano, as\u00ed como a las\/os constituyentes que se dieron un espacio para conversar y esperamos que se repita\u201d.<\/p>\n<p style=\"text-align: justify;\">En la ocasi\u00f3n, participaron las\/os constituyentes Tom\u00e1s Laibe S\u00e1ez y Geoconda Navarrete Arratia. Esta \u00faltima autoridad sostuvo que \u201cquiero agradecer y destacar la invitaci\u00f3n para participar en mi calidad de Convencional Constituyente en la Mesa de la Mujer Ind\u00edgena, en el marco del D\u00eda Internacional de los Pueblos Originarios. Creo que es una gran instancia que nos permite acercar e informar este nuevo trabajo que estamos realizando desde la Convenci\u00f3n Constitucional, donde la participaci\u00f3n de los pueblos originarios cobra gran relevancia dado que buscamos construir un Chile que nos albergue a todos y donde debemos ser respetuosos de nuestras diferentes culturas; y donde debemos aprender a convivir en armon\u00eda en un pa\u00eds que nos acoge a todos y en una sociedad que nos valora por igual a todos\u201d.<\/p>\n<p style=\"text-align: justify;\">En Chile 1.107.681 mujeres se reconocen pertenecientes a un Pueblo Ind\u00edgena, representando el 12,7% de las mujeres que residen en el pa\u00eds, y al 53% del total de poblaci\u00f3n ind\u00edgena a nivel nacional, Censo 2017. Finalmente, las autoridades regionales de SernamEG y CONADI destacaron que en el marco de una nueva conmemoraci\u00f3n del D\u00eda Internacional de los Pueblos Originarios fue lanzada la Agenda de Mujeres Ind\u00edgenas, la que contempla alrededor de 20 iniciativas enfocadas en tres ejes: Potenciar Liderazgos Femeninos, Autonom\u00eda Econ\u00f3mica de las Mujeres Ind\u00edgenas y Autonom\u00eda F\u00edsica y Violencia.<\/p>\n<\/div><\/section><\/div><\/p>\n<div  style='height:50px' class='hr hr-invisible   avia-builder-el-6  el_after_av_one_full  el_before_av_social_share '><span class='hr-inner ' ><span class='hr-inner-style'><\/span><\/span><\/div>\n<div  class='av-social-sharing-box  avia-builder-el-7  el_after_av_hr  el_before_av_hr  '><div class='av-share-box'><h5 class='av-share-link-description av-no-toc '>Compartir esta noticia<\/h5><ul class='av-share-box-list noLightbox'><li class='av-share-link av-social-link-facebook' ><a target=\"_blank\" aria-label=\"Compartir en Facebook\" href='https:\/\/www.facebook.com\/sharer.php?u=https:\/\/radiorevelacionfm.cl\/?p=7479&#038;t=Mesa%20Mujer%20Ind%C3%ADgena%20conoce%20posturas%20de%20Convencionales%20Constituyentes%20de%20Ays%C3%A9n%20sobre%20Pueblos%20Originarios' aria-hidden='false' data-av_icon='\ue8f3' data-av_iconfont='entypo-fontello' title='' data-avia-related-tooltip='Compartir en Facebook' rel=\"noopener\"><span class='avia_hidden_link_text'>Compartir en Facebook<\/span><\/a><\/li><li class='av-share-link av-social-link-twitter' ><a target=\"_blank\" aria-label=\"Compartir en Twitter\" href='https:\/\/twitter.com\/share?text=Mesa%20Mujer%20Ind%C3%ADgena%20conoce%20posturas%20de%20Convencionales%20Constituyentes%20de%20Ays%C3%A9n%20sobre%20Pueblos%20Originarios&#038;url=https:\/\/radiorevelacionfm.cl\/?p=7479' aria-hidden='false' data-av_icon='\ue8f1' data-av_iconfont='entypo-fontello' title='' data-avia-related-tooltip='Compartir en Twitter' rel=\"noopener\"><span class='avia_hidden_link_text'>Compartir en Twitter<\/span><\/a><\/li><li class='av-share-link av-social-link-whatsapp' ><a target=\"_blank\" aria-label=\"Compartir en Whatsapp\" href='https:\/\/api.whatsapp.com\/send?text=https:\/\/radiorevelacionfm.cl\/?p=7479' aria-hidden='false' data-av_icon='\uf232' data-av_iconfont='entypo-fontello' title='' data-avia-related-tooltip='Compartir en Whatsapp' rel=\"noopener\"><span class='avia_hidden_link_text'>Compartir en Whatsapp<\/span><\/a><\/li><li class='av-share-link av-social-link-linkedin' ><a target=\"_blank\" aria-label=\"Compartir en LinkedIn\" href='https:\/\/linkedin.com\/shareArticle?mini=true&#038;title=Mesa%20Mujer%20Ind%C3%ADgena%20conoce%20posturas%20de%20Convencionales%20Constituyentes%20de%20Ays%C3%A9n%20sobre%20Pueblos%20Originarios&#038;url=https:\/\/radiorevelacionfm.cl\/?p=7479' aria-hidden='false' data-av_icon='\ue8fc' data-av_iconfont='entypo-fontello' title='' data-avia-related-tooltip='Compartir en LinkedIn' rel=\"noopener\"><span class='avia_hidden_link_text'>Compartir en LinkedIn<\/span><\/a><\/li><li class='av-share-link av-social-link-mail' ><a  aria-label=\"Compartir por correo\" href='mailto:?subject=Mesa%20Mujer%20Ind%C3%ADgena%20conoce%20posturas%20de%20Convencionales%20Constituyentes%20de%20Ays%C3%A9n%20sobre%20Pueblos%20Originarios&#038;body=https:\/\/radiorevelacionfm.cl\/?p=7479' aria-hidden='false' data-av_icon='\ue805' data-av_iconfont='entypo-fontello' title='' data-avia-related-tooltip='Compartir por correo'><span class='avia_hidden_link_text'>Compartir por correo<\/span><\/a><\/li><\/ul><\/div><\/div>\n<div  style='height:50px' class='hr hr-invisible   avia-builder-el-8  el_after_av_social_share  el_before_av_comments_list '><span class='hr-inner ' ><span class='hr-inner-style'><\/span><\/span><\/div>\n<div  class='av-buildercomment  av-blog-meta-html-info-disabled av-blog-meta-tag-disabled  '><\/div>\n","protected":false},"excerpt":{"rendered":"","protected":false},"author":1,"featured_media":7480,"comment_status":"open","ping_status":"open","sticky":false,"template":"","format":"standard","meta":{"footnotes":""},"categories":[38],"tags":[],"class_list":["post-7479","post","type-post","status-publish","format-standard","has-post-thumbnail","hentry","category-regional"],"jetpack_featured_media_url":"https:\/\/radiorevelacionfm.cl\/wp-content\/uploads\/2021\/08\/Reunion-Mesa-Mujer-Indigena-Constituyentes-1-1.jpg","_links":{"self":[{"href":"https:\/\/radiorevelacionfm.cl\/index.php?rest_route=\/wp\/v2\/posts\/7479","targetHints":{"allow":["GET"]}}],"collection":[{"href":"https:\/\/radiorevelacionfm.cl\/index.php?rest_route=\/wp\/v2\/posts"}],"about":[{"href":"https:\/\/radiorevelacionfm.cl\/index.php?rest_route=\/wp\/v2\/types\/post"}],"author":[{"embeddable":true,"href":"https:\/\/radiorevelacionfm.cl\/index.php?rest_route=\/wp\/v2\/users\/1"}],"replies":[{"embeddable":true,"href":"https:\/\/radiorevelacionfm.cl\/index.php?rest_route=%2Fwp%2Fv2%2Fcomments&post=7479"}],"version-history":[{"count":2,"href":"https:\/\/radiorevelacionfm.cl\/index.php?rest_route=\/wp\/v2\/posts\/7479\/revisions"}],"predecessor-version":[{"id":7482,"href":"https:\/\/radiorevelacionfm.cl\/index.php?rest_route=\/wp\/v2\/posts\/7479\/revisions\/7482"}],"wp:featuredmedia":[{"embeddable":true,"href":"https:\/\/radiorevelacionfm.cl\/index.php?rest_route=\/wp\/v2\/media\/7480"}],"wp:attachment":[{"href":"https:\/\/radiorevelacionfm.cl\/index.php?rest_route=%2Fwp%2Fv2%2Fmedia&parent=7479"}],"wp:term":[{"taxonomy":"category","embeddable":true,"href":"https:\/\/radiorevelacionfm.cl\/index.php?rest_route=%2Fwp%2Fv2%2Fcategories&post=7479"},{"taxonomy":"post_tag","embeddable":true,"href":"https:\/\/radiorevelacionfm.cl\/index.php?rest_route=%2Fwp%2Fv2%2Ftags&post=7479"}],"curies":[{"name":"wp","href":"https:\/\/api.w.org\/{rel}","templated":true}]}}