{"id":7476,"date":"2021-08-15T18:45:43","date_gmt":"2021-08-15T21:45:43","guid":{"rendered":"https:\/\/radiorevelacionfm.cl\/?p=7476"},"modified":"2021-08-15T20:46:08","modified_gmt":"2021-08-15T23:46:08","slug":"conoce-el-ife-laboral-y-extension-del-ife-universal-para-ampliar-la-red-de-proteccion-social","status":"publish","type":"post","link":"https:\/\/radiorevelacionfm.cl\/?p=7476","title":{"rendered":"Conoce el IFE Laboral y extensi\u00f3n del IFE Universal para ampliar la Red de Protecci\u00f3n Social"},"content":{"rendered":"<div class=\"flex_column av_one_full  flex_column_div av-zero-column-padding first  avia-builder-el-0  el_before_av_one_full  avia-builder-el-first  \" style='border-radius:0px; '><div  class='avia-image-container  av-styling-    avia-builder-el-1  avia-builder-el-no-sibling  avia-align-center '  itemprop=\"image\" itemscope=\"itemscope\" itemtype=\"https:\/\/schema.org\/ImageObject\"  ><div class='avia-image-container-inner'><div class='avia-image-overlay-wrap'><img decoding=\"async\" class='wp-image-7477 avia-img-lazy-loading-not-7477 avia_image' src=\"https:\/\/radiorevelacionfm.cl\/wp-content\/uploads\/2021\/08\/SeremiMDSyTrabPrev_Sence-1.jpg\" alt='' title='SeremiMDSyTrabPrev_Sence (1)' height=\"552\" width=\"1239\"  itemprop=\"thumbnailUrl\" srcset=\"https:\/\/radiorevelacionfm.cl\/wp-content\/uploads\/2021\/08\/SeremiMDSyTrabPrev_Sence-1.jpg 1239w, https:\/\/radiorevelacionfm.cl\/wp-content\/uploads\/2021\/08\/SeremiMDSyTrabPrev_Sence-1-300x134.jpg 300w, https:\/\/radiorevelacionfm.cl\/wp-content\/uploads\/2021\/08\/SeremiMDSyTrabPrev_Sence-1-1030x459.jpg 1030w, https:\/\/radiorevelacionfm.cl\/wp-content\/uploads\/2021\/08\/SeremiMDSyTrabPrev_Sence-1-768x342.jpg 768w, https:\/\/radiorevelacionfm.cl\/wp-content\/uploads\/2021\/08\/SeremiMDSyTrabPrev_Sence-1-705x314.jpg 705w, https:\/\/radiorevelacionfm.cl\/wp-content\/uploads\/2021\/08\/SeremiMDSyTrabPrev_Sence-1-600x267.jpg 600w\" sizes=\"(max-width: 1239px) 100vw, 1239px\" \/><\/div><\/div><\/div><\/div><div class=\"flex_column av_one_full  flex_column_div av-zero-column-padding first  avia-builder-el-2  el_after_av_one_full  el_before_av_one_full  column-top-margin\" style='border-radius:0px; '><section class=\"av_textblock_section \"  itemscope=\"itemscope\" itemtype=\"https:\/\/schema.org\/BlogPosting\" itemprop=\"blogPost\" ><div class='avia_textblock  '   itemprop=\"text\" ><p style=\"text-align: center;\"><strong><span style=\"font-size: 18pt;\">Conoce el IFE Laboral y extensi\u00f3n del IFE Universal para ampliar la Red de Protecci\u00f3n Social<\/span><\/strong><\/p>\n<div id=\"gtx-trans\" style=\"position: absolute; left: -50px; top: 4.31534px;\">\n<div class=\"gtx-trans-icon\"><\/div>\n<\/div>\n<\/div><\/section><\/div><div class=\"flex_column av_one_full  flex_column_div av-zero-column-padding first  avia-builder-el-4  el_after_av_one_full  el_before_av_hr  column-top-margin\" style='border-radius:0px; '><section class=\"av_textblock_section \"  itemscope=\"itemscope\" itemtype=\"https:\/\/schema.org\/BlogPosting\" itemprop=\"blogPost\" ><div class='avia_textblock  '   itemprop=\"text\" ><div>\n<p style=\"text-align: justify;\">Esta semana se anunci\u00f3 por parte del Gobierno la ampliaci\u00f3n de la Red de Protecci\u00f3n Social, a trav\u00e9s de dos medidas: la extensi\u00f3n del Ingreso Familiar de Emergencia, IFE Universal, por los meses de octubre y de noviembre y la creaci\u00f3n de un nuevo instrumento que busca impulsar la b\u00fasqueda de un trabajo formal.<\/p>\n<p style=\"text-align: justify;\">Las autoridades regionales del \u00e1rea, la Seremi Andrea Ponce de Trabajo y Previsi\u00f3n Social y el Seremi Marcelo J\u00e9lvez, de Desarrollo Social y Familia, junto a la Directora Regional de Sence, Katherine Kingma, explicaron los detalles de ambas medidas.<\/p>\n<p style=\"text-align: justify;\">\u00abSin lugar a duda, la extensi\u00f3n del IFE Universal es una respuesta para seguir apoyando a las familias del pa\u00eds que necesitan de este aporte econ\u00f3mico para enfrentar las consecuencias producto de la contingencia sanitaria. Asimismo, le damos una tranquilidad a millones de hogares para afrontar los meses que vienen y, en el caso de la Regi\u00f3n de Ays\u00e9n, el Ingreso Familiar de Emergencia tiene una cobertura actual de 44 mil 396 hogares lo que representa 95 mil 497 habitantes\u00bb, afirm\u00f3 el titular de Desarrollo Social y Familia.<u><\/u><\/p>\n<p style=\"text-align: justify;\">Por su parte, la Seremi Andrea Ponce, se refiri\u00f3 al nuevo IFE Laboral, \u00abComo Ministerio de Trabajo y Previsi\u00f3n Social tenemos una gran noticia: el anuncio del nuevo IFE Laboral, que viene a apoyar directamente el bolsillo de los trabajadores y trabajadoras que encuentren un trabajo a partir de agosto. El IFE Laboral busca incentivar el trabajo formal, el esfuerzo de contratarse con una ayuda del Estado y les permitir\u00e1 a los trabajadores tener un ingreso m\u00e1s alto. Hacemos un llamado a aprovechar las oportunidades laborales que hoy d\u00eda se est\u00e1n entregando, los invitamos a acercarse a las Oficinas Municipales de Intermediaci\u00f3n Laboral, OMIL, que est\u00e1n desarrollando un trabajo coordinado con Sence y las empresas privadas, participando como puentes para difundir las ofertas de trabajo. En nuestra Regi\u00f3n de Ays\u00e9n, se requiere mano de obra en el sector pesca y acu\u00edcola, en el comercio, en la construcci\u00f3n, principalmente y en los restoranes y en el sector turismo que se est\u00e1 reactivando\u00bb.<\/p>\n<p style=\"text-align: justify;\">\u00abEl IFE Laboral reemplazar\u00e1 al Subsidio Al Nuevo Empleo, con montos m\u00e1s altos, para todos quienes tengan un nuevo contrato desde agosto, con una renta hasta de $1.011.000 bruto, lo que equivale a 3 ingresos m\u00ednimos mensuales, y con mayor monto para mujeres, personas con discapacidad y j\u00f3venes hasta 24 a\u00f1os. Esta medida viene a complementar el Ingreso Familiar de Emergencia, IFE Universal, que los trabajadores podr\u00e1n seguir recibiendo y es compatible con el Subsidio Protege que entrega un subsidio a todas las madres o cuidadores legales de ni\u00f1@s menores de 2 a\u00f1os para pagar un jard\u00edn infantil privado o contratar a alguien que cuide a su hijo o hija. Adem\u00e1s, recordamos que es compatible al Subsidio Contrata, siendo \u00e9ste \u00faltimo para incentivar la contrataci\u00f3n por parte de las empresas. Les pedimos que se informen y postulen en\u00a0<a href=\"http:\/\/www.subsidioalempleo.cl\/\" target=\"_blank\" rel=\"noopener noreferrer\">www.subsidioalempleo.cl<\/a>\u00ab, a\u00f1adi\u00f3 la Seremi Andrea Ponce.<\/p>\n<p style=\"text-align: justify;\">Con respecto a la compatibilidad del IFE Laboral con el IFE Universal, el Seremi Marcelo J\u00e9lvez llam\u00f3 a la tranquilidad a los trabajadores y trabajadoras que tengan un nuevo contrato, manifestando que seguir\u00e1n recibiendo el Ingreso M\u00ednimo de Emergencia y explic\u00f3 que \u00ablo importante de estas noticias, es que todos los beneficios que robustecen nuestra Red de Protecci\u00f3n Social son compatibles, por eso si usted cuenta con el IFE Universal y encuentra trabajo seguir\u00e1 manteniendo este aporte econ\u00f3mico y, a la vez, podr\u00e1 postular al IFE laboral. La idea central, es seguir apoyando a las familias e incentivar el empleo que se ha visto muy afectado por la pandemia\u00bb.<\/p>\n<p style=\"text-align: justify;\"><b><u>Postulaciones a IFE Laboral y al IFE Universal<\/u><\/b><\/p>\n<p style=\"text-align: justify;\">Quienes est\u00e9n recibiendo el IFE Universal, no deben realizar ning\u00fan tr\u00e1mite extra. Quienes deseen recibirlo, pueden postular en <a href=\"http:\/\/www.ingresodeemergencia.cl\/\" target=\"_blank\" rel=\"noopener noreferrer\">www.ingresodeemergencia.cl<\/a>, teniendo en cuenta que deben tener su registro Social de Hogares al d\u00eda, o al menos, haber iniciado el tr\u00e1mite para obtenerlo, el cual se solicita en el sitio web\u00a0<a href=\"http:\/\/www.registrosocial.gob.cl\/\" target=\"_blank\" rel=\"noopener noreferrer\">www.registrosocial.gob.cl<\/a>.<\/p>\n<p style=\"text-align: justify;\">El Servicio Nacional de Capacitaci\u00f3n y Empleo, Sence, es la instituci\u00f3n que ejecuta los Subsidios al Empleo. Su directora regional, Katherine Kingma, coment\u00f3 c\u00f3mo operar\u00e1 este nuevo IFE Laboral.<\/p>\n<p style=\"text-align: justify;\">El beneficio ser\u00e1 diferenciado, entregando un mayor aporte a mujeres y grupos prioritarios. \u00abEste nuevo IFE Laboral baja a trav\u00e9s de la l\u00ednea de los Subsidios al Empleo y quiere apoyar a grupos prioritarios que han sido m\u00e1s afectados en la pandemia de Covid 19. Este es un subsidio que se entregar\u00e1 al mes siguiente de la postulaci\u00f3n, en la cuenta corriente \u2013personal- que inscriba el trabajador o trabajadora. Para mujeres, j\u00f3venes -de entre 18 y 24 a\u00f1os-, personas con discapacidad y pensionados por invalidez, es el 60% de la remuneraci\u00f3n bruta mensual, con tope de $250 mil mensuales. En el caso de hombres, es de un 50% de la remuneraci\u00f3n bruta mensual, con tope de $200 mil mensuales\u00bb, afirm\u00f3 Katherine Kingma.<\/p>\n<p style=\"text-align: justify;\">Sobre las postulaciones de este mes de agosto y sobre quienes est\u00e1n actualmente recibiendo el Subsidio al Nuevo Empleo, la directora aclar\u00f3, \u00abQuienes actualmente est\u00e1n recibiendo el Subsidio al Empleo l\u00ednea Nuevo Empleo, aumentar\u00e1 autom\u00e1ticamente el monto despu\u00e9s de septiembre, con el beneficio del IFE Laboral, pasando de recibir $50 mil en el caso de los hombres a $200 mil y de $70 mil a $250 mil en el caso de mujeres, personas con discapacidad y j\u00f3venes. Para quienes encuentren trabajo durante agosto, pueden postular de inmediato al Subsidio al Nuevo Empleo, recibiendo los montos que mencion\u00e9 y luego aument\u00e1ndolos en septiembre o puede postular en septiembre directamente al IFE Laboral. Todas las postulaciones y sus requisitos, se pueden revisar en\u00a0<a href=\"http:\/\/www.subsidioalempleo.cl\/\" target=\"_blank\" rel=\"noopener noreferrer\">www.subsidioalempleo.cl<\/a>\u00ab.<\/p>\n<p style=\"text-align: justify;\">Al IFE Laboral pueden postular los y las trabajadores que tengan un nuevo empleo en agosto, con un contrato con C\u00f3digo del Trabajo, por obra, faena, indefinido, por temporada o part-time y contempla como requisitos una primera cotizaci\u00f3n del mes de septiembre.<\/p>\n<\/div>\n<div style=\"text-align: justify;\"><\/div>\n<\/div><\/section><\/div><div  style='height:50px' class='hr hr-invisible   avia-builder-el-6  el_after_av_one_full  el_before_av_social_share '><span class='hr-inner ' ><span class='hr-inner-style'><\/span><\/span><\/div><\/p>\n<div  class='av-social-sharing-box  avia-builder-el-7  el_after_av_hr  el_before_av_hr  '><div class='av-share-box'><h5 class='av-share-link-description av-no-toc '>Compartir esta noticia<\/h5><ul class='av-share-box-list noLightbox'><li class='av-share-link av-social-link-facebook' ><a target=\"_blank\" aria-label=\"Compartir en Facebook\" href='https:\/\/www.facebook.com\/sharer.php?u=https:\/\/radiorevelacionfm.cl\/?p=7476&#038;t=Conoce%20el%20IFE%20Laboral%20y%20extensi%C3%B3n%20del%20IFE%20Universal%20para%20ampliar%20la%20Red%20de%20Protecci%C3%B3n%20Social' aria-hidden='false' data-av_icon='\ue8f3' data-av_iconfont='entypo-fontello' title='' data-avia-related-tooltip='Compartir en Facebook' rel=\"noopener\"><span class='avia_hidden_link_text'>Compartir en Facebook<\/span><\/a><\/li><li class='av-share-link av-social-link-twitter' ><a target=\"_blank\" aria-label=\"Compartir en Twitter\" href='https:\/\/twitter.com\/share?text=Conoce%20el%20IFE%20Laboral%20y%20extensi%C3%B3n%20del%20IFE%20Universal%20para%20ampliar%20la%20Red%20de%20Protecci%C3%B3n%20Social&#038;url=https:\/\/radiorevelacionfm.cl\/?p=7476' aria-hidden='false' data-av_icon='\ue8f1' data-av_iconfont='entypo-fontello' title='' data-avia-related-tooltip='Compartir en Twitter' rel=\"noopener\"><span class='avia_hidden_link_text'>Compartir en Twitter<\/span><\/a><\/li><li class='av-share-link av-social-link-whatsapp' ><a target=\"_blank\" aria-label=\"Compartir en Whatsapp\" href='https:\/\/api.whatsapp.com\/send?text=https:\/\/radiorevelacionfm.cl\/?p=7476' aria-hidden='false' data-av_icon='\uf232' data-av_iconfont='entypo-fontello' title='' data-avia-related-tooltip='Compartir en Whatsapp' rel=\"noopener\"><span class='avia_hidden_link_text'>Compartir en Whatsapp<\/span><\/a><\/li><li class='av-share-link av-social-link-linkedin' ><a target=\"_blank\" aria-label=\"Compartir en LinkedIn\" href='https:\/\/linkedin.com\/shareArticle?mini=true&#038;title=Conoce%20el%20IFE%20Laboral%20y%20extensi%C3%B3n%20del%20IFE%20Universal%20para%20ampliar%20la%20Red%20de%20Protecci%C3%B3n%20Social&#038;url=https:\/\/radiorevelacionfm.cl\/?p=7476' aria-hidden='false' data-av_icon='\ue8fc' data-av_iconfont='entypo-fontello' title='' data-avia-related-tooltip='Compartir en LinkedIn' rel=\"noopener\"><span class='avia_hidden_link_text'>Compartir en LinkedIn<\/span><\/a><\/li><li class='av-share-link av-social-link-mail' ><a  aria-label=\"Compartir por correo\" href='mailto:?subject=Conoce%20el%20IFE%20Laboral%20y%20extensi%C3%B3n%20del%20IFE%20Universal%20para%20ampliar%20la%20Red%20de%20Protecci%C3%B3n%20Social&#038;body=https:\/\/radiorevelacionfm.cl\/?p=7476' aria-hidden='false' data-av_icon='\ue805' data-av_iconfont='entypo-fontello' title='' data-avia-related-tooltip='Compartir por correo'><span class='avia_hidden_link_text'>Compartir por correo<\/span><\/a><\/li><\/ul><\/div><\/div>\n<div  style='height:50px' class='hr hr-invisible   avia-builder-el-8  el_after_av_social_share  el_before_av_comments_list '><span class='hr-inner ' ><span class='hr-inner-style'><\/span><\/span><\/div>\n<div  class='av-buildercomment  av-blog-meta-html-info-disabled av-blog-meta-tag-disabled  '><\/div>\n","protected":false},"excerpt":{"rendered":"","protected":false},"author":1,"featured_media":7477,"comment_status":"open","ping_status":"open","sticky":false,"template":"","format":"standard","meta":{"footnotes":""},"categories":[37],"tags":[],"class_list":["post-7476","post","type-post","status-publish","format-standard","has-post-thumbnail","hentry","category-economia"],"jetpack_featured_media_url":"https:\/\/radiorevelacionfm.cl\/wp-content\/uploads\/2021\/08\/SeremiMDSyTrabPrev_Sence-1.jpg","_links":{"self":[{"href":"https:\/\/radiorevelacionfm.cl\/index.php?rest_route=\/wp\/v2\/posts\/7476","targetHints":{"allow":["GET"]}}],"collection":[{"href":"https:\/\/radiorevelacionfm.cl\/index.php?rest_route=\/wp\/v2\/posts"}],"about":[{"href":"https:\/\/radiorevelacionfm.cl\/index.php?rest_route=\/wp\/v2\/types\/post"}],"author":[{"embeddable":true,"href":"https:\/\/radiorevelacionfm.cl\/index.php?rest_route=\/wp\/v2\/users\/1"}],"replies":[{"embeddable":true,"href":"https:\/\/radiorevelacionfm.cl\/index.php?rest_route=%2Fwp%2Fv2%2Fcomments&post=7476"}],"version-history":[{"count":1,"href":"https:\/\/radiorevelacionfm.cl\/index.php?rest_route=\/wp\/v2\/posts\/7476\/revisions"}],"predecessor-version":[{"id":7478,"href":"https:\/\/radiorevelacionfm.cl\/index.php?rest_route=\/wp\/v2\/posts\/7476\/revisions\/7478"}],"wp:featuredmedia":[{"embeddable":true,"href":"https:\/\/radiorevelacionfm.cl\/index.php?rest_route=\/wp\/v2\/media\/7477"}],"wp:attachment":[{"href":"https:\/\/radiorevelacionfm.cl\/index.php?rest_route=%2Fwp%2Fv2%2Fmedia&parent=7476"}],"wp:term":[{"taxonomy":"category","embeddable":true,"href":"https:\/\/radiorevelacionfm.cl\/index.php?rest_route=%2Fwp%2Fv2%2Fcategories&post=7476"},{"taxonomy":"post_tag","embeddable":true,"href":"https:\/\/radiorevelacionfm.cl\/index.php?rest_route=%2Fwp%2Fv2%2Ftags&post=7476"}],"curies":[{"name":"wp","href":"https:\/\/api.w.org\/{rel}","templated":true}]}}