{"id":7473,"date":"2021-08-15T16:24:04","date_gmt":"2021-08-15T19:24:04","guid":{"rendered":"https:\/\/radiorevelacionfm.cl\/?p=7473"},"modified":"2021-08-15T16:24:04","modified_gmt":"2021-08-15T19:24:04","slug":"en-villa-los-torreones-entregan-set-infantiles-con-proyecto-2-cultura-del-gobierno-regional-de-aysen","status":"publish","type":"post","link":"https:\/\/radiorevelacionfm.cl\/?p=7473","title":{"rendered":"En Villa Los Torreones entregan set infantiles con proyecto 2% cultura del Gobierno Regional de Ays\u00e9n"},"content":{"rendered":"<div class=\"flex_column av_one_full  flex_column_div av-zero-column-padding first  avia-builder-el-0  el_before_av_one_full  avia-builder-el-first  \" style='border-radius:0px; '><div  class='avia-image-container  av-styling-    avia-builder-el-1  avia-builder-el-no-sibling  avia-align-center '  itemprop=\"image\" itemscope=\"itemscope\" itemtype=\"https:\/\/schema.org\/ImageObject\"  ><div class='avia-image-container-inner'><div class='avia-image-overlay-wrap'><img decoding=\"async\" class='wp-image-7474 avia-img-lazy-loading-not-7474 avia_image' src=\"https:\/\/radiorevelacionfm.cl\/wp-content\/uploads\/2021\/08\/Entrega-Set-1.jpg\" alt='' title='Entrega Set (1)' height=\"461\" width=\"771\"  itemprop=\"thumbnailUrl\" srcset=\"https:\/\/radiorevelacionfm.cl\/wp-content\/uploads\/2021\/08\/Entrega-Set-1.jpg 771w, https:\/\/radiorevelacionfm.cl\/wp-content\/uploads\/2021\/08\/Entrega-Set-1-300x179.jpg 300w, https:\/\/radiorevelacionfm.cl\/wp-content\/uploads\/2021\/08\/Entrega-Set-1-768x459.jpg 768w, https:\/\/radiorevelacionfm.cl\/wp-content\/uploads\/2021\/08\/Entrega-Set-1-705x422.jpg 705w, https:\/\/radiorevelacionfm.cl\/wp-content\/uploads\/2021\/08\/Entrega-Set-1-600x359.jpg 600w\" sizes=\"(max-width: 771px) 100vw, 771px\" \/><\/div><\/div><\/div><\/div><div class=\"flex_column av_one_full  flex_column_div av-zero-column-padding first  avia-builder-el-2  el_after_av_one_full  el_before_av_one_full  column-top-margin\" style='border-radius:0px; '><section class=\"av_textblock_section \"  itemscope=\"itemscope\" itemtype=\"https:\/\/schema.org\/BlogPosting\" itemprop=\"blogPost\" ><div class='avia_textblock  '   itemprop=\"text\" ><p style=\"text-align: center;\"><strong><span style=\"font-size: 18pt;\">En Villa Los Torreones entregan set infantiles con proyecto 2% cultura del Gobierno Regional de Ays\u00e9n<\/span><\/strong><\/p>\n<div id=\"gtx-trans\" style=\"position: absolute; left: -50px; top: 4.31534px;\">\n<div class=\"gtx-trans-icon\"><\/div>\n<\/div>\n<\/div><\/section><\/div><div class=\"flex_column av_one_full  flex_column_div av-zero-column-padding first  avia-builder-el-4  el_after_av_one_full  el_before_av_hr  column-top-margin\" style='border-radius:0px; '><section class=\"av_textblock_section \"  itemscope=\"itemscope\" itemtype=\"https:\/\/schema.org\/BlogPosting\" itemprop=\"blogPost\" ><div class='avia_textblock  '   itemprop=\"text\" ><p class=\"v1MsoNormal\" style=\"text-align: justify;\">En Villa Los Torreones, comuna de Ays\u00e9n, se materializ\u00f3 la entrega de un nuevo set de conjuntos art\u00edsticos infantiles, como resultado de un proyecto del Sindicato de Trabajadoras Eventuales de la Producci\u00f3n, financiado con los Fondos de Cultura del Gobierno Regional.<\/p>\n<p class=\"v1MsoNormal\" style=\"text-align: justify;\">Mar\u00eda Eugenia Vargas, presidenta de la Junta de Vecinos N\u00b018 de Villa Los Torreones, valor\u00f3 la iniciativa orientada a ni\u00f1as y ni\u00f1os del sector, especialmente en per\u00edodo de pandemia, as\u00ed como la participaci\u00f3n que hubo en la actividad de entrega.<\/p>\n<p class=\"v1MsoNormal\" style=\"text-align: justify;\">\u00abFue un proyecto que se inici\u00f3 el a\u00f1o pasado, para tratar de sacar adelante este proyecto, que este a\u00f1o sali\u00f3 aprobado, para que los ni\u00f1os tengan su kit de magia, agradeciendo por esto que se est\u00e1 realizando con los ni\u00f1os de la villa\u00bb, destac\u00f3.<\/p>\n<p class=\"v1MsoNormal\" style=\"text-align: justify;\">El presidente de la comisi\u00f3n Social del Consejo Regional (CORE), Gustavo Villarroel, destac\u00f3 este tipo de iniciativas, pensadas para llegar a ni\u00f1as y ni\u00f1os con actividades de apoyo ante los cambios que ha significado la pandemia por covid-19.<\/p>\n<p class=\"v1MsoNormal\" style=\"text-align: justify;\">\u00abQue permiti\u00f3 a peque\u00f1os ni\u00f1os y ni\u00f1as de la localidad de Los Torreones, recibir un taller, una capacitaci\u00f3n, en artes circenses, magia y, adem\u00e1s, se les ha entregado una caja con elementos para que ellos puedan seguir desarrollando estas actividades\u00bb, destac\u00f3.<\/p>\n<p class=\"v1MsoNormal\" style=\"text-align: justify;\">Sebasti\u00e1n Lagos, profesor de Action Kids, explic\u00f3 que el set est\u00e1 desarrollado para generar alternativas de aprendizaje desde el hogar.<\/p>\n<p class=\"v1MsoNormal\" style=\"text-align: justify;\">\u00abEste kit es una peque\u00f1a cajita que trae dentro varios implementos de magia y malabares, con los cuales ni\u00f1os y ni\u00f1as van a poder aprender, incluso de forma remota, a trav\u00e9s de un video tutorial online, a utilizar estos implementos y acercar a la comunidad infantil a las \u00e1reas circenses\u00bb, se\u00f1al\u00f3.<\/p>\n<p class=\"v1MsoNormal\" style=\"text-align: justify;\">Esta misma entrega se concret\u00f3 en la sede del Sindicato de Trabajadoras Eventuales de la Producci\u00f3n en Coyhaique y continuar\u00e1 en Repollal, comuna de Guaitecas, alcanzando a cerca de cien ni\u00f1os de estos tres puntos de la regi\u00f3n.<\/p>\n<\/div><\/section><\/div><div  style='height:50px' class='hr hr-invisible   avia-builder-el-6  el_after_av_one_full  el_before_av_social_share '><span class='hr-inner ' ><span class='hr-inner-style'><\/span><\/span><\/div><\/p>\n<div  class='av-social-sharing-box  avia-builder-el-7  el_after_av_hr  el_before_av_hr  '><div class='av-share-box'><h5 class='av-share-link-description av-no-toc '>Compartir esta noticia<\/h5><ul class='av-share-box-list noLightbox'><li class='av-share-link av-social-link-facebook' ><a target=\"_blank\" aria-label=\"Compartir en Facebook\" href='https:\/\/www.facebook.com\/sharer.php?u=https:\/\/radiorevelacionfm.cl\/?p=7473&#038;t=En%20Villa%20Los%20Torreones%20entregan%20set%20infantiles%20con%20proyecto%202%25%20cultura%20del%20Gobierno%20Regional%20de%20Ays%C3%A9n' aria-hidden='false' data-av_icon='\ue8f3' data-av_iconfont='entypo-fontello' title='' data-avia-related-tooltip='Compartir en Facebook' rel=\"noopener\"><span class='avia_hidden_link_text'>Compartir en Facebook<\/span><\/a><\/li><li class='av-share-link av-social-link-twitter' ><a target=\"_blank\" aria-label=\"Compartir en Twitter\" href='https:\/\/twitter.com\/share?text=En%20Villa%20Los%20Torreones%20entregan%20set%20infantiles%20con%20proyecto%202%25%20cultura%20del%20Gobierno%20Regional%20de%20Ays%C3%A9n&#038;url=https:\/\/radiorevelacionfm.cl\/?p=7473' aria-hidden='false' data-av_icon='\ue8f1' data-av_iconfont='entypo-fontello' title='' data-avia-related-tooltip='Compartir en Twitter' rel=\"noopener\"><span class='avia_hidden_link_text'>Compartir en Twitter<\/span><\/a><\/li><li class='av-share-link av-social-link-whatsapp' ><a target=\"_blank\" aria-label=\"Compartir en Whatsapp\" href='https:\/\/api.whatsapp.com\/send?text=https:\/\/radiorevelacionfm.cl\/?p=7473' aria-hidden='false' data-av_icon='\uf232' data-av_iconfont='entypo-fontello' title='' data-avia-related-tooltip='Compartir en Whatsapp' rel=\"noopener\"><span class='avia_hidden_link_text'>Compartir en Whatsapp<\/span><\/a><\/li><li class='av-share-link av-social-link-linkedin' ><a target=\"_blank\" aria-label=\"Compartir en LinkedIn\" href='https:\/\/linkedin.com\/shareArticle?mini=true&#038;title=En%20Villa%20Los%20Torreones%20entregan%20set%20infantiles%20con%20proyecto%202%25%20cultura%20del%20Gobierno%20Regional%20de%20Ays%C3%A9n&#038;url=https:\/\/radiorevelacionfm.cl\/?p=7473' aria-hidden='false' data-av_icon='\ue8fc' data-av_iconfont='entypo-fontello' title='' data-avia-related-tooltip='Compartir en LinkedIn' rel=\"noopener\"><span class='avia_hidden_link_text'>Compartir en LinkedIn<\/span><\/a><\/li><li class='av-share-link av-social-link-mail' ><a  aria-label=\"Compartir por correo\" href='mailto:?subject=En%20Villa%20Los%20Torreones%20entregan%20set%20infantiles%20con%20proyecto%202%25%20cultura%20del%20Gobierno%20Regional%20de%20Ays%C3%A9n&#038;body=https:\/\/radiorevelacionfm.cl\/?p=7473' aria-hidden='false' data-av_icon='\ue805' data-av_iconfont='entypo-fontello' title='' data-avia-related-tooltip='Compartir por correo'><span class='avia_hidden_link_text'>Compartir por correo<\/span><\/a><\/li><\/ul><\/div><\/div>\n<div  style='height:50px' class='hr hr-invisible   avia-builder-el-8  el_after_av_social_share  el_before_av_comments_list '><span class='hr-inner ' ><span class='hr-inner-style'><\/span><\/span><\/div>\n<div  class='av-buildercomment  av-blog-meta-html-info-disabled av-blog-meta-tag-disabled  '><\/div>\n","protected":false},"excerpt":{"rendered":"","protected":false},"author":1,"featured_media":7474,"comment_status":"open","ping_status":"open","sticky":false,"template":"","format":"standard","meta":{"footnotes":""},"categories":[38],"tags":[],"class_list":["post-7473","post","type-post","status-publish","format-standard","has-post-thumbnail","hentry","category-regional"],"jetpack_featured_media_url":"https:\/\/radiorevelacionfm.cl\/wp-content\/uploads\/2021\/08\/Entrega-Set-1.jpg","_links":{"self":[{"href":"https:\/\/radiorevelacionfm.cl\/index.php?rest_route=\/wp\/v2\/posts\/7473","targetHints":{"allow":["GET"]}}],"collection":[{"href":"https:\/\/radiorevelacionfm.cl\/index.php?rest_route=\/wp\/v2\/posts"}],"about":[{"href":"https:\/\/radiorevelacionfm.cl\/index.php?rest_route=\/wp\/v2\/types\/post"}],"author":[{"embeddable":true,"href":"https:\/\/radiorevelacionfm.cl\/index.php?rest_route=\/wp\/v2\/users\/1"}],"replies":[{"embeddable":true,"href":"https:\/\/radiorevelacionfm.cl\/index.php?rest_route=%2Fwp%2Fv2%2Fcomments&post=7473"}],"version-history":[{"count":1,"href":"https:\/\/radiorevelacionfm.cl\/index.php?rest_route=\/wp\/v2\/posts\/7473\/revisions"}],"predecessor-version":[{"id":7475,"href":"https:\/\/radiorevelacionfm.cl\/index.php?rest_route=\/wp\/v2\/posts\/7473\/revisions\/7475"}],"wp:featuredmedia":[{"embeddable":true,"href":"https:\/\/radiorevelacionfm.cl\/index.php?rest_route=\/wp\/v2\/media\/7474"}],"wp:attachment":[{"href":"https:\/\/radiorevelacionfm.cl\/index.php?rest_route=%2Fwp%2Fv2%2Fmedia&parent=7473"}],"wp:term":[{"taxonomy":"category","embeddable":true,"href":"https:\/\/radiorevelacionfm.cl\/index.php?rest_route=%2Fwp%2Fv2%2Fcategories&post=7473"},{"taxonomy":"post_tag","embeddable":true,"href":"https:\/\/radiorevelacionfm.cl\/index.php?rest_route=%2Fwp%2Fv2%2Ftags&post=7473"}],"curies":[{"name":"wp","href":"https:\/\/api.w.org\/{rel}","templated":true}]}}