{"id":7470,"date":"2021-08-15T14:00:54","date_gmt":"2021-08-15T17:00:54","guid":{"rendered":"https:\/\/radiorevelacionfm.cl\/?p=7470"},"modified":"2021-08-15T14:00:54","modified_gmt":"2021-08-15T17:00:54","slug":"en-la-tapera-sesiono-concejo-para-priorizar-y-abordar-instancias-de-ayuda-a-familias-damnificadas-en-incendio","status":"publish","type":"post","link":"https:\/\/radiorevelacionfm.cl\/?p=7470","title":{"rendered":"En La Tapera sesion\u00f3 Concejo para priorizar y abordar instancias de ayuda a familias damnificadas en incendio"},"content":{"rendered":"<div class=\"flex_column av_one_full  flex_column_div av-zero-column-padding first  avia-builder-el-0  el_before_av_one_full  avia-builder-el-first  \" style='border-radius:0px; '><div  class='avia-image-container  av-styling-    avia-builder-el-1  avia-builder-el-no-sibling  avia-align-center '  itemprop=\"image\" itemscope=\"itemscope\" itemtype=\"https:\/\/schema.org\/ImageObject\"  ><div class='avia-image-container-inner'><div class='avia-image-overlay-wrap'><img decoding=\"async\" class='wp-image-7471 avia-img-lazy-loading-not-7471 avia_image' src=\"https:\/\/radiorevelacionfm.cl\/wp-content\/uploads\/2021\/08\/CONCEJO-EN-TAPERA-2-1-1.jpeg\" alt='' title='CONCEJO EN TAPERA 2 (1) (1)' height=\"600\" width=\"902\"  itemprop=\"thumbnailUrl\" srcset=\"https:\/\/radiorevelacionfm.cl\/wp-content\/uploads\/2021\/08\/CONCEJO-EN-TAPERA-2-1-1.jpeg 902w, https:\/\/radiorevelacionfm.cl\/wp-content\/uploads\/2021\/08\/CONCEJO-EN-TAPERA-2-1-1-300x200.jpeg 300w, https:\/\/radiorevelacionfm.cl\/wp-content\/uploads\/2021\/08\/CONCEJO-EN-TAPERA-2-1-1-768x511.jpeg 768w, https:\/\/radiorevelacionfm.cl\/wp-content\/uploads\/2021\/08\/CONCEJO-EN-TAPERA-2-1-1-705x469.jpeg 705w, https:\/\/radiorevelacionfm.cl\/wp-content\/uploads\/2021\/08\/CONCEJO-EN-TAPERA-2-1-1-600x399.jpeg 600w\" sizes=\"(max-width: 902px) 100vw, 902px\" \/><\/div><\/div><\/div><\/div><div class=\"flex_column av_one_full  flex_column_div av-zero-column-padding first  avia-builder-el-2  el_after_av_one_full  el_before_av_one_full  column-top-margin\" style='border-radius:0px; '><section class=\"av_textblock_section \"  itemscope=\"itemscope\" itemtype=\"https:\/\/schema.org\/BlogPosting\" itemprop=\"blogPost\" ><div class='avia_textblock  '   itemprop=\"text\" ><p style=\"text-align: center;\"><strong><span style=\"font-size: 18pt;\">En La Tapera sesion\u00f3 Concejo para priorizar y abordar instancias de ayuda a familias damnificadas en incendio<\/span><\/strong><\/p>\n<div id=\"gtx-trans\" style=\"position: absolute; left: -50px; top: 4.31534px;\">\n<div class=\"gtx-trans-icon\"><\/div>\n<\/div>\n<\/div><\/section><\/div><div class=\"flex_column av_one_full  flex_column_div av-zero-column-padding first  avia-builder-el-4  el_after_av_one_full  el_before_av_hr  column-top-margin\" style='border-radius:0px; '><section class=\"av_textblock_section \"  itemscope=\"itemscope\" itemtype=\"https:\/\/schema.org\/BlogPosting\" itemprop=\"blogPost\" ><div class='avia_textblock  '   itemprop=\"text\" ><p style=\"text-align: justify;\">Considerando el lamentable hecho que ocurri\u00f3 en Villa La Tapera, donde un incendio destruy\u00f3 dos viviendas, el Concejo Municipal de Lago Verde decidi\u00f3 sesionar en la localidad y dar prioridad a esta situaci\u00f3n que dej\u00f3 damnificadas a familias integradas por adultos mayores.<\/p>\n<p style=\"text-align: justify;\">El Alcalde Nelson Opazo, tuvo la posibilidad de reunirse con vecinos, dirigentes y tambi\u00e9n los afectados por el siniestro, relevando que, desde ocurrida la emergencia se han estado efectuando acciones de apoyo mediante la Municipalidad, sus departamentos y la Delegaci\u00f3n.<\/p>\n<p style=\"text-align: justify;\">\u201cMe reun\u00ed con las familias damnificadas producto del siniestro, posteriormente generamos algunas conversaciones con el presidente de la junta de vecinos, con algunos vecinos que tambi\u00e9n quieren aportar desde el punto de vista de sus trabajos, sus funciones, para apoyar a los vecinos afectados en este siniestro. Y la verdad es que, dentro de todo lo malo hubo cosas muy buenas especialmente de todos los vecinos de Villa La Tapera, como es de costumbre, muy solidarios, muy preocupados por lo que le pasa al otro. As\u00ed es que, en ese sentido fue una jornada fruct\u00edfera, sumada a una voluntad tremenda por parte del Concejo Municipal, en t\u00e9rminos de apoyar a trav\u00e9s de todos los medios posibles a las familias afectadas\u201d.<\/p>\n<p style=\"text-align: justify;\">El Alcalde Opazo, tambi\u00e9n relev\u00f3 las positivas gestiones con la Delegada Presidencial Regional, Margarita Ossa, con el objetivo de conseguir viviendas de emergencia para las familias damnificadas.<\/p>\n<p style=\"text-align: justify;\">\u201cCon respuestas bastante concretas por parte de la Delegada Presidencial Regional, en t\u00e9rminos de que pronto podemos tener noticias positivas en torno a lo que son las viviendas de emergencia, sumado al apoyo del Municipio esperamos poder construir e implementar una soluci\u00f3n digna para las familias afectadas. As\u00ed es que, fue una jornada muy provechosa sumada a la reuni\u00f3n de Concejo, que se desarroll\u00f3 con absoluta normalidad, con temas de alta relevancia plateados por los Concejales, con un esp\u00edritu de unidad que no me canso de alabar. Felicito sinceramente a los seis Concejales por esa mirada, esa visi\u00f3n de aportar, de construir\u201d.<\/p>\n<p style=\"text-align: justify;\">En tanto, el Concejal Flabio Reyes, destac\u00f3 que como cuerpo colegiado, hayan decidido dar prioridad a la emergencia vivida por dos familias de Tapera.<\/p>\n<p style=\"text-align: justify;\">\u201cLamentar profundamente el siniestro donde hab\u00edan adultos mayores que perdieron sus viviendas, por lo mismo, se dio prioridad a ese tema. El Alcalde ya hab\u00eda realizado gestiones a objetivo de conseguir una vivienda de emergencia, adem\u00e1s, se est\u00e1 realizando acciones comunicacionales a objeto de poder generar recursos financieros, ya que las familias perdieron la totalidad de sus enseres\u201d.<\/p>\n<p style=\"text-align: justify;\">El Concejo Municipal de Lago Verde, liderado por su Alcalde Nelson Opazo, tambi\u00e9n abord\u00f3 materias como el proyecto de fibra \u00f3ptica para Tapera y Lago Verde, la pr\u00f3xima temporada de turismo, entre otras instancias en beneficio de toda la comuna.<\/p>\n<\/div><\/section><\/div><div  style='height:50px' class='hr hr-invisible   avia-builder-el-6  el_after_av_one_full  el_before_av_social_share '><span class='hr-inner ' ><span class='hr-inner-style'><\/span><\/span><\/div><\/p>\n<div  class='av-social-sharing-box  avia-builder-el-7  el_after_av_hr  el_before_av_hr  '><div class='av-share-box'><h5 class='av-share-link-description av-no-toc '>Compartir esta noticia<\/h5><ul class='av-share-box-list noLightbox'><li class='av-share-link av-social-link-facebook' ><a target=\"_blank\" aria-label=\"Compartir en Facebook\" href='https:\/\/www.facebook.com\/sharer.php?u=https:\/\/radiorevelacionfm.cl\/?p=7470&#038;t=En%20La%20Tapera%20sesion%C3%B3%20Concejo%20para%20priorizar%20y%20abordar%20instancias%20de%20ayuda%20a%20familias%20damnificadas%20en%20incendio' aria-hidden='false' data-av_icon='\ue8f3' data-av_iconfont='entypo-fontello' title='' data-avia-related-tooltip='Compartir en Facebook' rel=\"noopener\"><span class='avia_hidden_link_text'>Compartir en Facebook<\/span><\/a><\/li><li class='av-share-link av-social-link-twitter' ><a target=\"_blank\" aria-label=\"Compartir en Twitter\" href='https:\/\/twitter.com\/share?text=En%20La%20Tapera%20sesion%C3%B3%20Concejo%20para%20priorizar%20y%20abordar%20instancias%20de%20ayuda%20a%20familias%20damnificadas%20en%20incendio&#038;url=https:\/\/radiorevelacionfm.cl\/?p=7470' aria-hidden='false' data-av_icon='\ue8f1' data-av_iconfont='entypo-fontello' title='' data-avia-related-tooltip='Compartir en Twitter' rel=\"noopener\"><span class='avia_hidden_link_text'>Compartir en Twitter<\/span><\/a><\/li><li class='av-share-link av-social-link-whatsapp' ><a target=\"_blank\" aria-label=\"Compartir en Whatsapp\" href='https:\/\/api.whatsapp.com\/send?text=https:\/\/radiorevelacionfm.cl\/?p=7470' aria-hidden='false' data-av_icon='\uf232' data-av_iconfont='entypo-fontello' title='' data-avia-related-tooltip='Compartir en Whatsapp' rel=\"noopener\"><span class='avia_hidden_link_text'>Compartir en Whatsapp<\/span><\/a><\/li><li class='av-share-link av-social-link-linkedin' ><a target=\"_blank\" aria-label=\"Compartir en LinkedIn\" href='https:\/\/linkedin.com\/shareArticle?mini=true&#038;title=En%20La%20Tapera%20sesion%C3%B3%20Concejo%20para%20priorizar%20y%20abordar%20instancias%20de%20ayuda%20a%20familias%20damnificadas%20en%20incendio&#038;url=https:\/\/radiorevelacionfm.cl\/?p=7470' aria-hidden='false' data-av_icon='\ue8fc' data-av_iconfont='entypo-fontello' title='' data-avia-related-tooltip='Compartir en LinkedIn' rel=\"noopener\"><span class='avia_hidden_link_text'>Compartir en LinkedIn<\/span><\/a><\/li><li class='av-share-link av-social-link-mail' ><a  aria-label=\"Compartir por correo\" href='mailto:?subject=En%20La%20Tapera%20sesion%C3%B3%20Concejo%20para%20priorizar%20y%20abordar%20instancias%20de%20ayuda%20a%20familias%20damnificadas%20en%20incendio&#038;body=https:\/\/radiorevelacionfm.cl\/?p=7470' aria-hidden='false' data-av_icon='\ue805' data-av_iconfont='entypo-fontello' title='' data-avia-related-tooltip='Compartir por correo'><span class='avia_hidden_link_text'>Compartir por correo<\/span><\/a><\/li><\/ul><\/div><\/div>\n<div  style='height:50px' class='hr hr-invisible   avia-builder-el-8  el_after_av_social_share  el_before_av_comments_list '><span class='hr-inner ' ><span class='hr-inner-style'><\/span><\/span><\/div>\n<div  class='av-buildercomment  av-blog-meta-html-info-disabled av-blog-meta-tag-disabled  '><\/div>\n","protected":false},"excerpt":{"rendered":"","protected":false},"author":1,"featured_media":7471,"comment_status":"open","ping_status":"open","sticky":false,"template":"","format":"standard","meta":{"footnotes":""},"categories":[38],"tags":[],"class_list":["post-7470","post","type-post","status-publish","format-standard","has-post-thumbnail","hentry","category-regional"],"jetpack_featured_media_url":"https:\/\/radiorevelacionfm.cl\/wp-content\/uploads\/2021\/08\/CONCEJO-EN-TAPERA-2-1-1.jpeg","_links":{"self":[{"href":"https:\/\/radiorevelacionfm.cl\/index.php?rest_route=\/wp\/v2\/posts\/7470","targetHints":{"allow":["GET"]}}],"collection":[{"href":"https:\/\/radiorevelacionfm.cl\/index.php?rest_route=\/wp\/v2\/posts"}],"about":[{"href":"https:\/\/radiorevelacionfm.cl\/index.php?rest_route=\/wp\/v2\/types\/post"}],"author":[{"embeddable":true,"href":"https:\/\/radiorevelacionfm.cl\/index.php?rest_route=\/wp\/v2\/users\/1"}],"replies":[{"embeddable":true,"href":"https:\/\/radiorevelacionfm.cl\/index.php?rest_route=%2Fwp%2Fv2%2Fcomments&post=7470"}],"version-history":[{"count":1,"href":"https:\/\/radiorevelacionfm.cl\/index.php?rest_route=\/wp\/v2\/posts\/7470\/revisions"}],"predecessor-version":[{"id":7472,"href":"https:\/\/radiorevelacionfm.cl\/index.php?rest_route=\/wp\/v2\/posts\/7470\/revisions\/7472"}],"wp:featuredmedia":[{"embeddable":true,"href":"https:\/\/radiorevelacionfm.cl\/index.php?rest_route=\/wp\/v2\/media\/7471"}],"wp:attachment":[{"href":"https:\/\/radiorevelacionfm.cl\/index.php?rest_route=%2Fwp%2Fv2%2Fmedia&parent=7470"}],"wp:term":[{"taxonomy":"category","embeddable":true,"href":"https:\/\/radiorevelacionfm.cl\/index.php?rest_route=%2Fwp%2Fv2%2Fcategories&post=7470"},{"taxonomy":"post_tag","embeddable":true,"href":"https:\/\/radiorevelacionfm.cl\/index.php?rest_route=%2Fwp%2Fv2%2Ftags&post=7470"}],"curies":[{"name":"wp","href":"https:\/\/api.w.org\/{rel}","templated":true}]}}