{"id":7466,"date":"2021-08-15T14:22:08","date_gmt":"2021-08-15T17:22:08","guid":{"rendered":"https:\/\/radiorevelacionfm.cl\/?p=7466"},"modified":"2021-08-15T14:22:08","modified_gmt":"2021-08-15T17:22:08","slug":"senador-sandoval-solicita-se-ponga-en-marcha-plan-de-normalizacion-de-residencias-informales-de-adultos-mayores","status":"publish","type":"post","link":"https:\/\/radiorevelacionfm.cl\/?p=7466","title":{"rendered":"Senador Sandoval solicita se ponga en marcha plan de normalizaci\u00f3n de residencias informales de adultos mayores"},"content":{"rendered":"<div class=\"flex_column av_one_full  flex_column_div av-zero-column-padding first  avia-builder-el-0  el_before_av_one_full  avia-builder-el-first  \" style='border-radius:0px; '><div  class='avia-image-container  av-styling-    avia-builder-el-1  avia-builder-el-no-sibling  avia-align-center '  itemprop=\"image\" itemscope=\"itemscope\" itemtype=\"https:\/\/schema.org\/ImageObject\"  ><div class='avia-image-container-inner'><div class='avia-image-overlay-wrap'><img decoding=\"async\" class='wp-image-7468 avia-img-lazy-loading-not-7468 avia_image' src=\"https:\/\/radiorevelacionfm.cl\/wp-content\/uploads\/2021\/08\/sandoval-1_optimized.jpeg\" alt='' title='sandoval-(1)_optimized' height=\"600\" width=\"1218\"  itemprop=\"thumbnailUrl\" srcset=\"https:\/\/radiorevelacionfm.cl\/wp-content\/uploads\/2021\/08\/sandoval-1_optimized.jpeg 1218w, https:\/\/radiorevelacionfm.cl\/wp-content\/uploads\/2021\/08\/sandoval-1_optimized-300x148.jpeg 300w, https:\/\/radiorevelacionfm.cl\/wp-content\/uploads\/2021\/08\/sandoval-1_optimized-1030x507.jpeg 1030w, https:\/\/radiorevelacionfm.cl\/wp-content\/uploads\/2021\/08\/sandoval-1_optimized-768x378.jpeg 768w, https:\/\/radiorevelacionfm.cl\/wp-content\/uploads\/2021\/08\/sandoval-1_optimized-705x347.jpeg 705w, https:\/\/radiorevelacionfm.cl\/wp-content\/uploads\/2021\/08\/sandoval-1_optimized-600x296.jpeg 600w\" sizes=\"(max-width: 1218px) 100vw, 1218px\" \/><\/div><\/div><\/div><\/div><div class=\"flex_column av_one_full  flex_column_div av-zero-column-padding first  avia-builder-el-2  el_after_av_one_full  el_before_av_one_full  column-top-margin\" style='border-radius:0px; '><section class=\"av_textblock_section \"  itemscope=\"itemscope\" itemtype=\"https:\/\/schema.org\/BlogPosting\" itemprop=\"blogPost\" ><div class='avia_textblock  '   itemprop=\"text\" ><p style=\"text-align: center;\"><strong><span style=\"font-size: 18pt;\">Senador Sandoval solicita se ponga en marcha plan de normalizaci\u00f3n de residencias informales de adultos mayores<\/span><\/strong><\/p>\n<div id=\"gtx-trans\" style=\"position: absolute; left: -50px; top: 4.31534px;\">\n<div class=\"gtx-trans-icon\"><\/div>\n<\/div>\n<\/div><\/section><\/div><div class=\"flex_column av_one_full  flex_column_div av-zero-column-padding first  avia-builder-el-4  el_after_av_one_full  el_before_av_hr  column-top-margin\" style='border-radius:0px; '><section class=\"av_textblock_section \"  itemscope=\"itemscope\" itemtype=\"https:\/\/schema.org\/BlogPosting\" itemprop=\"blogPost\" ><div class='avia_textblock  '   itemprop=\"text\" ><p style=\"text-align: justify;\">El senador David Sandoval, solicit\u00f3 al Gobierno la elaboraci\u00f3n de un catastro actualizado de aquellas residencias de personas mayores, tanto formales e informales que se encuentran funcionando en el pa\u00eds, lo cual fue respaldado transversalmente por la C\u00e1mara Alta.<\/p>\n<p style=\"text-align: justify;\">Lo anterior fue fundamentado a trav\u00e9s de un proyecto de acuerdo del parlamentario, apoyado transversalmente por senadores y senadoras de todas las bancadas, en el cual tambi\u00e9n solicita ejecutar un programa de normalizaci\u00f3n de residencias informales de personas mayores, solo en aquellos casos que no cumplan con la normativa vigente en aspectos m\u00ednimos que puedan ser factible y prontamente corregidos, \u201cy que les permita adecuarse a la legislaci\u00f3n nacional vigente\u201d.<\/p>\n<p style=\"text-align: justify;\">Para el legislador esto es relevante, ya que la institucionalizaci\u00f3n de las personas mayores solo es la punta del iceberg que no da soluci\u00f3n a una gran problem\u00e1tica social a nivel nacional, pues son miles de adultos mayores que se encuentran en la absoluta indefensi\u00f3n, ya sea en sus propios domicilios como en establecimientos o casas de acogida clandestinas, que no poseen las condiciones m\u00ednimas de salubridad ni infraestructura que permita su adecuada atenci\u00f3n, poniendo en riesgo su integridad f\u00edsica y mental. \u201cEsto se manifiesta en la multiplicidad de situaciones conocidas a lo largo del pa\u00eds que cada a\u00f1o revelan casos de maltrato, abuso y vulneraci\u00f3n de derechos de adultos mayores que habitan irregularmente establecimientos que incumplen las normas exigidas tanto por el ordenamiento jur\u00eddico interno como internacional\u201d, precis\u00f3.<\/p>\n<p style=\"text-align: justify;\">En esa l\u00ednea, tambi\u00e9n pidi\u00f3 expresamente revisar el Decreto 14 del a\u00f1o 2010, que establece el Reglamento de Establecimientos de Larga Estad\u00eda para Adultos Mayores (ELEAM) y determinar si se adecua a los est\u00e1ndares m\u00ednimos nacionales e internacionales para albergar a personas mayores. \u201cP\u00fablicamente se han dado a conocer situaciones que hacen cuestionar si las residencias a lo largo del pa\u00eds cumplen con los est\u00e1ndares m\u00ednimos para albergar a las personas mayores o si los requisitos exigidos por el Decreto 14 del a\u00f1o 2010 que establece el Reglamento de Establecimientos de Larga Estad\u00eda son id\u00f3neos a objeto de evitar lamentables casos como el ocurrido (hace algunos d\u00edas atr\u00e1s) en la comuna de San Felipe, en donde un incendio dej\u00f3 a seis personas mayores fallecidas\u201d, recalc\u00f3.<\/p>\n<p style=\"text-align: justify;\">Por todo esto, es que se consider\u00f3 de la mayor importancia el hacerse cargo de esta problem\u00e1tica de las residencias informales, en donde actualmente existen muchas personas mayores con la imposibilidad de ser identificadas y tratadas oportunamente. \u201cEs as\u00ed que el presente proyecto, viene a solicitar se lleve a cabo un catastro y a la vez un programa de regularizaci\u00f3n en aquellos aspectos normativos que puedan ser factiblemente revisados, a fin de crear las mejores condiciones para enfrentar la pandemia y en general las condiciones de dignidad humana en que se ven insertas las personas mayores en nuestro pa\u00eds\u201d, subray\u00f3.<\/p>\n<p style=\"text-align: justify;\">Cabe se\u00f1alar que el Servicio Nacional de Adulto Mayor (Senama) actualmente cuenta con 12 Establecimientos de Larga Estad\u00eda (ELEAM) en funcionamiento a lo largo del pa\u00eds, que son administrados por municipios o fundaciones sin fines de lucro. Actualmente en nuestro pa\u00eds hay aproximadamente 630 adultos mayores institucionalizados en los ELEAM reconocidos formalmente.<\/p>\n<p style=\"text-align: justify;\">Finalmente, seg\u00fan datos del Instituto Nacional de Estad\u00edsticas (INE) se proyecta que el envejecimiento en Chile continuar\u00e1 acelerado y acentuado, ya que mientras en 1992 la poblaci\u00f3n de 65 a\u00f1os o m\u00e1s la constitu\u00edan alrededor de 860 mil personas, para el a\u00f1o 2050 est\u00e1 ser\u00e1 de m\u00e1s de 5 millones, formando casi un 28% de la poblaci\u00f3n nacional.<\/p>\n<p style=\"text-align: justify;\">Cabe se\u00f1alar que esta iniciativa tambi\u00e9n se da en momentos en que se est\u00e1 tramitando la Ley integral de las personas adultas mayores y de promoci\u00f3n del envejecimiento positivo, la cual contin\u00faa con su an\u00e1lisis en la comisi\u00f3n del Adulto Mayor en el Senado.<\/p>\n<\/div><\/section><\/div><div  style='height:50px' class='hr hr-invisible   avia-builder-el-6  el_after_av_one_full  el_before_av_social_share '><span class='hr-inner ' ><span class='hr-inner-style'><\/span><\/span><\/div><\/p>\n<div  class='av-social-sharing-box  avia-builder-el-7  el_after_av_hr  el_before_av_hr  '><div class='av-share-box'><h5 class='av-share-link-description av-no-toc '>Compartir esta noticia<\/h5><ul class='av-share-box-list noLightbox'><li class='av-share-link av-social-link-facebook' ><a target=\"_blank\" aria-label=\"Compartir en Facebook\" href='https:\/\/www.facebook.com\/sharer.php?u=https:\/\/radiorevelacionfm.cl\/?p=7466&#038;t=Senador%20Sandoval%20solicita%20se%20ponga%20en%20marcha%20plan%20de%20normalizaci%C3%B3n%20de%20residencias%20informales%20de%20adultos%20mayores' aria-hidden='false' data-av_icon='\ue8f3' data-av_iconfont='entypo-fontello' title='' data-avia-related-tooltip='Compartir en Facebook' rel=\"noopener\"><span class='avia_hidden_link_text'>Compartir en Facebook<\/span><\/a><\/li><li class='av-share-link av-social-link-twitter' ><a target=\"_blank\" aria-label=\"Compartir en Twitter\" href='https:\/\/twitter.com\/share?text=Senador%20Sandoval%20solicita%20se%20ponga%20en%20marcha%20plan%20de%20normalizaci%C3%B3n%20de%20residencias%20informales%20de%20adultos%20mayores&#038;url=https:\/\/radiorevelacionfm.cl\/?p=7466' aria-hidden='false' data-av_icon='\ue8f1' data-av_iconfont='entypo-fontello' title='' data-avia-related-tooltip='Compartir en Twitter' rel=\"noopener\"><span class='avia_hidden_link_text'>Compartir en Twitter<\/span><\/a><\/li><li class='av-share-link av-social-link-whatsapp' ><a target=\"_blank\" aria-label=\"Compartir en Whatsapp\" href='https:\/\/api.whatsapp.com\/send?text=https:\/\/radiorevelacionfm.cl\/?p=7466' aria-hidden='false' data-av_icon='\uf232' data-av_iconfont='entypo-fontello' title='' data-avia-related-tooltip='Compartir en Whatsapp' rel=\"noopener\"><span class='avia_hidden_link_text'>Compartir en Whatsapp<\/span><\/a><\/li><li class='av-share-link av-social-link-linkedin' ><a target=\"_blank\" aria-label=\"Compartir en LinkedIn\" href='https:\/\/linkedin.com\/shareArticle?mini=true&#038;title=Senador%20Sandoval%20solicita%20se%20ponga%20en%20marcha%20plan%20de%20normalizaci%C3%B3n%20de%20residencias%20informales%20de%20adultos%20mayores&#038;url=https:\/\/radiorevelacionfm.cl\/?p=7466' aria-hidden='false' data-av_icon='\ue8fc' data-av_iconfont='entypo-fontello' title='' data-avia-related-tooltip='Compartir en LinkedIn' rel=\"noopener\"><span class='avia_hidden_link_text'>Compartir en LinkedIn<\/span><\/a><\/li><li class='av-share-link av-social-link-mail' ><a  aria-label=\"Compartir por correo\" href='mailto:?subject=Senador%20Sandoval%20solicita%20se%20ponga%20en%20marcha%20plan%20de%20normalizaci%C3%B3n%20de%20residencias%20informales%20de%20adultos%20mayores&#038;body=https:\/\/radiorevelacionfm.cl\/?p=7466' aria-hidden='false' data-av_icon='\ue805' data-av_iconfont='entypo-fontello' title='' data-avia-related-tooltip='Compartir por correo'><span class='avia_hidden_link_text'>Compartir por correo<\/span><\/a><\/li><\/ul><\/div><\/div>\n<div  style='height:50px' class='hr hr-invisible   avia-builder-el-8  el_after_av_social_share  el_before_av_comments_list '><span class='hr-inner ' ><span class='hr-inner-style'><\/span><\/span><\/div>\n<div  class='av-buildercomment  av-blog-meta-html-info-disabled av-blog-meta-tag-disabled  '><\/div>\n","protected":false},"excerpt":{"rendered":"","protected":false},"author":1,"featured_media":7468,"comment_status":"open","ping_status":"open","sticky":false,"template":"","format":"standard","meta":{"footnotes":""},"categories":[35],"tags":[],"class_list":["post-7466","post","type-post","status-publish","format-standard","has-post-thumbnail","hentry","category-politica"],"jetpack_featured_media_url":"https:\/\/radiorevelacionfm.cl\/wp-content\/uploads\/2021\/08\/sandoval-1_optimized.jpeg","_links":{"self":[{"href":"https:\/\/radiorevelacionfm.cl\/index.php?rest_route=\/wp\/v2\/posts\/7466","targetHints":{"allow":["GET"]}}],"collection":[{"href":"https:\/\/radiorevelacionfm.cl\/index.php?rest_route=\/wp\/v2\/posts"}],"about":[{"href":"https:\/\/radiorevelacionfm.cl\/index.php?rest_route=\/wp\/v2\/types\/post"}],"author":[{"embeddable":true,"href":"https:\/\/radiorevelacionfm.cl\/index.php?rest_route=\/wp\/v2\/users\/1"}],"replies":[{"embeddable":true,"href":"https:\/\/radiorevelacionfm.cl\/index.php?rest_route=%2Fwp%2Fv2%2Fcomments&post=7466"}],"version-history":[{"count":1,"href":"https:\/\/radiorevelacionfm.cl\/index.php?rest_route=\/wp\/v2\/posts\/7466\/revisions"}],"predecessor-version":[{"id":7469,"href":"https:\/\/radiorevelacionfm.cl\/index.php?rest_route=\/wp\/v2\/posts\/7466\/revisions\/7469"}],"wp:featuredmedia":[{"embeddable":true,"href":"https:\/\/radiorevelacionfm.cl\/index.php?rest_route=\/wp\/v2\/media\/7468"}],"wp:attachment":[{"href":"https:\/\/radiorevelacionfm.cl\/index.php?rest_route=%2Fwp%2Fv2%2Fmedia&parent=7466"}],"wp:term":[{"taxonomy":"category","embeddable":true,"href":"https:\/\/radiorevelacionfm.cl\/index.php?rest_route=%2Fwp%2Fv2%2Fcategories&post=7466"},{"taxonomy":"post_tag","embeddable":true,"href":"https:\/\/radiorevelacionfm.cl\/index.php?rest_route=%2Fwp%2Fv2%2Ftags&post=7466"}],"curies":[{"name":"wp","href":"https:\/\/api.w.org\/{rel}","templated":true}]}}