{"id":7459,"date":"2021-08-14T22:41:51","date_gmt":"2021-08-15T01:41:51","guid":{"rendered":"https:\/\/radiorevelacionfm.cl\/?p=7459"},"modified":"2021-08-14T22:59:19","modified_gmt":"2021-08-15T01:59:19","slug":"en-gira-por-aysen-director-nacional-de-indap-destaca-esfuerzo-de-agricultores-en-zonas-apartadas-de-la-patagonia","status":"publish","type":"post","link":"https:\/\/radiorevelacionfm.cl\/?p=7459","title":{"rendered":"En gira por Ays\u00e9n Director Nacional de Indap destaca esfuerzo de agricultores en zonas apartadas de la Patagonia"},"content":{"rendered":"<div class=\"flex_column av_one_full  flex_column_div av-zero-column-padding first  avia-builder-el-0  el_before_av_one_full  avia-builder-el-first  \" style='border-radius:0px; '><div  class='avia-image-container  av-styling-    avia-builder-el-1  avia-builder-el-no-sibling  avia-align-center '  itemprop=\"image\" itemscope=\"itemscope\" itemtype=\"https:\/\/schema.org\/ImageObject\"  ><div class='avia-image-container-inner'><div class='avia-image-overlay-wrap'><img decoding=\"async\" class='wp-image-7461 avia-img-lazy-loading-not-7461 avia_image' src=\"https:\/\/radiorevelacionfm.cl\/wp-content\/uploads\/2021\/08\/Indap-2.jpg\" alt='' title='Indap (2)' height=\"534\" width=\"800\"  itemprop=\"thumbnailUrl\" srcset=\"https:\/\/radiorevelacionfm.cl\/wp-content\/uploads\/2021\/08\/Indap-2.jpg 800w, https:\/\/radiorevelacionfm.cl\/wp-content\/uploads\/2021\/08\/Indap-2-300x200.jpg 300w, https:\/\/radiorevelacionfm.cl\/wp-content\/uploads\/2021\/08\/Indap-2-768x513.jpg 768w, https:\/\/radiorevelacionfm.cl\/wp-content\/uploads\/2021\/08\/Indap-2-705x471.jpg 705w, https:\/\/radiorevelacionfm.cl\/wp-content\/uploads\/2021\/08\/Indap-2-600x401.jpg 600w\" sizes=\"(max-width: 800px) 100vw, 800px\" \/><\/div><\/div><\/div><\/div>\n<div class=\"flex_column av_one_full  flex_column_div av-zero-column-padding first  avia-builder-el-2  el_after_av_one_full  el_before_av_one_full  column-top-margin\" style='border-radius:0px; '><section class=\"av_textblock_section \"  itemscope=\"itemscope\" itemtype=\"https:\/\/schema.org\/BlogPosting\" itemprop=\"blogPost\" ><div class='avia_textblock  '   itemprop=\"text\" ><p style=\"text-align: center;\"><strong><span style=\"font-size: 18pt;\">En gira por Ays\u00e9n Director Nacional de Indap destaca esfuerzo de agricultores en zonas apartadas de la Patagonia <\/span><\/strong><\/p>\n<div id=\"gtx-trans\" style=\"position: absolute; left: -50px; top: 4.31534px;\">\n<div class=\"gtx-trans-icon\"><\/div>\n<\/div>\n<\/div><\/section><\/div>\n<div class=\"flex_column av_one_full  flex_column_div av-zero-column-padding first  avia-builder-el-4  el_after_av_one_full  el_before_av_hr  column-top-margin\" style='border-radius:0px; '><section class=\"av_textblock_section \"  itemscope=\"itemscope\" itemtype=\"https:\/\/schema.org\/BlogPosting\" itemprop=\"blogPost\" ><div class='avia_textblock  '   itemprop=\"text\" ><div id=\"page\" class=\"site\">\n<div class=\"wrapper\">\n<div class=\"container-fluid\">\n<div class=\"row\">\n<div class=\"col-md-9 col-sm-8\">\n<div class=\"mg-blog-post-box\">\n<article class=\"small single\">\n<p style=\"text-align: justify;\">Con \u00e9nfasis en la difusi\u00f3n del Programa Regional de Rezago para la provincia de Capit\u00e1n Prat, concluy\u00f3 la gira t\u00e9cnica que el director nacional de INDAP, Carlos Recondo, desarroll\u00f3 por la regi\u00f3n de Ays\u00e9n durante esta \u00faltima semana. La autoridad despleg\u00f3 un amplio programa de visitas a emprendimientos y a peque\u00f1os agricultores, reuniones con agrupaciones de productores y con los integrantes del Consejo Asesor De \u00c1rea (CADA) INDAP de Cochrane; tambi\u00e9n sostuvo encuentros con los alcaldes de Cochrane, O\u2019Higgins y Tortel, las tres comunas que conforman esta provincia.<\/p>\n<p style=\"text-align: justify;\">El recorrido permiti\u00f3 a la autoridad del agro llegar hasta apartados lugares de este territorio austral con el fin de conocer en terreno el desarrollo de los proyectos apoyados por INDAP, en un territorio caracterizado por extensos traslados y dif\u00edciles accesos.<\/p>\n<p style=\"text-align: justify;\">El Programa Regional de Rezago es un instrumento de INDAP que financia inversiones y asesor\u00edas t\u00e9cnicas para impulsar el desarrollo productivo de los peque\u00f1os agricultores de zonas aisladas con escasa conectividad tal como ocurre en la Provincia de Capit\u00e1n Prat en Ays\u00e9n. Con un presupuesto superior a $1.100.000.000, provenientes del Fondo Nacional de Desarrollo Regional (FNDR), esta herramienta ejecuta tres l\u00edneas de trabajo: impulso al Turismo Rural y sus actividades conexas, construcci\u00f3n de caminos intraprediales, adem\u00e1s de acceso al agua y tecnificaci\u00f3n del riego. El programa de rezago de INDAP forma parte del Plan Estrat\u00e9gico de Zonas Extremas, herramienta que promueve la integraci\u00f3n de localidades con un potencial de desarrollo y valor estrat\u00e9gico, acercando opciones que acorten las brechas de inequidad social y territorial, transform\u00e1ndose en un impulso econ\u00f3mico que impacta positivamente.<\/p>\n<p style=\"text-align: justify;\">Durante la jornada del mi\u00e9rcoles la autoridad recorri\u00f3 la comuna de O\u2019Higgins, el municipio m\u00e1s austral de Ays\u00e9n: visit\u00f3 a Mar\u00eda Ordo\u00f1ez, productora ovina del Programa de Desarrollo Local (Prodesal) que con apoyo de INDAP aument\u00f3 hasta 80 su plantel de ovejas. La peque\u00f1a ganadera integra el Comit\u00e9 Mujeres Campesinas de Villa O`Higgins, agrupaci\u00f3n dedicada a la producci\u00f3n de frutales menores, hortalizas y artesan\u00eda en lana, y encargadas de los invernaderos comunitarios de O\u2019Higgins donde se cultivan frutas ofrecidas en ferias locales. Luego se reuni\u00f3 con la Asociaci\u00f3n de Campesinos El Desaf\u00edo, organizaci\u00f3n que comercializa asociativamente insumos agr\u00edcolas a socios y no socios, acopian y trasladan la lana que producen sus 19 miembros. Administran un terreno de 0,5 hect\u00e1reas para forraje que el ministerio de Bienes Nacionales les entreg\u00f3 en concesi\u00f3n; completan su predio con otras 0,5 hect\u00e1reas otorgadas en comodato por el Vicariato de Ays\u00e9n.<\/p>\n<p style=\"text-align: justify;\">Natividad Bustamante es la presidenta del Comit\u00e9 Mujeres Campesinas de Villa O\u00b4Higgins. Comenta que INDAP es un agente fundamental para el funcionamiento y avance de la agrupaci\u00f3n en el cultivo de frutillas bajo invernadero: \u201cson pr\u00e1cticas nuevas para nosotros y la experiencia ha sido muy enriquecedora. Trabaj\u00e1bamos el campo y la frutilla, pero no ten\u00edamos el conocimiento que hemos recibido de parte de INDAP. Empezamos conociendo las variedades que existen y much\u00edsimas otras cosas: el tipo de riego, el tipo de nutrientes, la temperatura a la que debemos trabajarla; conocimos conceptos como la dormancia, cuando la planta descansa, para que produzcan. Entonces, s\u00ed hemos aprendido much\u00edsimo. Es un aprendizaje\u201d.<\/p>\n<p style=\"text-align: justify;\">El segundo d\u00eda de esta gira culmin\u00f3 con un encuentro entre los representantes del CADA de Cochrane y el director nacional de INDAP. En la cita se explicaron los aspectos centrales del Programa Regional de Rezago para este territorio y las acciones para consolidar iniciativas de asociatividad que agrupaciones campesinas impulsan. Tambi\u00e9n abordaron la realidad de los peque\u00f1os agricultores, la necesidad de flexibilizar el funcionamiento de algunos programas institucionales, el desarrollo de rubros m\u00e1s rentables como frutales, adem\u00e1s de las acciones para asegurar el acceso al agua y mejorar las pr\u00e1cticas agr\u00edcolas para su uso por parte de los productores.<\/p>\n<p style=\"text-align: justify;\">La tercera y \u00faltima jornada de esta gira se desarroll\u00f3 en la comuna de Tortel. All\u00ed, la autoridad conoci\u00f3 a Orfelina Casanova, su trabajo en el Programa Ganadero y su reciente emprendimiento en Turismo Rural a trav\u00e9s del que ofrece camping para ciclistas y servicio de alimentaci\u00f3n. La autoridad cerr\u00f3 sus actividades en una reuni\u00f3n en terreno con Jorge Silva, productor ganadero y usuario del Programa Caminos Intraprediales, instrumento que le permiti\u00f3 la construcci\u00f3n de una v\u00eda interior que conecta su predio con rutas principales hacia centros urbanos donde comercializa su producci\u00f3n y se abastece de insumos para sus actividades agropecuarias.<\/p>\n<p style=\"text-align: justify;\">El director nacional de INDAP destac\u00f3 lo \u201cgratificante de estar aqu\u00ed y constatar las distintas realidades que enfrentan los productores de la Agricultura Familiar Campesina. Aqu\u00ed es distinto: las condiciones son muy diferentes, las distancias son enormes, hay menos conectividad. Sin embargo, encuentran otros beneficios y condiciones favorables para desarrollar sus emprendimientos, como el entorno y los parajes naturales. Estar junto a la Carretera Austral que tiene un flujo importante de turistas es positivo. Cada uno va encontrando las condiciones para desarrollar sus emprendimientos\u201d.<\/p>\n<p style=\"text-align: justify;\">A modo de resumen, dijo que \u201cdespu\u00e9s de casi tres d\u00edas de recorrer la Patagonia hemos estado con grupos asociativos, compartido con productores de cooperativas ganaderas, visitado y conocido emprendimientos de hortalizas y frutales menores bajo pl\u00e1stico como es el cultivo de frutillas. Una diversidad de actividades que nos muestran la riqueza de la Agricultura Familiar Campesina en todas partes de Chile\u201d. Tras este recorrido por Cochrane, Villa O\u2019Higgins y Caleta Tortel dijo que \u201cconocimos en terreno el esfuerzo de los peque\u00f1os los agricultores para desarrollar sus actividades agr\u00edcolas aqu\u00ed en la Patagonia chilena, al sur de la regi\u00f3n de Ays\u00e9n\u201d.<\/p>\n<p style=\"text-align: justify;\"><strong>Di\u00e1logo con autoridades provinciales y comunales<\/strong><\/p>\n<p style=\"text-align: justify;\">En el marco de este recorrido, el director nacional de INDAP tambi\u00e9n sostuvo encuentros con los alcaldes de Cochrane, O\u2019Higgins y Tortel: Jorge Calder\u00f3n, Jos\u00e9 Fica y Abel Becerra, respectivamente. Con cada uno de ellos abord\u00f3 el valioso trabajo de los peque\u00f1os agricultores, la importancia de coordinar acciones de apoyo a trav\u00e9s de una adecuada ejecuci\u00f3n de los programas conjuntos. Tambi\u00e9n se entrevist\u00f3 con el Delegado Presidencial Provincial de Capit\u00e1n Prat, Gustavo M\u00e1rquez, con quien tambi\u00e9n dialog\u00f3 sobre las ayudas para los productores agr\u00edcolas de la zona.<\/p>\n<p style=\"text-align: justify;\">\n<\/article>\n<\/div>\n<\/div>\n<\/div>\n<\/div>\n<\/div>\n<\/div>\n<\/div><\/section><\/div><div  style='height:50px' class='hr hr-invisible   avia-builder-el-6  el_after_av_one_full  el_before_av_social_share '><span class='hr-inner ' ><span class='hr-inner-style'><\/span><\/span><\/div><\/p>\n<div  class='av-social-sharing-box  avia-builder-el-7  el_after_av_hr  el_before_av_hr  '><div class='av-share-box'><h5 class='av-share-link-description av-no-toc '>Compartir esta noticia<\/h5><ul class='av-share-box-list noLightbox'><li class='av-share-link av-social-link-facebook' ><a target=\"_blank\" aria-label=\"Compartir en Facebook\" href='https:\/\/www.facebook.com\/sharer.php?u=https:\/\/radiorevelacionfm.cl\/?p=7459&#038;t=En%20gira%20por%20Ays%C3%A9n%20Director%20Nacional%20de%20Indap%20destaca%20esfuerzo%20de%20agricultores%20en%20zonas%20apartadas%20de%20la%20Patagonia' aria-hidden='false' data-av_icon='\ue8f3' data-av_iconfont='entypo-fontello' title='' data-avia-related-tooltip='Compartir en Facebook' rel=\"noopener\"><span class='avia_hidden_link_text'>Compartir en Facebook<\/span><\/a><\/li><li class='av-share-link av-social-link-twitter' ><a target=\"_blank\" aria-label=\"Compartir en Twitter\" href='https:\/\/twitter.com\/share?text=En%20gira%20por%20Ays%C3%A9n%20Director%20Nacional%20de%20Indap%20destaca%20esfuerzo%20de%20agricultores%20en%20zonas%20apartadas%20de%20la%20Patagonia&#038;url=https:\/\/radiorevelacionfm.cl\/?p=7459' aria-hidden='false' data-av_icon='\ue8f1' data-av_iconfont='entypo-fontello' title='' data-avia-related-tooltip='Compartir en Twitter' rel=\"noopener\"><span class='avia_hidden_link_text'>Compartir en Twitter<\/span><\/a><\/li><li class='av-share-link av-social-link-whatsapp' ><a target=\"_blank\" aria-label=\"Compartir en Whatsapp\" href='https:\/\/api.whatsapp.com\/send?text=https:\/\/radiorevelacionfm.cl\/?p=7459' aria-hidden='false' data-av_icon='\uf232' data-av_iconfont='entypo-fontello' title='' data-avia-related-tooltip='Compartir en Whatsapp' rel=\"noopener\"><span class='avia_hidden_link_text'>Compartir en Whatsapp<\/span><\/a><\/li><li class='av-share-link av-social-link-linkedin' ><a target=\"_blank\" aria-label=\"Compartir en LinkedIn\" href='https:\/\/linkedin.com\/shareArticle?mini=true&#038;title=En%20gira%20por%20Ays%C3%A9n%20Director%20Nacional%20de%20Indap%20destaca%20esfuerzo%20de%20agricultores%20en%20zonas%20apartadas%20de%20la%20Patagonia&#038;url=https:\/\/radiorevelacionfm.cl\/?p=7459' aria-hidden='false' data-av_icon='\ue8fc' data-av_iconfont='entypo-fontello' title='' data-avia-related-tooltip='Compartir en LinkedIn' rel=\"noopener\"><span class='avia_hidden_link_text'>Compartir en LinkedIn<\/span><\/a><\/li><li class='av-share-link av-social-link-mail' ><a  aria-label=\"Compartir por correo\" href='mailto:?subject=En%20gira%20por%20Ays%C3%A9n%20Director%20Nacional%20de%20Indap%20destaca%20esfuerzo%20de%20agricultores%20en%20zonas%20apartadas%20de%20la%20Patagonia&#038;body=https:\/\/radiorevelacionfm.cl\/?p=7459' aria-hidden='false' data-av_icon='\ue805' data-av_iconfont='entypo-fontello' title='' data-avia-related-tooltip='Compartir por correo'><span class='avia_hidden_link_text'>Compartir por correo<\/span><\/a><\/li><\/ul><\/div><\/div>\n<div  style='height:50px' class='hr hr-invisible   avia-builder-el-8  el_after_av_social_share  el_before_av_comments_list '><span class='hr-inner ' ><span class='hr-inner-style'><\/span><\/span><\/div>\n<div  class='av-buildercomment  av-blog-meta-html-info-disabled av-blog-meta-tag-disabled  '><\/div>\n","protected":false},"excerpt":{"rendered":"","protected":false},"author":1,"featured_media":7461,"comment_status":"open","ping_status":"open","sticky":false,"template":"","format":"standard","meta":{"footnotes":""},"categories":[58],"tags":[],"class_list":["post-7459","post","type-post","status-publish","format-standard","has-post-thumbnail","hentry","category-agricultura"],"jetpack_featured_media_url":"https:\/\/radiorevelacionfm.cl\/wp-content\/uploads\/2021\/08\/Indap-2.jpg","_links":{"self":[{"href":"https:\/\/radiorevelacionfm.cl\/index.php?rest_route=\/wp\/v2\/posts\/7459","targetHints":{"allow":["GET"]}}],"collection":[{"href":"https:\/\/radiorevelacionfm.cl\/index.php?rest_route=\/wp\/v2\/posts"}],"about":[{"href":"https:\/\/radiorevelacionfm.cl\/index.php?rest_route=\/wp\/v2\/types\/post"}],"author":[{"embeddable":true,"href":"https:\/\/radiorevelacionfm.cl\/index.php?rest_route=\/wp\/v2\/users\/1"}],"replies":[{"embeddable":true,"href":"https:\/\/radiorevelacionfm.cl\/index.php?rest_route=%2Fwp%2Fv2%2Fcomments&post=7459"}],"version-history":[{"count":4,"href":"https:\/\/radiorevelacionfm.cl\/index.php?rest_route=\/wp\/v2\/posts\/7459\/revisions"}],"predecessor-version":[{"id":7465,"href":"https:\/\/radiorevelacionfm.cl\/index.php?rest_route=\/wp\/v2\/posts\/7459\/revisions\/7465"}],"wp:featuredmedia":[{"embeddable":true,"href":"https:\/\/radiorevelacionfm.cl\/index.php?rest_route=\/wp\/v2\/media\/7461"}],"wp:attachment":[{"href":"https:\/\/radiorevelacionfm.cl\/index.php?rest_route=%2Fwp%2Fv2%2Fmedia&parent=7459"}],"wp:term":[{"taxonomy":"category","embeddable":true,"href":"https:\/\/radiorevelacionfm.cl\/index.php?rest_route=%2Fwp%2Fv2%2Fcategories&post=7459"},{"taxonomy":"post_tag","embeddable":true,"href":"https:\/\/radiorevelacionfm.cl\/index.php?rest_route=%2Fwp%2Fv2%2Ftags&post=7459"}],"curies":[{"name":"wp","href":"https:\/\/api.w.org\/{rel}","templated":true}]}}