{"id":7453,"date":"2021-08-14T12:00:50","date_gmt":"2021-08-14T15:00:50","guid":{"rendered":"https:\/\/radiorevelacionfm.cl\/?p=7453"},"modified":"2021-08-14T12:00:50","modified_gmt":"2021-08-14T15:00:50","slug":"municipio-de-aysen-brinda-apoyo-a-lago-verde-para-iniciar-su-unidad-de-transito","status":"publish","type":"post","link":"https:\/\/radiorevelacionfm.cl\/?p=7453","title":{"rendered":"Municipio de Ays\u00e9n brinda apoyo a Lago Verde para iniciar su Unidad de Tr\u00e1nsito"},"content":{"rendered":"<div class=\"flex_column av_one_full  flex_column_div av-zero-column-padding first  avia-builder-el-0  el_before_av_one_full  avia-builder-el-first  \" style='border-radius:0px; '><div  class='avia-image-container  av-styling-    avia-builder-el-1  avia-builder-el-no-sibling  avia-align-center '  itemprop=\"image\" itemscope=\"itemscope\" itemtype=\"https:\/\/schema.org\/ImageObject\"  ><div class='avia-image-container-inner'><div class='avia-image-overlay-wrap'><img decoding=\"async\" class='wp-image-7454 avia-img-lazy-loading-not-7454 avia_image' src=\"https:\/\/radiorevelacionfm.cl\/wp-content\/uploads\/2021\/08\/IMG-LVMUNIAysen2-1-1.jpeg\" alt='' title='IMG-LVMUNIAysen2 (1) (1)' height=\"600\" width=\"802\"  itemprop=\"thumbnailUrl\" srcset=\"https:\/\/radiorevelacionfm.cl\/wp-content\/uploads\/2021\/08\/IMG-LVMUNIAysen2-1-1.jpeg 802w, https:\/\/radiorevelacionfm.cl\/wp-content\/uploads\/2021\/08\/IMG-LVMUNIAysen2-1-1-300x224.jpeg 300w, https:\/\/radiorevelacionfm.cl\/wp-content\/uploads\/2021\/08\/IMG-LVMUNIAysen2-1-1-768x575.jpeg 768w, https:\/\/radiorevelacionfm.cl\/wp-content\/uploads\/2021\/08\/IMG-LVMUNIAysen2-1-1-705x527.jpeg 705w, https:\/\/radiorevelacionfm.cl\/wp-content\/uploads\/2021\/08\/IMG-LVMUNIAysen2-1-1-600x449.jpeg 600w\" sizes=\"(max-width: 802px) 100vw, 802px\" \/><\/div><\/div><\/div><\/div><div class=\"flex_column av_one_full  flex_column_div av-zero-column-padding first  avia-builder-el-2  el_after_av_one_full  el_before_av_one_full  column-top-margin\" style='border-radius:0px; '><section class=\"av_textblock_section \"  itemscope=\"itemscope\" itemtype=\"https:\/\/schema.org\/BlogPosting\" itemprop=\"blogPost\" ><div class='avia_textblock  '   itemprop=\"text\" ><p style=\"text-align: center;\"><strong><span style=\"font-size: 18pt;\">Municipio de Ays\u00e9n brinda apoyo a Lago Verde para iniciar su Unidad de Tr\u00e1nsito<\/span><\/strong><\/p>\n<div id=\"gtx-trans\" style=\"position: absolute; left: -50px; top: 4.31534px;\">\n<div class=\"gtx-trans-icon\"><\/div>\n<\/div>\n<\/div><\/section><\/div><div class=\"flex_column av_one_full  flex_column_div av-zero-column-padding first  avia-builder-el-4  el_after_av_one_full  el_before_av_hr  column-top-margin\" style='border-radius:0px; '><section class=\"av_textblock_section \"  itemscope=\"itemscope\" itemtype=\"https:\/\/schema.org\/BlogPosting\" itemprop=\"blogPost\" ><div class='avia_textblock  '   itemprop=\"text\" ><p style=\"text-align: justify;\">Con el objetivo de impulsar el desarrollo regional a trav\u00e9s de la colaboraci\u00f3n mutua y en el contexto de acuerdo que sostienen ambas casas municipales. Los alcaldes de Ays\u00e9n y Lago Verde, Julio Uribe Alvarado y Nelson Opazo L\u00f3pez, respectivamente; dieron a conocer un importante paso impulsado por la Ilustre Municipalidad de Ays\u00e9n y que permitir\u00e1 a la comuna lim\u00edtrofe de Lago Verde contar con un elemento indispensable para iniciar as\u00ed su primera Unidad de Tr\u00e1nsito.<\/p>\n<p style=\"text-align: justify;\">En este sentido, la primera autoridad comunal de Ays\u00e9n, Julio Uribe Alvarado, abord\u00f3 que \u201cnosotros con Nelson fuimos Consejeros Regionales juntos, despu\u00e9s \u00e9l asumi\u00f3 su labor de alcalde de la comuna de Lago Verde pero siempre hemos mantenido en contacto y con esa cercan\u00eda que la Patagonia nos da. Nosotros somos de diferentes l\u00edneas pol\u00edticas, pero eso no hace que no podamos colaborarnos entre los municipios, sobre todo que somos municipios humildes en que si no nos colaboramos no avanzamos en el desarrollo de nuestra regi\u00f3n\u201d.<\/p>\n<p style=\"text-align: justify;\">Por ello, el l\u00edder comunal a\u00f1adi\u00f3 que \u201cnosotros estamos hoy d\u00eda apoyando firmemente para que abran su oficina de tr\u00e1nsito y puedan prestar el servicio que tanto se requiere para que regularicen su documentaci\u00f3n los conductores. As\u00ed es que, para m\u00ed es un orgullo poder apoyarlos con un equipo que es fundamental para esta oficina, contentos de este trabajo colaborativo que nos da el puntapi\u00e9 inicial de lo que vamos a desarrollar como colegas y como apoyo desde el municipio de Ays\u00e9n hacia de Lago Verde o viceversa\u201d enfatiz\u00f3 Uribe Alvarado.<\/p>\n<p style=\"text-align: justify;\">Por su parte, el Edil de Lago Verde, Nelson Opazo L\u00f3pez, destac\u00f3 la importancia de generar alianzas para mejorar la calidad de vida de los vecinos y vecinas. En este caso puntual, con respecto a la colaboraci\u00f3n que se traduce en un gabinete psicot\u00e9cnico, agradeci\u00f3 la disposici\u00f3n del alcalde Uribe para brindar este importante elemento y que ser\u00e1 clave en la materializaci\u00f3n de la Unidad de Tr\u00e1nsito del municipio que representa.<\/p>\n<p style=\"text-align: justify;\">Finalmente, Opazo L\u00f3pez, coment\u00f3 que \u201ccon esto naturalmente se favorece de manera important\u00edsima al sector norte de la Regi\u00f3n, no solamente a Lago Verde sino que tambi\u00e9n a la zona de La Junta y de Pto. Ra\u00fal Mar\u00edn Balmaceda que no cuentan con un servicio de esta naturaleza al alcance de su mano. En un m\u00e1ximo de 90 d\u00edas esperamos estar operando y esta iniciativa obviamente que es el puntapi\u00e9 inicial a otras que podamos generar en conjunto en el \u00e1mbito cultural, deportivo, en este trabajo colaborativo entre municipios que siempre es muy beneficioso para los vecinos de ambas comunas\u201d sentenci\u00f3 el alcalde de Lago Verde.<\/p>\n<\/div><\/section><\/div><div  style='height:50px' class='hr hr-invisible   avia-builder-el-6  el_after_av_one_full  el_before_av_social_share '><span class='hr-inner ' ><span class='hr-inner-style'><\/span><\/span><\/div><\/p>\n<div  class='av-social-sharing-box  avia-builder-el-7  el_after_av_hr  el_before_av_hr  '><div class='av-share-box'><h5 class='av-share-link-description av-no-toc '>Compartir esta noticia<\/h5><ul class='av-share-box-list noLightbox'><li class='av-share-link av-social-link-facebook' ><a target=\"_blank\" aria-label=\"Compartir en Facebook\" href='https:\/\/www.facebook.com\/sharer.php?u=https:\/\/radiorevelacionfm.cl\/?p=7453&#038;t=Municipio%20de%20Ays%C3%A9n%20brinda%20apoyo%20a%20Lago%20Verde%20para%20iniciar%20su%20Unidad%20de%20Tr%C3%A1nsito' aria-hidden='false' data-av_icon='\ue8f3' data-av_iconfont='entypo-fontello' title='' data-avia-related-tooltip='Compartir en Facebook' rel=\"noopener\"><span class='avia_hidden_link_text'>Compartir en Facebook<\/span><\/a><\/li><li class='av-share-link av-social-link-twitter' ><a target=\"_blank\" aria-label=\"Compartir en Twitter\" href='https:\/\/twitter.com\/share?text=Municipio%20de%20Ays%C3%A9n%20brinda%20apoyo%20a%20Lago%20Verde%20para%20iniciar%20su%20Unidad%20de%20Tr%C3%A1nsito&#038;url=https:\/\/radiorevelacionfm.cl\/?p=7453' aria-hidden='false' data-av_icon='\ue8f1' data-av_iconfont='entypo-fontello' title='' data-avia-related-tooltip='Compartir en Twitter' rel=\"noopener\"><span class='avia_hidden_link_text'>Compartir en Twitter<\/span><\/a><\/li><li class='av-share-link av-social-link-whatsapp' ><a target=\"_blank\" aria-label=\"Compartir en Whatsapp\" href='https:\/\/api.whatsapp.com\/send?text=https:\/\/radiorevelacionfm.cl\/?p=7453' aria-hidden='false' data-av_icon='\uf232' data-av_iconfont='entypo-fontello' title='' data-avia-related-tooltip='Compartir en Whatsapp' rel=\"noopener\"><span class='avia_hidden_link_text'>Compartir en Whatsapp<\/span><\/a><\/li><li class='av-share-link av-social-link-linkedin' ><a target=\"_blank\" aria-label=\"Compartir en LinkedIn\" href='https:\/\/linkedin.com\/shareArticle?mini=true&#038;title=Municipio%20de%20Ays%C3%A9n%20brinda%20apoyo%20a%20Lago%20Verde%20para%20iniciar%20su%20Unidad%20de%20Tr%C3%A1nsito&#038;url=https:\/\/radiorevelacionfm.cl\/?p=7453' aria-hidden='false' data-av_icon='\ue8fc' data-av_iconfont='entypo-fontello' title='' data-avia-related-tooltip='Compartir en LinkedIn' rel=\"noopener\"><span class='avia_hidden_link_text'>Compartir en LinkedIn<\/span><\/a><\/li><li class='av-share-link av-social-link-mail' ><a  aria-label=\"Compartir por correo\" href='mailto:?subject=Municipio%20de%20Ays%C3%A9n%20brinda%20apoyo%20a%20Lago%20Verde%20para%20iniciar%20su%20Unidad%20de%20Tr%C3%A1nsito&#038;body=https:\/\/radiorevelacionfm.cl\/?p=7453' aria-hidden='false' data-av_icon='\ue805' data-av_iconfont='entypo-fontello' title='' data-avia-related-tooltip='Compartir por correo'><span class='avia_hidden_link_text'>Compartir por correo<\/span><\/a><\/li><\/ul><\/div><\/div>\n<div  style='height:50px' class='hr hr-invisible   avia-builder-el-8  el_after_av_social_share  el_before_av_comments_list '><span class='hr-inner ' ><span class='hr-inner-style'><\/span><\/span><\/div>\n<div  class='av-buildercomment  av-blog-meta-html-info-disabled av-blog-meta-tag-disabled  '><\/div>\n","protected":false},"excerpt":{"rendered":"","protected":false},"author":1,"featured_media":7454,"comment_status":"open","ping_status":"open","sticky":false,"template":"","format":"standard","meta":{"footnotes":""},"categories":[38],"tags":[],"class_list":["post-7453","post","type-post","status-publish","format-standard","has-post-thumbnail","hentry","category-regional"],"jetpack_featured_media_url":"https:\/\/radiorevelacionfm.cl\/wp-content\/uploads\/2021\/08\/IMG-LVMUNIAysen2-1-1.jpeg","_links":{"self":[{"href":"https:\/\/radiorevelacionfm.cl\/index.php?rest_route=\/wp\/v2\/posts\/7453","targetHints":{"allow":["GET"]}}],"collection":[{"href":"https:\/\/radiorevelacionfm.cl\/index.php?rest_route=\/wp\/v2\/posts"}],"about":[{"href":"https:\/\/radiorevelacionfm.cl\/index.php?rest_route=\/wp\/v2\/types\/post"}],"author":[{"embeddable":true,"href":"https:\/\/radiorevelacionfm.cl\/index.php?rest_route=\/wp\/v2\/users\/1"}],"replies":[{"embeddable":true,"href":"https:\/\/radiorevelacionfm.cl\/index.php?rest_route=%2Fwp%2Fv2%2Fcomments&post=7453"}],"version-history":[{"count":1,"href":"https:\/\/radiorevelacionfm.cl\/index.php?rest_route=\/wp\/v2\/posts\/7453\/revisions"}],"predecessor-version":[{"id":7455,"href":"https:\/\/radiorevelacionfm.cl\/index.php?rest_route=\/wp\/v2\/posts\/7453\/revisions\/7455"}],"wp:featuredmedia":[{"embeddable":true,"href":"https:\/\/radiorevelacionfm.cl\/index.php?rest_route=\/wp\/v2\/media\/7454"}],"wp:attachment":[{"href":"https:\/\/radiorevelacionfm.cl\/index.php?rest_route=%2Fwp%2Fv2%2Fmedia&parent=7453"}],"wp:term":[{"taxonomy":"category","embeddable":true,"href":"https:\/\/radiorevelacionfm.cl\/index.php?rest_route=%2Fwp%2Fv2%2Fcategories&post=7453"},{"taxonomy":"post_tag","embeddable":true,"href":"https:\/\/radiorevelacionfm.cl\/index.php?rest_route=%2Fwp%2Fv2%2Ftags&post=7453"}],"curies":[{"name":"wp","href":"https:\/\/api.w.org\/{rel}","templated":true}]}}