{"id":7449,"date":"2021-08-13T20:02:18","date_gmt":"2021-08-13T23:02:18","guid":{"rendered":"https:\/\/radiorevelacionfm.cl\/?p=7449"},"modified":"2021-08-13T20:02:18","modified_gmt":"2021-08-13T23:02:18","slug":"alianza-estrategica-entre-injuv-y-mindep-ind-permitira-fomentar-el-deporte-entre-los-jovenes-de-aysen","status":"publish","type":"post","link":"https:\/\/radiorevelacionfm.cl\/?p=7449","title":{"rendered":"Alianza estrat\u00e9gica entre INJUV y MINDEP\/IND permitir\u00e1 fomentar el deporte entre los j\u00f3venes de Ays\u00e9n"},"content":{"rendered":"<div class=\"flex_column av_one_full  flex_column_div av-zero-column-padding first  avia-builder-el-0  el_before_av_one_full  avia-builder-el-first  \" style='border-radius:0px; '><div  class='avia-image-container  av-styling-    avia-builder-el-1  avia-builder-el-no-sibling  avia-align-center '  itemprop=\"image\" itemscope=\"itemscope\" itemtype=\"https:\/\/schema.org\/ImageObject\"  ><div class='avia-image-container-inner'><div class='avia-image-overlay-wrap'><img decoding=\"async\" class='wp-image-7451 avia-img-lazy-loading-not-7451 avia_image' src=\"https:\/\/radiorevelacionfm.cl\/wp-content\/uploads\/2021\/08\/1-4-1.jpeg\" alt='' title='1 (4) (1)' height=\"600\" width=\"800\"  itemprop=\"thumbnailUrl\" srcset=\"https:\/\/radiorevelacionfm.cl\/wp-content\/uploads\/2021\/08\/1-4-1.jpeg 800w, https:\/\/radiorevelacionfm.cl\/wp-content\/uploads\/2021\/08\/1-4-1-300x225.jpeg 300w, https:\/\/radiorevelacionfm.cl\/wp-content\/uploads\/2021\/08\/1-4-1-768x576.jpeg 768w, https:\/\/radiorevelacionfm.cl\/wp-content\/uploads\/2021\/08\/1-4-1-705x529.jpeg 705w, https:\/\/radiorevelacionfm.cl\/wp-content\/uploads\/2021\/08\/1-4-1-600x450.jpeg 600w\" sizes=\"(max-width: 800px) 100vw, 800px\" \/><\/div><\/div><\/div><\/div><div class=\"flex_column av_one_full  flex_column_div av-zero-column-padding first  avia-builder-el-2  el_after_av_one_full  el_before_av_one_full  column-top-margin\" style='border-radius:0px; '><section class=\"av_textblock_section \"  itemscope=\"itemscope\" itemtype=\"https:\/\/schema.org\/BlogPosting\" itemprop=\"blogPost\" ><div class='avia_textblock  '   itemprop=\"text\" ><p style=\"text-align: center;\"><strong><span style=\"font-size: 18pt;\">Alianza estrat\u00e9gica entre INJUV y MINDEP\/IND permitir\u00e1 fomentar el deporte entre los j\u00f3venes de Ays\u00e9n<\/span><\/strong><\/p>\n<div id=\"gtx-trans\" style=\"position: absolute; left: -50px; top: 4.31534px;\">\n<div class=\"gtx-trans-icon\"><\/div>\n<\/div>\n<\/div><\/section><\/div><div class=\"flex_column av_one_full  flex_column_div av-zero-column-padding first  avia-builder-el-4  el_after_av_one_full  el_before_av_hr  column-top-margin\" style='border-radius:0px; '><section class=\"av_textblock_section \"  itemscope=\"itemscope\" itemtype=\"https:\/\/schema.org\/BlogPosting\" itemprop=\"blogPost\" ><div class='avia_textblock  '   itemprop=\"text\" ><p style=\"text-align: justify;\">Con la presencia la Directora Nacional de INJUV Renata Santander Ram\u00edrez, el Seremi del Deporte Rodrigo Cubilla Retamal y los directores de regionales de INJUV e IND, Silvia Leiva Henr\u00edquez y Jos\u00e9 Manuel Sep\u00falveda se materializ\u00f3 la alianza estrat\u00e9gica que fortalecer\u00e1 el trabajo intersectorial en la regi\u00f3n de Ays\u00e9n.<\/p>\n<p style=\"text-align: justify;\">\u00abEstamos muy contentos de estar ac\u00e1 en la regi\u00f3n de Ays\u00e9n firmando este importante convenio con Mindep e IND para incentivar la actividad f\u00edsica en la poblaci\u00f3n\u00a0 joven de la regi\u00f3n. Sabemos que producto de la pandemia se han desarrollado distintas enfermedades sobretodo de salud mental entre los j\u00f3venes y una de la alternativas para salir de esta condici\u00f3n y del encierro es la pr\u00e1ctica de actividad f\u00edsica y con esta alianza se podr\u00e1n desarrollar otros convenios en beneficio de nuestros j\u00f3venes de la regi\u00f3n de Ays\u00e9n\u00bb, se\u00f1al\u00f3 \u00a0Renata Santander Ram\u00edrez, Directora Nacional del Instituto Nacional de la Juventud.<\/p>\n<p>En este mismo sentido, el Seremi del Deporte Rodrigo Cubilla Retamal, indic\u00f3 \u00abestamos muy contentos con la visita de la Directora Nacional Renata Santander en este d\u00eda en que su directora regional Silvia Leiva firma este convenio con Mindep\/IND, que permitir\u00e1 llegar a m\u00e1s j\u00f3venes en toda la regi\u00f3n y con ello generar espacios como alternativa para un mejor desarrollo integral, no s\u00f3lo a \u00a0trav\u00e9s de los \u00a0talleres que el IND desarrolla con su programa J\u00f3venes en Movimiento, sino que generando otras instancias de participaci\u00f3n y actividades al aire libre en el marco del mes de la juventud\u00bb.<\/p>\n<p>El convenio de colaboraci\u00f3n, tiene por objetivo desarrollar y fortalecer la actividad f\u00edsica y el deporte en la regi\u00f3n, especialmente en la poblaci\u00f3n juvenil de 15 a 29 a\u00f1os a trav\u00e9s de planes, programas y proyectos de inter\u00e9s para la poblaci\u00f3n joven, tanto en el perfeccionamiento, formaci\u00f3n y capacitaci\u00f3n profesional, a fin de promover y contribuir al desarrollo y aprendizaje en el \u00e1mbito del trabajo de INJUV y el Instituto Nacional de deportes.<\/p>\n<p>\u00abEste acuerdo no s\u00f3lo nos permite consolidar el trabajo que ya estamos realizando junto al INJUV, sino que adem\u00e1s nos permitir\u00e1 avanzar hacia una creciente participaci\u00f3n de la poblaci\u00f3n joven en talleres y proyectos conjuntos, fortaleciendo la oferta program\u00e1tica de ambos servicios con el prop\u00f3sito de llegar a m\u00e1s j\u00f3venes a trav\u00e9s de la pr\u00e1ctica regular de actividad f\u00edsica, aportando valores como el respeto, la solidaridad, la inclusi\u00f3n y propiciando estilos de vida saludable\u00bb, se\u00f1al\u00f3 el Director Regional del IND Jos\u00e9 Manuel Sep\u00falveda\u00bb.<\/p>\n<p>Dentro del \u00a0compromiso adquirido por el Instituto Nacional de Deportes destaca la participaci\u00f3n en mesas de trabajo regional, poner a disposici\u00f3n de INJUV informaci\u00f3n referida a oferta program\u00e1tica del IND, eventos deportivos recreativos regionales y calendario competitivo nacional, facilitar a INJUV los recintos deportivos de administraci\u00f3n directa del IND para el desarrollo de actividades deportivas y\/o comunitarias (sin fines de lucro), coordinar el desarrollo de torneos deportivos juveniles, talleres, capacitaciones y trabajar en la detecci\u00f3n de necesidades deportivas y de actividad f\u00edsica para la juventud regional.<\/p>\n<p>Por su parte el Instituto Nacional de la Juventud, se compromete a participar \u00a0en las mesas t\u00e9cnicas de trabajo a nivel regional, difundir y compartir con los j\u00f3venes el material de difusi\u00f3n referido a los valores y beneficios de la actividad f\u00edsica y el deporte, desarrollar e implementar programas sociales en materia de actividad f\u00edsica y deporte para j\u00f3venes, difundir y promover la participaci\u00f3n de j\u00f3venes en las actividades deportivas, talleres y eventos de IND, colaborar con monitores INJUV para eventos masivos del IND, y facilitar infraestructura disponible de INJUV para ejecuci\u00f3n de talleres y capacitaciones.<\/p>\n<\/div><\/section><\/div><div  style='height:50px' class='hr hr-invisible   avia-builder-el-6  el_after_av_one_full  el_before_av_social_share '><span class='hr-inner ' ><span class='hr-inner-style'><\/span><\/span><\/div><\/p>\n<div  class='av-social-sharing-box  avia-builder-el-7  el_after_av_hr  el_before_av_hr  '><div class='av-share-box'><h5 class='av-share-link-description av-no-toc '>Compartir esta noticia<\/h5><ul class='av-share-box-list noLightbox'><li class='av-share-link av-social-link-facebook' ><a target=\"_blank\" aria-label=\"Compartir en Facebook\" href='https:\/\/www.facebook.com\/sharer.php?u=https:\/\/radiorevelacionfm.cl\/?p=7449&#038;t=Alianza%20estrat%C3%A9gica%20entre%20INJUV%20y%20MINDEP%2FIND%20permitir%C3%A1%20fomentar%20el%20deporte%20entre%20los%20j%C3%B3venes%20de%20Ays%C3%A9n' aria-hidden='false' data-av_icon='\ue8f3' data-av_iconfont='entypo-fontello' title='' data-avia-related-tooltip='Compartir en Facebook' rel=\"noopener\"><span class='avia_hidden_link_text'>Compartir en Facebook<\/span><\/a><\/li><li class='av-share-link av-social-link-twitter' ><a target=\"_blank\" aria-label=\"Compartir en Twitter\" href='https:\/\/twitter.com\/share?text=Alianza%20estrat%C3%A9gica%20entre%20INJUV%20y%20MINDEP%2FIND%20permitir%C3%A1%20fomentar%20el%20deporte%20entre%20los%20j%C3%B3venes%20de%20Ays%C3%A9n&#038;url=https:\/\/radiorevelacionfm.cl\/?p=7449' aria-hidden='false' data-av_icon='\ue8f1' data-av_iconfont='entypo-fontello' title='' data-avia-related-tooltip='Compartir en Twitter' rel=\"noopener\"><span class='avia_hidden_link_text'>Compartir en Twitter<\/span><\/a><\/li><li class='av-share-link av-social-link-whatsapp' ><a target=\"_blank\" aria-label=\"Compartir en Whatsapp\" href='https:\/\/api.whatsapp.com\/send?text=https:\/\/radiorevelacionfm.cl\/?p=7449' aria-hidden='false' data-av_icon='\uf232' data-av_iconfont='entypo-fontello' title='' data-avia-related-tooltip='Compartir en Whatsapp' rel=\"noopener\"><span class='avia_hidden_link_text'>Compartir en Whatsapp<\/span><\/a><\/li><li class='av-share-link av-social-link-linkedin' ><a target=\"_blank\" aria-label=\"Compartir en LinkedIn\" href='https:\/\/linkedin.com\/shareArticle?mini=true&#038;title=Alianza%20estrat%C3%A9gica%20entre%20INJUV%20y%20MINDEP%2FIND%20permitir%C3%A1%20fomentar%20el%20deporte%20entre%20los%20j%C3%B3venes%20de%20Ays%C3%A9n&#038;url=https:\/\/radiorevelacionfm.cl\/?p=7449' aria-hidden='false' data-av_icon='\ue8fc' data-av_iconfont='entypo-fontello' title='' data-avia-related-tooltip='Compartir en LinkedIn' rel=\"noopener\"><span class='avia_hidden_link_text'>Compartir en LinkedIn<\/span><\/a><\/li><li class='av-share-link av-social-link-mail' ><a  aria-label=\"Compartir por correo\" href='mailto:?subject=Alianza%20estrat%C3%A9gica%20entre%20INJUV%20y%20MINDEP%2FIND%20permitir%C3%A1%20fomentar%20el%20deporte%20entre%20los%20j%C3%B3venes%20de%20Ays%C3%A9n&#038;body=https:\/\/radiorevelacionfm.cl\/?p=7449' aria-hidden='false' data-av_icon='\ue805' data-av_iconfont='entypo-fontello' title='' data-avia-related-tooltip='Compartir por correo'><span class='avia_hidden_link_text'>Compartir por correo<\/span><\/a><\/li><\/ul><\/div><\/div>\n<div  style='height:50px' class='hr hr-invisible   avia-builder-el-8  el_after_av_social_share  el_before_av_comments_list '><span class='hr-inner ' ><span class='hr-inner-style'><\/span><\/span><\/div>\n<div  class='av-buildercomment  av-blog-meta-html-info-disabled av-blog-meta-tag-disabled  '><\/div>\n","protected":false},"excerpt":{"rendered":"","protected":false},"author":1,"featured_media":7451,"comment_status":"open","ping_status":"open","sticky":false,"template":"","format":"standard","meta":{"footnotes":""},"categories":[40],"tags":[],"class_list":["post-7449","post","type-post","status-publish","format-standard","has-post-thumbnail","hentry","category-deportes"],"jetpack_featured_media_url":"https:\/\/radiorevelacionfm.cl\/wp-content\/uploads\/2021\/08\/1-4-1.jpeg","_links":{"self":[{"href":"https:\/\/radiorevelacionfm.cl\/index.php?rest_route=\/wp\/v2\/posts\/7449","targetHints":{"allow":["GET"]}}],"collection":[{"href":"https:\/\/radiorevelacionfm.cl\/index.php?rest_route=\/wp\/v2\/posts"}],"about":[{"href":"https:\/\/radiorevelacionfm.cl\/index.php?rest_route=\/wp\/v2\/types\/post"}],"author":[{"embeddable":true,"href":"https:\/\/radiorevelacionfm.cl\/index.php?rest_route=\/wp\/v2\/users\/1"}],"replies":[{"embeddable":true,"href":"https:\/\/radiorevelacionfm.cl\/index.php?rest_route=%2Fwp%2Fv2%2Fcomments&post=7449"}],"version-history":[{"count":1,"href":"https:\/\/radiorevelacionfm.cl\/index.php?rest_route=\/wp\/v2\/posts\/7449\/revisions"}],"predecessor-version":[{"id":7452,"href":"https:\/\/radiorevelacionfm.cl\/index.php?rest_route=\/wp\/v2\/posts\/7449\/revisions\/7452"}],"wp:featuredmedia":[{"embeddable":true,"href":"https:\/\/radiorevelacionfm.cl\/index.php?rest_route=\/wp\/v2\/media\/7451"}],"wp:attachment":[{"href":"https:\/\/radiorevelacionfm.cl\/index.php?rest_route=%2Fwp%2Fv2%2Fmedia&parent=7449"}],"wp:term":[{"taxonomy":"category","embeddable":true,"href":"https:\/\/radiorevelacionfm.cl\/index.php?rest_route=%2Fwp%2Fv2%2Fcategories&post=7449"},{"taxonomy":"post_tag","embeddable":true,"href":"https:\/\/radiorevelacionfm.cl\/index.php?rest_route=%2Fwp%2Fv2%2Ftags&post=7449"}],"curies":[{"name":"wp","href":"https:\/\/api.w.org\/{rel}","templated":true}]}}