{"id":7444,"date":"2021-08-13T19:02:22","date_gmt":"2021-08-13T22:02:22","guid":{"rendered":"https:\/\/radiorevelacionfm.cl\/?p=7444"},"modified":"2021-08-13T19:10:29","modified_gmt":"2021-08-13T22:10:29","slug":"delegado-presidencial-provincial-visita-centro-de-vacunacion-en-el-inicio-de-la-dosis-de-refuerzo","status":"publish","type":"post","link":"https:\/\/radiorevelacionfm.cl\/?p=7444","title":{"rendered":"Delegado Presidencial Provincial visita centro de vacunaci\u00f3n en el inicio de la dosis de refuerzo"},"content":{"rendered":"<div class=\"flex_column av_one_full  flex_column_div av-zero-column-padding first  avia-builder-el-0  el_before_av_one_full  avia-builder-el-first  \" style='border-radius:0px; '><div  class='avia-image-container  av-styling-    avia-builder-el-1  avia-builder-el-no-sibling  avia-align-center '  itemprop=\"image\" itemscope=\"itemscope\" itemtype=\"https:\/\/schema.org\/ImageObject\"  ><div class='avia-image-container-inner'><div class='avia-image-overlay-wrap'><img decoding=\"async\" class='wp-image-7447 avia-img-lazy-loading-not-7447 avia_image' src=\"https:\/\/radiorevelacionfm.cl\/wp-content\/uploads\/2021\/08\/dppa_3-1i_optimized.jpg\" alt='' title='dppa_3-(1)i_optimized' height=\"395\" width=\"799\"  itemprop=\"thumbnailUrl\" srcset=\"https:\/\/radiorevelacionfm.cl\/wp-content\/uploads\/2021\/08\/dppa_3-1i_optimized.jpg 799w, https:\/\/radiorevelacionfm.cl\/wp-content\/uploads\/2021\/08\/dppa_3-1i_optimized-300x148.jpg 300w, https:\/\/radiorevelacionfm.cl\/wp-content\/uploads\/2021\/08\/dppa_3-1i_optimized-768x380.jpg 768w, https:\/\/radiorevelacionfm.cl\/wp-content\/uploads\/2021\/08\/dppa_3-1i_optimized-705x349.jpg 705w, https:\/\/radiorevelacionfm.cl\/wp-content\/uploads\/2021\/08\/dppa_3-1i_optimized-600x297.jpg 600w\" sizes=\"(max-width: 799px) 100vw, 799px\" \/><\/div><\/div><\/div><\/div><div class=\"flex_column av_one_full  flex_column_div av-zero-column-padding first  avia-builder-el-2  el_after_av_one_full  el_before_av_one_full  column-top-margin\" style='border-radius:0px; '><section class=\"av_textblock_section \"  itemscope=\"itemscope\" itemtype=\"https:\/\/schema.org\/BlogPosting\" itemprop=\"blogPost\" ><div class='avia_textblock  '   itemprop=\"text\" ><p style=\"text-align: center;\"><strong><span style=\"font-size: 18pt;\">Delegado Presidencial Provincial visita centro de vacunaci\u00f3n en el inicio de la dosis de refuerzo<\/span><\/strong><\/p>\n<div id=\"gtx-trans\" style=\"position: absolute; left: -50px; top: 4.31534px;\">\n<div class=\"gtx-trans-icon\"><\/div>\n<\/div>\n<\/div><\/section><\/div><\/p>\n<div class=\"flex_column av_one_full  flex_column_div av-zero-column-padding first  avia-builder-el-4  el_after_av_one_full  el_before_av_hr  column-top-margin\" style='border-radius:0px; '><section class=\"av_textblock_section \"  itemscope=\"itemscope\" itemtype=\"https:\/\/schema.org\/BlogPosting\" itemprop=\"blogPost\" ><div class='avia_textblock  '   itemprop=\"text\" ><p style=\"text-align: justify;\">El pasado d\u00eda mi\u00e9rcoles comenz\u00f3 el proceso de vacunaci\u00f3n con la dosis de refuerzo.<\/p>\n<p style=\"text-align: justify;\">Hasta el Polideportivo 21 de abril lleg\u00f3 el DPPAys\u00e9n Manuel Ortiz para comprobar el inicio al proceso de vacunaci\u00f3n con dosis de refuerzo contra el coronavirus, el cual fue anunciado por el Gobierno hace algunos d\u00edas.<\/p>\n<p style=\"text-align: justify;\">En su recorrido por las dependencias la autoridad presidencial provincial comprob\u00f3 que los adultos mayores si estaban llegando para recibir la dosis como lo est\u00e1 contemplado en el calendario de vacunaci\u00f3n \u201cse inicia una campa\u00f1a tremendamente importante, hoy parte la dosis de refuerzo y que significa la posibilidad de poder mantener toda esta protecci\u00f3n que hay desde el momento que se inicia el proceso de vacunaci\u00f3n en Chile, la verdad que la efectividad de las vacunas nos ha demostrado que son efectivamente buenas\u201d.<\/p>\n<p style=\"text-align: justify;\">En tanto C\u00e9sar Reguero Director del CESFAM de Puerto Ays\u00e9n se refer\u00eda a lo positivo de este inicio de vacunaci\u00f3n con la dosis de refuerzo \u201cnos encontramos con una exitosa campa\u00f1a de vacunaci\u00f3n que ha ido avanzando en toda nuestra regi\u00f3n, ya contamos con indicadores de un 98% de avance en las primeras dosis y 95% de avance regional en lo que son las dosis completas, hoy justamente nos encontramos dando el vamos a lo que son las dosis de refuerzo, es decir la poblaci\u00f3n que se vacun\u00f3 al comienzo ellos recibir\u00e1n la dosis que les asegurar\u00e1 la inmunidad y que la efectividad se mantenga de la vacuna tanto para disminuir los contagios como para disminuir hospitalizarse gravemente\u201d.<\/p>\n<\/div><\/section><\/div>\n<div  style='height:50px' class='hr hr-invisible   avia-builder-el-6  el_after_av_one_full  el_before_av_social_share '><span class='hr-inner ' ><span class='hr-inner-style'><\/span><\/span><\/div>\n<div  class='av-social-sharing-box  avia-builder-el-7  el_after_av_hr  el_before_av_hr  '><div class='av-share-box'><h5 class='av-share-link-description av-no-toc '>Compartir esta noticia<\/h5><ul class='av-share-box-list noLightbox'><li class='av-share-link av-social-link-facebook' ><a target=\"_blank\" aria-label=\"Compartir en Facebook\" href='https:\/\/www.facebook.com\/sharer.php?u=https:\/\/radiorevelacionfm.cl\/?p=7444&#038;t=Delegado%20Presidencial%20Provincial%20visita%20centro%20de%20vacunaci%C3%B3n%20en%20el%20inicio%20de%20la%20dosis%20de%20refuerzo' aria-hidden='false' data-av_icon='\ue8f3' data-av_iconfont='entypo-fontello' title='' data-avia-related-tooltip='Compartir en Facebook' rel=\"noopener\"><span class='avia_hidden_link_text'>Compartir en Facebook<\/span><\/a><\/li><li class='av-share-link av-social-link-twitter' ><a target=\"_blank\" aria-label=\"Compartir en Twitter\" href='https:\/\/twitter.com\/share?text=Delegado%20Presidencial%20Provincial%20visita%20centro%20de%20vacunaci%C3%B3n%20en%20el%20inicio%20de%20la%20dosis%20de%20refuerzo&#038;url=https:\/\/radiorevelacionfm.cl\/?p=7444' aria-hidden='false' data-av_icon='\ue8f1' data-av_iconfont='entypo-fontello' title='' data-avia-related-tooltip='Compartir en Twitter' rel=\"noopener\"><span class='avia_hidden_link_text'>Compartir en Twitter<\/span><\/a><\/li><li class='av-share-link av-social-link-whatsapp' ><a target=\"_blank\" aria-label=\"Compartir en Whatsapp\" href='https:\/\/api.whatsapp.com\/send?text=https:\/\/radiorevelacionfm.cl\/?p=7444' aria-hidden='false' data-av_icon='\uf232' data-av_iconfont='entypo-fontello' title='' data-avia-related-tooltip='Compartir en Whatsapp' rel=\"noopener\"><span class='avia_hidden_link_text'>Compartir en Whatsapp<\/span><\/a><\/li><li class='av-share-link av-social-link-linkedin' ><a target=\"_blank\" aria-label=\"Compartir en LinkedIn\" href='https:\/\/linkedin.com\/shareArticle?mini=true&#038;title=Delegado%20Presidencial%20Provincial%20visita%20centro%20de%20vacunaci%C3%B3n%20en%20el%20inicio%20de%20la%20dosis%20de%20refuerzo&#038;url=https:\/\/radiorevelacionfm.cl\/?p=7444' aria-hidden='false' data-av_icon='\ue8fc' data-av_iconfont='entypo-fontello' title='' data-avia-related-tooltip='Compartir en LinkedIn' rel=\"noopener\"><span class='avia_hidden_link_text'>Compartir en LinkedIn<\/span><\/a><\/li><li class='av-share-link av-social-link-mail' ><a  aria-label=\"Compartir por correo\" href='mailto:?subject=Delegado%20Presidencial%20Provincial%20visita%20centro%20de%20vacunaci%C3%B3n%20en%20el%20inicio%20de%20la%20dosis%20de%20refuerzo&#038;body=https:\/\/radiorevelacionfm.cl\/?p=7444' aria-hidden='false' data-av_icon='\ue805' data-av_iconfont='entypo-fontello' title='' data-avia-related-tooltip='Compartir por correo'><span class='avia_hidden_link_text'>Compartir por correo<\/span><\/a><\/li><\/ul><\/div><\/div>\n<div  style='height:50px' class='hr hr-invisible   avia-builder-el-8  el_after_av_social_share  el_before_av_comments_list '><span class='hr-inner ' ><span class='hr-inner-style'><\/span><\/span><\/div>\n<div  class='av-buildercomment  av-blog-meta-html-info-disabled av-blog-meta-tag-disabled  '><\/div>\n","protected":false},"excerpt":{"rendered":"","protected":false},"author":1,"featured_media":7447,"comment_status":"open","ping_status":"open","sticky":false,"template":"","format":"standard","meta":{"footnotes":""},"categories":[38],"tags":[],"class_list":["post-7444","post","type-post","status-publish","format-standard","has-post-thumbnail","hentry","category-regional"],"jetpack_featured_media_url":"https:\/\/radiorevelacionfm.cl\/wp-content\/uploads\/2021\/08\/dppa_3-1i_optimized.jpg","_links":{"self":[{"href":"https:\/\/radiorevelacionfm.cl\/index.php?rest_route=\/wp\/v2\/posts\/7444","targetHints":{"allow":["GET"]}}],"collection":[{"href":"https:\/\/radiorevelacionfm.cl\/index.php?rest_route=\/wp\/v2\/posts"}],"about":[{"href":"https:\/\/radiorevelacionfm.cl\/index.php?rest_route=\/wp\/v2\/types\/post"}],"author":[{"embeddable":true,"href":"https:\/\/radiorevelacionfm.cl\/index.php?rest_route=\/wp\/v2\/users\/1"}],"replies":[{"embeddable":true,"href":"https:\/\/radiorevelacionfm.cl\/index.php?rest_route=%2Fwp%2Fv2%2Fcomments&post=7444"}],"version-history":[{"count":2,"href":"https:\/\/radiorevelacionfm.cl\/index.php?rest_route=\/wp\/v2\/posts\/7444\/revisions"}],"predecessor-version":[{"id":7448,"href":"https:\/\/radiorevelacionfm.cl\/index.php?rest_route=\/wp\/v2\/posts\/7444\/revisions\/7448"}],"wp:featuredmedia":[{"embeddable":true,"href":"https:\/\/radiorevelacionfm.cl\/index.php?rest_route=\/wp\/v2\/media\/7447"}],"wp:attachment":[{"href":"https:\/\/radiorevelacionfm.cl\/index.php?rest_route=%2Fwp%2Fv2%2Fmedia&parent=7444"}],"wp:term":[{"taxonomy":"category","embeddable":true,"href":"https:\/\/radiorevelacionfm.cl\/index.php?rest_route=%2Fwp%2Fv2%2Fcategories&post=7444"},{"taxonomy":"post_tag","embeddable":true,"href":"https:\/\/radiorevelacionfm.cl\/index.php?rest_route=%2Fwp%2Fv2%2Ftags&post=7444"}],"curies":[{"name":"wp","href":"https:\/\/api.w.org\/{rel}","templated":true}]}}