{"id":7441,"date":"2021-08-14T11:55:16","date_gmt":"2021-08-14T14:55:16","guid":{"rendered":"https:\/\/radiorevelacionfm.cl\/?p=7441"},"modified":"2021-08-14T11:55:16","modified_gmt":"2021-08-14T14:55:16","slug":"corfo-aysen-anuncia-convocatoria-para-la-expansion-comercial-de-empresas-lideradas-por-mujeres","status":"publish","type":"post","link":"https:\/\/radiorevelacionfm.cl\/?p=7441","title":{"rendered":"Corfo Ays\u00e9n anuncia convocatoria para la expansi\u00f3n comercial de empresas lideradas por mujeres"},"content":{"rendered":"<div class=\"flex_column av_one_full  flex_column_div av-zero-column-padding first  avia-builder-el-0  el_before_av_one_full  avia-builder-el-first  \" style='border-radius:0px; '><div  class='avia-image-container  av-styling-    avia-builder-el-1  avia-builder-el-no-sibling  avia-align-center '  itemprop=\"image\" itemscope=\"itemscope\" itemtype=\"https:\/\/schema.org\/ImageObject\"  ><div class='avia-image-container-inner'><div class='avia-image-overlay-wrap'><img decoding=\"async\" class='wp-image-7442 avia-img-lazy-loading-not-7442 avia_image' src=\"https:\/\/radiorevelacionfm.cl\/wp-content\/uploads\/2021\/08\/red-mercados-02-1-1.jpg\" alt='' title='red mercados 02 (1) (1)' height=\"600\" width=\"900\"  itemprop=\"thumbnailUrl\" srcset=\"https:\/\/radiorevelacionfm.cl\/wp-content\/uploads\/2021\/08\/red-mercados-02-1-1.jpg 900w, https:\/\/radiorevelacionfm.cl\/wp-content\/uploads\/2021\/08\/red-mercados-02-1-1-300x200.jpg 300w, https:\/\/radiorevelacionfm.cl\/wp-content\/uploads\/2021\/08\/red-mercados-02-1-1-768x512.jpg 768w, https:\/\/radiorevelacionfm.cl\/wp-content\/uploads\/2021\/08\/red-mercados-02-1-1-705x470.jpg 705w, https:\/\/radiorevelacionfm.cl\/wp-content\/uploads\/2021\/08\/red-mercados-02-1-1-600x400.jpg 600w\" sizes=\"(max-width: 900px) 100vw, 900px\" \/><\/div><\/div><\/div><\/div><div class=\"flex_column av_one_full  flex_column_div av-zero-column-padding first  avia-builder-el-2  el_after_av_one_full  el_before_av_one_full  column-top-margin\" style='border-radius:0px; '><section class=\"av_textblock_section \"  itemscope=\"itemscope\" itemtype=\"https:\/\/schema.org\/BlogPosting\" itemprop=\"blogPost\" ><div class='avia_textblock  '   itemprop=\"text\" ><p style=\"text-align: center;\"><span style=\"font-size: 18pt;\"><b><span lang=\"ES-MX\">Corfo Ays\u00e9n anuncia convocatoria para la expansi\u00f3n comercial de empresas lideradas por mujeres<\/span><\/b><\/span><\/p>\n<div id=\"gtx-trans\" style=\"position: absolute; left: -50px; top: 4.31534px;\">\n<div class=\"gtx-trans-icon\"><\/div>\n<\/div>\n<\/div><\/section><\/div><div class=\"flex_column av_one_full  flex_column_div av-zero-column-padding first  avia-builder-el-4  el_after_av_one_full  el_before_av_hr  column-top-margin\" style='border-radius:0px; '><section class=\"av_textblock_section \"  itemscope=\"itemscope\" itemtype=\"https:\/\/schema.org\/BlogPosting\" itemprop=\"blogPost\" ><div class='avia_textblock  '   itemprop=\"text\" ><p style=\"font-weight: 400; text-align: justify;\">Corfo abri\u00f3 una nueva convocatoria del\u00a0<a href=\"https:\/\/www.corfo.cl\/sites\/cpp\/convocatorias\/red_mercados_empresas_lideradas_mujeres_diagnostico\" data-saferedirecturl=\"https:\/\/www.google.com\/url?q=https:\/\/www.corfo.cl\/sites\/cpp\/convocatorias\/red_mercados_empresas_lideradas_mujeres_diagnostico&amp;source=gmail&amp;ust=1628972541008000&amp;usg=AFQjCNG-HwdM8hb1qG6KAQ0WLLZ12oCd5Q\"><strong>Programa Red Mercados- Etapa de Diagn\u00f3stico<\/strong><\/a>\u00a0para cofinanciar proyectos colaborativos que presenten empresas mayoritariamente lideradas por mujeres, para el dise\u00f1o y proceso de exportaci\u00f3n y exploraci\u00f3n comercial de sus negocios.<\/p>\n<p style=\"font-weight: 400; text-align: justify;\">Este programa forma parte de las acciones comprometidas por la Corporaci\u00f3n a trav\u00e9s de su Estrategia de Equidad de G\u00e9nero, la cual establece el incentivo a la participaci\u00f3n femenina en sus l\u00edneas de apoyo para beneficiar a m\u00e1s empresarias y emprendedoras a nivel nacional.<\/p>\n<p style=\"font-weight: 400; text-align: justify;\">Omar Mu\u00f1oz Sierra, director de Corfo Ays\u00e9n, detall\u00f3 los alcances de este programa. \u201cPara esta convocatoria, Red Mercado ha puesto el foco en proyectos presentados por empresas que est\u00e9n lideradas mayoritariamente por mujeres. En esta oportunidad, se financiar\u00e1n dos proyectos colaborativos para la macrozona austral, que componen las regiones de Los Lagos, Ays\u00e9n y Magallanes. Las emprendedoras son clave en este proceso de reactivaci\u00f3n econ\u00f3mica para nuestro pa\u00eds y regi\u00f3n, pues sus iniciativas presentan una mayor proyecci\u00f3n a largo plazo y con este programa queremos abrir la oportunidad para que m\u00e1s mujeres puedan expandirse y exportar sus bienes o servicios\u201d.<\/p>\n<p style=\"font-weight: 400; text-align: justify;\">Este programa incluye el apoyo Corfo para dos etapas. En la primera, de diagn\u00f3stico, los proyectos seleccionados podr\u00e1n optar a un cofinanciamiento de hasta 4 millones de pesos para dise\u00f1ar y planificar una arista comercial de exportaci\u00f3n. En una segunda, de<strong>\u00a0<\/strong>desarrollo<strong>,<\/strong>\u00a0acceder\u00e1n a un nuevo subsidio para implementar dicha estrategia, que financiar\u00e1 hasta el 90% del costo total de esta fase, con un tope 40 millones de pesos.<\/p>\n<p style=\"font-weight: 400; text-align: justify;\">Los grupos de empresarias y emprendedoras interesadas en postular deber\u00e1n hacerlo a trav\u00e9s de la Corporaci\u00f3n de Desarrollo Social del Sector Rural,\u00a0<a href=\"https:\/\/codesser.cl\/aysen\/\" data-saferedirecturl=\"https:\/\/www.google.com\/url?q=https:\/\/codesser.cl\/aysen\/&amp;source=gmail&amp;ust=1628972541008000&amp;usg=AFQjCNGIeA7DM8ec8yC8lblBLHfvvHxUJQ\">Codesser de la Regi\u00f3n de Ays\u00e9n<\/a>.<\/p>\n<p style=\"font-weight: 400; text-align: justify;\">La convocatoria estar\u00e1 abierta hasta\u00a0<strong>el jueves 9 de septiembre, a las 15.00 horas.<\/strong><\/p>\n<p style=\"font-weight: 400; text-align: justify;\">M\u00e1s detalles sobre las bases y requisitos para la postulaci\u00f3n en el sitio web\u00a0de Corfo\u00a0<a href=\"http:\/\/www.corfo.cl\/\" data-saferedirecturl=\"https:\/\/www.google.com\/url?q=http:\/\/www.corfo.cl&amp;source=gmail&amp;ust=1628972541008000&amp;usg=AFQjCNHNvVJPzS3V_BCNJWX0c3jB0cXH7A\">www.corfo.cl<\/a><\/p>\n<p style=\"font-weight: 400; text-align: justify;\">Enlace directo:\u00a0<a href=\"https:\/\/www.corfo.cl\/sites\/cpp\/convocatorias\/red_mercados_empresas_lideradas_mujeres_diagnostico\" data-saferedirecturl=\"https:\/\/www.google.com\/url?q=https:\/\/www.corfo.cl\/sites\/cpp\/convocatorias\/red_mercados_empresas_lideradas_mujeres_diagnostico&amp;source=gmail&amp;ust=1628972541008000&amp;usg=AFQjCNG-HwdM8hb1qG6KAQ0WLLZ12oCd5Q\">https:\/\/www.corfo.cl\/sites\/cpp\/convocatorias\/red_mercados_empresas_lideradas_mujeres_diagnostico<\/a><\/p>\n<\/div><\/section><\/div><div  style='height:50px' class='hr hr-invisible   avia-builder-el-6  el_after_av_one_full  el_before_av_social_share '><span class='hr-inner ' ><span class='hr-inner-style'><\/span><\/span><\/div><\/p>\n<div  class='av-social-sharing-box  avia-builder-el-7  el_after_av_hr  el_before_av_hr  '><div class='av-share-box'><h5 class='av-share-link-description av-no-toc '>Compartir esta noticia<\/h5><ul class='av-share-box-list noLightbox'><li class='av-share-link av-social-link-facebook' ><a target=\"_blank\" aria-label=\"Compartir en Facebook\" href='https:\/\/www.facebook.com\/sharer.php?u=https:\/\/radiorevelacionfm.cl\/?p=7441&#038;t=Corfo%20Ays%C3%A9n%20anuncia%20convocatoria%20para%20la%20expansi%C3%B3n%20comercial%20de%20empresas%20lideradas%20por%20mujeres' aria-hidden='false' data-av_icon='\ue8f3' data-av_iconfont='entypo-fontello' title='' data-avia-related-tooltip='Compartir en Facebook' rel=\"noopener\"><span class='avia_hidden_link_text'>Compartir en Facebook<\/span><\/a><\/li><li class='av-share-link av-social-link-twitter' ><a target=\"_blank\" aria-label=\"Compartir en Twitter\" href='https:\/\/twitter.com\/share?text=Corfo%20Ays%C3%A9n%20anuncia%20convocatoria%20para%20la%20expansi%C3%B3n%20comercial%20de%20empresas%20lideradas%20por%20mujeres&#038;url=https:\/\/radiorevelacionfm.cl\/?p=7441' aria-hidden='false' data-av_icon='\ue8f1' data-av_iconfont='entypo-fontello' title='' data-avia-related-tooltip='Compartir en Twitter' rel=\"noopener\"><span class='avia_hidden_link_text'>Compartir en Twitter<\/span><\/a><\/li><li class='av-share-link av-social-link-whatsapp' ><a target=\"_blank\" aria-label=\"Compartir en Whatsapp\" href='https:\/\/api.whatsapp.com\/send?text=https:\/\/radiorevelacionfm.cl\/?p=7441' aria-hidden='false' data-av_icon='\uf232' data-av_iconfont='entypo-fontello' title='' data-avia-related-tooltip='Compartir en Whatsapp' rel=\"noopener\"><span class='avia_hidden_link_text'>Compartir en Whatsapp<\/span><\/a><\/li><li class='av-share-link av-social-link-linkedin' ><a target=\"_blank\" aria-label=\"Compartir en LinkedIn\" href='https:\/\/linkedin.com\/shareArticle?mini=true&#038;title=Corfo%20Ays%C3%A9n%20anuncia%20convocatoria%20para%20la%20expansi%C3%B3n%20comercial%20de%20empresas%20lideradas%20por%20mujeres&#038;url=https:\/\/radiorevelacionfm.cl\/?p=7441' aria-hidden='false' data-av_icon='\ue8fc' data-av_iconfont='entypo-fontello' title='' data-avia-related-tooltip='Compartir en LinkedIn' rel=\"noopener\"><span class='avia_hidden_link_text'>Compartir en LinkedIn<\/span><\/a><\/li><li class='av-share-link av-social-link-mail' ><a  aria-label=\"Compartir por correo\" href='mailto:?subject=Corfo%20Ays%C3%A9n%20anuncia%20convocatoria%20para%20la%20expansi%C3%B3n%20comercial%20de%20empresas%20lideradas%20por%20mujeres&#038;body=https:\/\/radiorevelacionfm.cl\/?p=7441' aria-hidden='false' data-av_icon='\ue805' data-av_iconfont='entypo-fontello' title='' data-avia-related-tooltip='Compartir por correo'><span class='avia_hidden_link_text'>Compartir por correo<\/span><\/a><\/li><\/ul><\/div><\/div>\n<div  style='height:50px' class='hr hr-invisible   avia-builder-el-8  el_after_av_social_share  el_before_av_comments_list '><span class='hr-inner ' ><span class='hr-inner-style'><\/span><\/span><\/div>\n<div  class='av-buildercomment  av-blog-meta-html-info-disabled av-blog-meta-tag-disabled  '><\/div>\n","protected":false},"excerpt":{"rendered":"","protected":false},"author":1,"featured_media":7442,"comment_status":"open","ping_status":"open","sticky":false,"template":"","format":"standard","meta":{"footnotes":""},"categories":[37],"tags":[],"class_list":["post-7441","post","type-post","status-publish","format-standard","has-post-thumbnail","hentry","category-economia"],"jetpack_featured_media_url":"https:\/\/radiorevelacionfm.cl\/wp-content\/uploads\/2021\/08\/red-mercados-02-1-1.jpg","_links":{"self":[{"href":"https:\/\/radiorevelacionfm.cl\/index.php?rest_route=\/wp\/v2\/posts\/7441","targetHints":{"allow":["GET"]}}],"collection":[{"href":"https:\/\/radiorevelacionfm.cl\/index.php?rest_route=\/wp\/v2\/posts"}],"about":[{"href":"https:\/\/radiorevelacionfm.cl\/index.php?rest_route=\/wp\/v2\/types\/post"}],"author":[{"embeddable":true,"href":"https:\/\/radiorevelacionfm.cl\/index.php?rest_route=\/wp\/v2\/users\/1"}],"replies":[{"embeddable":true,"href":"https:\/\/radiorevelacionfm.cl\/index.php?rest_route=%2Fwp%2Fv2%2Fcomments&post=7441"}],"version-history":[{"count":1,"href":"https:\/\/radiorevelacionfm.cl\/index.php?rest_route=\/wp\/v2\/posts\/7441\/revisions"}],"predecessor-version":[{"id":7443,"href":"https:\/\/radiorevelacionfm.cl\/index.php?rest_route=\/wp\/v2\/posts\/7441\/revisions\/7443"}],"wp:featuredmedia":[{"embeddable":true,"href":"https:\/\/radiorevelacionfm.cl\/index.php?rest_route=\/wp\/v2\/media\/7442"}],"wp:attachment":[{"href":"https:\/\/radiorevelacionfm.cl\/index.php?rest_route=%2Fwp%2Fv2%2Fmedia&parent=7441"}],"wp:term":[{"taxonomy":"category","embeddable":true,"href":"https:\/\/radiorevelacionfm.cl\/index.php?rest_route=%2Fwp%2Fv2%2Fcategories&post=7441"},{"taxonomy":"post_tag","embeddable":true,"href":"https:\/\/radiorevelacionfm.cl\/index.php?rest_route=%2Fwp%2Fv2%2Ftags&post=7441"}],"curies":[{"name":"wp","href":"https:\/\/api.w.org\/{rel}","templated":true}]}}