{"id":7438,"date":"2021-08-13T17:51:59","date_gmt":"2021-08-13T20:51:59","guid":{"rendered":"https:\/\/radiorevelacionfm.cl\/?p=7438"},"modified":"2021-08-13T17:51:59","modified_gmt":"2021-08-13T20:51:59","slug":"escuela-litoral-austral-de-puerto-aysen-conforma-camerata-de-cuerdas-escolar","status":"publish","type":"post","link":"https:\/\/radiorevelacionfm.cl\/?p=7438","title":{"rendered":"Escuela Litoral Austral de Puerto Ays\u00e9n conforma Camerata de Cuerdas Escolar"},"content":{"rendered":"<div class=\"flex_column av_one_full  flex_column_div av-zero-column-padding first  avia-builder-el-0  el_before_av_one_full  avia-builder-el-first  \" style='border-radius:0px; '><div  class='avia-image-container  av-styling-    avia-builder-el-1  avia-builder-el-no-sibling  avia-align-center '  itemprop=\"image\" itemscope=\"itemscope\" itemtype=\"https:\/\/schema.org\/ImageObject\"  ><div class='avia-image-container-inner'><div class='avia-image-overlay-wrap'><img decoding=\"async\" class='wp-image-7439 avia-img-lazy-loading-not-7439 avia_image' src=\"https:\/\/radiorevelacionfm.cl\/wp-content\/uploads\/2021\/08\/Camerata-01-1-1.jpg\" alt='' title='Camerata 01 (1) (1)' height=\"600\" width=\"845\"  itemprop=\"thumbnailUrl\" srcset=\"https:\/\/radiorevelacionfm.cl\/wp-content\/uploads\/2021\/08\/Camerata-01-1-1.jpg 845w, https:\/\/radiorevelacionfm.cl\/wp-content\/uploads\/2021\/08\/Camerata-01-1-1-300x213.jpg 300w, https:\/\/radiorevelacionfm.cl\/wp-content\/uploads\/2021\/08\/Camerata-01-1-1-768x545.jpg 768w, https:\/\/radiorevelacionfm.cl\/wp-content\/uploads\/2021\/08\/Camerata-01-1-1-260x185.jpg 260w, https:\/\/radiorevelacionfm.cl\/wp-content\/uploads\/2021\/08\/Camerata-01-1-1-705x501.jpg 705w, https:\/\/radiorevelacionfm.cl\/wp-content\/uploads\/2021\/08\/Camerata-01-1-1-600x426.jpg 600w\" sizes=\"(max-width: 845px) 100vw, 845px\" \/><\/div><\/div><\/div><\/div><div class=\"flex_column av_one_full  flex_column_div av-zero-column-padding first  avia-builder-el-2  el_after_av_one_full  el_before_av_one_full  column-top-margin\" style='border-radius:0px; '><section class=\"av_textblock_section \"  itemscope=\"itemscope\" itemtype=\"https:\/\/schema.org\/BlogPosting\" itemprop=\"blogPost\" ><div class='avia_textblock  '   itemprop=\"text\" ><p style=\"text-align: center;\"><span style=\"font-size: 18pt;\"><strong>Escuela Litoral Austral de Puerto Ays\u00e9n conforma Camerata de Cuerdas Escolar<\/strong><\/span><\/p>\n<div id=\"gtx-trans\" style=\"position: absolute; left: -50px; top: 4.31534px;\">\n<div class=\"gtx-trans-icon\"><\/div>\n<\/div>\n<\/div><\/section><\/div><div class=\"flex_column av_one_full  flex_column_div av-zero-column-padding first  avia-builder-el-4  el_after_av_one_full  el_before_av_hr  column-top-margin\" style='border-radius:0px; '><section class=\"av_textblock_section \"  itemscope=\"itemscope\" itemtype=\"https:\/\/schema.org\/BlogPosting\" itemprop=\"blogPost\" ><div class='avia_textblock  '   itemprop=\"text\" ><p style=\"text-align: justify;\">Felices se mostraron los estudiantes de la escuela Litoral Austral, que este viernes recibieron de manos de sus profesores de m\u00fasica, diversos instrumentos de cuerda -entre ellos, viola, violoncello y contrabajo-, que marca el hito inicial de la conformaci\u00f3n de la Camerata de Cuerdas Escolar de este establecimiento.<\/p>\n<p style=\"text-align: justify;\">Con la presentaci\u00f3n de varios de sus integrantes quienes, a trav\u00e9s de la interpretaci\u00f3n de piezas musicales, dieron cuenta a los presentes de su talento y habilidades en este arte, y la presencia de padres y apoderados, adem\u00e1s del director (S) DEM, Freddy Moraga; director de la escuela, Carlos Alarc\u00f3n; directora de la Orquesta Comunal, Patricia Araya; docentes y comunidad educativa de la Litoral Austral, posteriormente se dio paso a la entrega de los instrumentos musicales.<\/p>\n<p style=\"text-align: justify;\">Al respecto, a los ya adquiridos por la escuela en su sala de m\u00fasica, se sumaron los donados por la FOJI, adem\u00e1s de una serie de accesorios musicales que vienen a complementar los violines de este recinto estudiantil. Producto de ello, fue posible dar vida a la Camerata escolar, que inici\u00f3 sus actividades durante la misma jornada.<\/p>\n<p style=\"text-align: justify;\">De esta manera, 10 alumnos -distribuidos desde 2do a 6to b\u00e1sico- recibieron su instrumento musical, mostr\u00e1ndose felices y emocionados ante este importante aliciente que les permitir\u00e1 continuar cultivando sus dotes art\u00edsticos.<\/p>\n<p style=\"text-align: justify;\">\u201cPara m\u00ed la m\u00fasica es un mundo en el que puedes aprender distintas cosas, y a tocar distintos instrumentos. Hay mucha variedad. Reci\u00e9n estoy iniciando, nunca lo hab\u00eda tocado, as\u00ed que estoy feliz\u201d, coment\u00f3 tras la entrega el estudiante Luciano C\u00e1rdenas, de 8 a\u00f1os de edad.<\/p>\n<p style=\"text-align: justify;\">Por su parte, Antonio Perotti -apoderado del alumno Alonso Quil\u00edn-, dio cuenta de su orgullo ante esta instancia que permitir\u00e1 a su pupilo seguir desarrollando el sue\u00f1o de ser m\u00fasico. \u201cEstamos muy contentos, muy felices por \u00e9l. Como pap\u00e1s, intentamos darle todo lo que est\u00e9 a nuestro alcance para hacerlo feliz, y le fascina la m\u00fasica. Apenas supo de esto, el profesor le coment\u00f3 y se nos prendi\u00f3 la ampolleta enseguida. Le dieron la opci\u00f3n de violonchelo o viol\u00edn. Violonchelo quiso \u00e9l, desde ah\u00ed estamos esperando este d\u00eda. Alonso est\u00e1 muy feliz y nosotros muy agradecidos por esta gran iniciativa que ha tenido la escuela y el municipio. Esperar que el d\u00eda de ma\u00f1ana se llene esto para verlos tocar a todos juntos. Ojal\u00e1 que se sigan repitiendo estos momentos\u201d, manifest\u00f3.<\/p>\n<p style=\"text-align: justify;\">El director de la escuela, Carlos Alarc\u00f3n, se\u00f1al\u00f3 que el \u00e1mbito musical es el segundo sello luego de lo acad\u00e9mico en este establecimiento, dado el inter\u00e9s que han demostrado los alumnos y los efectos que tiene la m\u00fasica en los mismos. \u201cPartimos con lo acad\u00e9mico porque era necesario y continuamos hoy en lo musical, para lo cual comenzamos a trabajar, adquirimos instrumentos, incorporamos talleres de viol\u00edn, bater\u00eda, flauta, guitarra y otros. Hemos tenido la orquesta latinoamericana que nos ha dado excelentes resultados y nos ha representado muy bien en toda la regi\u00f3n. Y de pronto surge este proyecto de Camerata, donde vimos la oportunidad de potenciar a\u00fan m\u00e1s nuestro sello musical y que se est\u00e1 concretando para la alegr\u00eda de los ni\u00f1os, as\u00ed que contentos con esta nueva posibilidad que se abre para nuestros estudiantes\u201d. El directivo agreg\u00f3 que \u201ca los dos profesores de m\u00fasica que hoy tenemos, se suman dos profesores m\u00e1s que hoy fueron presentados y que van a tener la funci\u00f3n y misi\u00f3n de trabajar con la Camerata y que, estoy seguro, nos auguran excelentes resultados en el corto y mediano plazo\u201d.<\/p>\n<p style=\"text-align: justify;\"><strong>PROFESORA DE M\u00daSICA SE INTEGRA A ORQUESTA ESCOLAR COMUNAL<\/strong><\/p>\n<p style=\"text-align: justify;\">Es as\u00ed que durante la ceremonia de inicio de esta Camerata escolar, se present\u00f3 a M\u00f3nica Rojas, profesora de m\u00fasica que en los \u00faltimos d\u00edas arrib\u00f3 a la regi\u00f3n y de inmediato se integr\u00f3 a la Orquesta para apoyar el trabajo no s\u00f3lo en la Litoral Austral, sino en los diversos establecimientos municipales en los que existen alumnos que forman parte de esta instancia musical.<\/p>\n<p style=\"text-align: justify;\">\u201cMuy intenso todo porque vengo reci\u00e9n llegando, pero muy muy agradecida por la oportunidad y muy feliz tambi\u00e9n de ver a tantos ni\u00f1os recibiendo sus instrumentos y tocando m\u00fasica que es lo que nosotros los profesores de m\u00fasica amamos ver, a los ni\u00f1os disfrutando de esto. El desaf\u00edo m\u00e1s grande es seguir masificando esto, que muchos ni\u00f1os puedan tener m\u00e1s acceso a lo cultural que es muy importante y muy provechoso para ellos. As\u00ed que esa es la tarea, poder involucrar la mayor cantidad de ni\u00f1os\u201d, expres\u00f3.<\/p>\n<p style=\"text-align: justify;\">Finalmente, la directora de la Orquesta Patricia Araya, relev\u00f3 este hito que se gest\u00f3 desde hace varios meses y hoy ha podido convertirse en una realidad. \u201cEstamos sumamente contentos y emocionados porque esto ha sido un trabajo importante, en buscar a los profesores que pueden ense\u00f1ar estos instrumentos, y tambi\u00e9n los instrumentos, porque es dif\u00edcil conseguirlos y tuvimos la suerte de tener el apoyo de la FOJI, que es una de las fundaciones de la presidencia, y estos instrumentos viajaron en mayo desde Santiago hasta la regi\u00f3n para ser entregados en la escuela Litoral Austral \u201c, dijo a\u00f1adiendo que \u201ccomo DEM y municipio deseamos cultivar los talentos de nuestro ni\u00f1os, potenciar todas sus habilidades, aprender valores a trav\u00e9s de la m\u00fasica y estamos trabajando raudamente para esto y ojal\u00e1 esperamos replicar esta misma instancia en otras escuelas tambi\u00e9n a futuro\u201d.<\/p>\n<\/div><\/section><\/div><div  style='height:50px' class='hr hr-invisible   avia-builder-el-6  el_after_av_one_full  el_before_av_social_share '><span class='hr-inner ' ><span class='hr-inner-style'><\/span><\/span><\/div><\/p>\n<div  class='av-social-sharing-box  avia-builder-el-7  el_after_av_hr  el_before_av_hr  '><div class='av-share-box'><h5 class='av-share-link-description av-no-toc '>Compartir esta noticia<\/h5><ul class='av-share-box-list noLightbox'><li class='av-share-link av-social-link-facebook' ><a target=\"_blank\" aria-label=\"Compartir en Facebook\" href='https:\/\/www.facebook.com\/sharer.php?u=https:\/\/radiorevelacionfm.cl\/?p=7438&#038;t=Escuela%20Litoral%20Austral%20de%20Puerto%20Ays%C3%A9n%20conforma%20Camerata%20de%20Cuerdas%20Escolar' aria-hidden='false' data-av_icon='\ue8f3' data-av_iconfont='entypo-fontello' title='' data-avia-related-tooltip='Compartir en Facebook' rel=\"noopener\"><span class='avia_hidden_link_text'>Compartir en Facebook<\/span><\/a><\/li><li class='av-share-link av-social-link-twitter' ><a target=\"_blank\" aria-label=\"Compartir en Twitter\" href='https:\/\/twitter.com\/share?text=Escuela%20Litoral%20Austral%20de%20Puerto%20Ays%C3%A9n%20conforma%20Camerata%20de%20Cuerdas%20Escolar&#038;url=https:\/\/radiorevelacionfm.cl\/?p=7438' aria-hidden='false' data-av_icon='\ue8f1' data-av_iconfont='entypo-fontello' title='' data-avia-related-tooltip='Compartir en Twitter' rel=\"noopener\"><span class='avia_hidden_link_text'>Compartir en Twitter<\/span><\/a><\/li><li class='av-share-link av-social-link-whatsapp' ><a target=\"_blank\" aria-label=\"Compartir en Whatsapp\" href='https:\/\/api.whatsapp.com\/send?text=https:\/\/radiorevelacionfm.cl\/?p=7438' aria-hidden='false' data-av_icon='\uf232' data-av_iconfont='entypo-fontello' title='' data-avia-related-tooltip='Compartir en Whatsapp' rel=\"noopener\"><span class='avia_hidden_link_text'>Compartir en Whatsapp<\/span><\/a><\/li><li class='av-share-link av-social-link-linkedin' ><a target=\"_blank\" aria-label=\"Compartir en LinkedIn\" href='https:\/\/linkedin.com\/shareArticle?mini=true&#038;title=Escuela%20Litoral%20Austral%20de%20Puerto%20Ays%C3%A9n%20conforma%20Camerata%20de%20Cuerdas%20Escolar&#038;url=https:\/\/radiorevelacionfm.cl\/?p=7438' aria-hidden='false' data-av_icon='\ue8fc' data-av_iconfont='entypo-fontello' title='' data-avia-related-tooltip='Compartir en LinkedIn' rel=\"noopener\"><span class='avia_hidden_link_text'>Compartir en LinkedIn<\/span><\/a><\/li><li class='av-share-link av-social-link-mail' ><a  aria-label=\"Compartir por correo\" href='mailto:?subject=Escuela%20Litoral%20Austral%20de%20Puerto%20Ays%C3%A9n%20conforma%20Camerata%20de%20Cuerdas%20Escolar&#038;body=https:\/\/radiorevelacionfm.cl\/?p=7438' aria-hidden='false' data-av_icon='\ue805' data-av_iconfont='entypo-fontello' title='' data-avia-related-tooltip='Compartir por correo'><span class='avia_hidden_link_text'>Compartir por correo<\/span><\/a><\/li><\/ul><\/div><\/div>\n<div  style='height:50px' class='hr hr-invisible   avia-builder-el-8  el_after_av_social_share  el_before_av_comments_list '><span class='hr-inner ' ><span class='hr-inner-style'><\/span><\/span><\/div>\n<div  class='av-buildercomment  av-blog-meta-html-info-disabled av-blog-meta-tag-disabled  '><\/div>\n","protected":false},"excerpt":{"rendered":"","protected":false},"author":1,"featured_media":7439,"comment_status":"open","ping_status":"open","sticky":false,"template":"","format":"standard","meta":{"footnotes":""},"categories":[49],"tags":[],"class_list":["post-7438","post","type-post","status-publish","format-standard","has-post-thumbnail","hentry","category-educacion"],"jetpack_featured_media_url":"https:\/\/radiorevelacionfm.cl\/wp-content\/uploads\/2021\/08\/Camerata-01-1-1.jpg","_links":{"self":[{"href":"https:\/\/radiorevelacionfm.cl\/index.php?rest_route=\/wp\/v2\/posts\/7438","targetHints":{"allow":["GET"]}}],"collection":[{"href":"https:\/\/radiorevelacionfm.cl\/index.php?rest_route=\/wp\/v2\/posts"}],"about":[{"href":"https:\/\/radiorevelacionfm.cl\/index.php?rest_route=\/wp\/v2\/types\/post"}],"author":[{"embeddable":true,"href":"https:\/\/radiorevelacionfm.cl\/index.php?rest_route=\/wp\/v2\/users\/1"}],"replies":[{"embeddable":true,"href":"https:\/\/radiorevelacionfm.cl\/index.php?rest_route=%2Fwp%2Fv2%2Fcomments&post=7438"}],"version-history":[{"count":1,"href":"https:\/\/radiorevelacionfm.cl\/index.php?rest_route=\/wp\/v2\/posts\/7438\/revisions"}],"predecessor-version":[{"id":7440,"href":"https:\/\/radiorevelacionfm.cl\/index.php?rest_route=\/wp\/v2\/posts\/7438\/revisions\/7440"}],"wp:featuredmedia":[{"embeddable":true,"href":"https:\/\/radiorevelacionfm.cl\/index.php?rest_route=\/wp\/v2\/media\/7439"}],"wp:attachment":[{"href":"https:\/\/radiorevelacionfm.cl\/index.php?rest_route=%2Fwp%2Fv2%2Fmedia&parent=7438"}],"wp:term":[{"taxonomy":"category","embeddable":true,"href":"https:\/\/radiorevelacionfm.cl\/index.php?rest_route=%2Fwp%2Fv2%2Fcategories&post=7438"},{"taxonomy":"post_tag","embeddable":true,"href":"https:\/\/radiorevelacionfm.cl\/index.php?rest_route=%2Fwp%2Fv2%2Ftags&post=7438"}],"curies":[{"name":"wp","href":"https:\/\/api.w.org\/{rel}","templated":true}]}}