{"id":7435,"date":"2021-08-13T17:26:20","date_gmt":"2021-08-13T20:26:20","guid":{"rendered":"https:\/\/radiorevelacionfm.cl\/?p=7435"},"modified":"2021-08-13T17:26:20","modified_gmt":"2021-08-13T20:26:20","slug":"diputado-calisto-tras-reunirse-con-comite-pro-barcaza-no-es-justo-el-trato-que-le-esta-dando-el-gobierno-a-las-familias-de-chile-chico-y-la-provincia-de-general-carrera","status":"publish","type":"post","link":"https:\/\/radiorevelacionfm.cl\/?p=7435","title":{"rendered":"Diputado Calisto tras reunirse con Comit\u00e9 Pro Barcaza: \u201cNo es justo el trato que le est\u00e1 dando el Gobierno a las familias de Chile Chico y la provincia de General Carrera\u201d"},"content":{"rendered":"<div class=\"flex_column av_one_full  flex_column_div av-zero-column-padding first  avia-builder-el-0  el_before_av_one_full  avia-builder-el-first  \" style='border-radius:0px; '><div  class='avia-image-container  av-styling-    avia-builder-el-1  avia-builder-el-no-sibling  avia-align-center '  itemprop=\"image\" itemscope=\"itemscope\" itemtype=\"https:\/\/schema.org\/ImageObject\"  ><div class='avia-image-container-inner'><div class='avia-image-overlay-wrap'><img decoding=\"async\" class='wp-image-7436 avia-img-lazy-loading-not-7436 avia_image' src=\"https:\/\/radiorevelacionfm.cl\/wp-content\/uploads\/2021\/08\/FOTO-COMITE-PROBARCAZA1-1-1.jpg\" alt='' title='FOTO COMIT\u00c9 PROBARCAZA1 (1) (1)' height=\"617\" width=\"1198\"  itemprop=\"thumbnailUrl\" srcset=\"https:\/\/radiorevelacionfm.cl\/wp-content\/uploads\/2021\/08\/FOTO-COMITE-PROBARCAZA1-1-1.jpg 1198w, https:\/\/radiorevelacionfm.cl\/wp-content\/uploads\/2021\/08\/FOTO-COMITE-PROBARCAZA1-1-1-300x155.jpg 300w, https:\/\/radiorevelacionfm.cl\/wp-content\/uploads\/2021\/08\/FOTO-COMITE-PROBARCAZA1-1-1-1030x530.jpg 1030w, https:\/\/radiorevelacionfm.cl\/wp-content\/uploads\/2021\/08\/FOTO-COMITE-PROBARCAZA1-1-1-768x396.jpg 768w, https:\/\/radiorevelacionfm.cl\/wp-content\/uploads\/2021\/08\/FOTO-COMITE-PROBARCAZA1-1-1-705x363.jpg 705w, https:\/\/radiorevelacionfm.cl\/wp-content\/uploads\/2021\/08\/FOTO-COMITE-PROBARCAZA1-1-1-600x309.jpg 600w\" sizes=\"(max-width: 1198px) 100vw, 1198px\" \/><\/div><\/div><\/div><\/div><div class=\"flex_column av_one_full  flex_column_div av-zero-column-padding first  avia-builder-el-2  el_after_av_one_full  el_before_av_one_full  column-top-margin\" style='border-radius:0px; '><section class=\"av_textblock_section \"  itemscope=\"itemscope\" itemtype=\"https:\/\/schema.org\/BlogPosting\" itemprop=\"blogPost\" ><div class='avia_textblock  '   itemprop=\"text\" ><p style=\"text-align: center;\"><strong><span style=\"font-size: 18pt;\">Diputado Calisto tras reunirse con Comit\u00e9 Pro Barcaza: \u201cNo es justo el trato que le est\u00e1 dando el Gobierno a las familias de Chile Chico y la provincia de General Carrera\u201d<\/span><\/strong><\/p>\n<div id=\"gtx-trans\" style=\"position: absolute; left: -50px; top: 4.31534px;\">\n<div class=\"gtx-trans-icon\"><\/div>\n<\/div>\n<\/div><\/section><\/div><div class=\"flex_column av_one_full  flex_column_div av-zero-column-padding first  avia-builder-el-4  el_after_av_one_full  el_before_av_hr  column-top-margin\" style='border-radius:0px; '><section class=\"av_textblock_section \"  itemscope=\"itemscope\" itemtype=\"https:\/\/schema.org\/BlogPosting\" itemprop=\"blogPost\" ><div class='avia_textblock  '   itemprop=\"text\" ><p style=\"font-weight: 400; text-align: justify;\">Consciente de los graves problemas que tienen las vecinas y vecinos de Chile Chico en materia de conectividad, el diputado Miguel \u00c1ngel Calisto sostuvo una reuni\u00f3n con el comit\u00e9 Pro Barcaza de esta localidad, afirmando que \u201cno es justo el trato que le est\u00e1 dando el Gobierno a las familias de esta comuna y de la provincia de General Carrera\u201d.<\/p>\n<p style=\"font-weight: 400; text-align: justify;\">Seg\u00fan el legislador, \u201ctenemos una situaci\u00f3n grave en Chile Chico y en la provincia de General Carrera. Necesitamos que todos los actores regionales, parlamentarios, gobernadora, Consejeros y el Municipio participemos de una discusi\u00f3n amplia que nos permita mejorar la frecuencia de conectividad en el Lago General Carrera\u201d.<\/p>\n<p style=\"font-weight: 400; text-align: justify;\">\u201cNecesitamos que exista una conexi\u00f3n permanente, segura y con una frecuencia \u00f3ptima, tal como actualmente existe en el Canal de Chacao para unir Chilo\u00e9 con el continente. Ese tipo de est\u00e1ndar es el que merecemos en la provincia de General Carrera. No es justo el trato que est\u00e1 dando el Gobierno a las familias de esta comuna y de la regi\u00f3n de Ays\u00e9n en general\u201d, indic\u00f3.<\/p>\n<p style=\"font-weight: 400; text-align: justify;\">El legislador asegur\u00f3 que \u201choy hemos visto el incidente que tiene a la barcaza Tehuelche sin poder ser utilizada. La otra barcaza que est\u00e1 a disposici\u00f3n es m\u00e1s peque\u00f1a y menos segura, lo que genera un problema grave de inseguridad en el tr\u00e1nsito en el lago. Necesitamos en primer lugar que se act\u00fae de forma coordinada para dar una pronta soluci\u00f3n de frecuencia y seguridad, y en segundo lugar pensar en comprar una nueva barcaza para el lago\u201d.<\/p>\n<p style=\"font-weight: 400; text-align: justify;\">Por su parte, el presidente del Comit\u00e9 Pro Barcaza, Jorge Barr\u00eda, \u201cle dimos a conocer al diputado la problem\u00e1tica que tenemos actualmente en materia de conectividad. Esto ya no es algo nuevo, hemos tenido bastantes dificultades este a\u00f1o y a\u00f1os anteriores. Hemos estado viendo con distintas autoridades locales y regionales este asunto, muchas veces no hemos sido escuchados y queremos visualizar m\u00e1s este problema a nivel regional\u201d.<\/p>\n<p style=\"font-weight: 400; text-align: justify;\">\u201cEl gran problema que tenemos como localidades es nuestro aislamiento hist\u00f3rico. Queremos que las autoridades se hagan cargo de esta situaci\u00f3n, que nos empiecen a mirar c\u00f3mo somos realmente, personas con dignidad que quieren que sus hijos y nuestros enfermos se puedan mover libremente por nuestra regi\u00f3n\u201d, afirm\u00f3.<\/p>\n<p style=\"font-weight: 400; text-align: justify;\">El dirigente se\u00f1al\u00f3 que \u201chemos estado pasando graves dificultades por no tener nuestra principal embarcaci\u00f3n, La Tehuelche, y hemos visto que las autoridades de Gobierno han sido bastante lentas en su actuar, no hemos tenido las respuestas que hemos esperado como localidades. Hemos tenido vecinos que se han quedado sin poder viajar, sin poder ser utilizar sus horas m\u00e9dicas, lo que nos ha generado mucha incertidumbre\u201d.<\/p>\n<p style=\"font-weight: 400; text-align: justify;\">Finalmente, Jorge Barr\u00eda declar\u00f3 que \u201chacemos un llamado a nuestras autoridades a realmente poner la vista en nuestros problemas, que se acerquen y empecemos a conversar sobre lo que pasa ac\u00e1 en Chile Chico, que es bastante complejo\u201d.<\/p>\n<\/div><\/section><\/div><div  style='height:50px' class='hr hr-invisible   avia-builder-el-6  el_after_av_one_full  el_before_av_social_share '><span class='hr-inner ' ><span class='hr-inner-style'><\/span><\/span><\/div><\/p>\n<div  class='av-social-sharing-box  avia-builder-el-7  el_after_av_hr  el_before_av_hr  '><div class='av-share-box'><h5 class='av-share-link-description av-no-toc '>Compartir esta noticia<\/h5><ul class='av-share-box-list noLightbox'><li class='av-share-link av-social-link-facebook' ><a target=\"_blank\" aria-label=\"Compartir en Facebook\" href='https:\/\/www.facebook.com\/sharer.php?u=https:\/\/radiorevelacionfm.cl\/?p=7435&#038;t=Diputado%20Calisto%20tras%20reunirse%20con%20Comit%C3%A9%20Pro%20Barcaza%3A%20%E2%80%9CNo%20es%20justo%20el%20trato%20que%20le%20est%C3%A1%20dando%20el%20Gobierno%20a%20las%20familias%20de%20Chile%20Chico%20y%20la%20provincia%20de%20General%20Carrera%E2%80%9D' aria-hidden='false' data-av_icon='\ue8f3' data-av_iconfont='entypo-fontello' title='' data-avia-related-tooltip='Compartir en Facebook' rel=\"noopener\"><span class='avia_hidden_link_text'>Compartir en Facebook<\/span><\/a><\/li><li class='av-share-link av-social-link-twitter' ><a target=\"_blank\" aria-label=\"Compartir en Twitter\" href='https:\/\/twitter.com\/share?text=Diputado%20Calisto%20tras%20reunirse%20con%20Comit%C3%A9%20Pro%20Barcaza%3A%20%E2%80%9CNo%20es%20justo%20el%20trato%20que%20le%20est%C3%A1%20dando%20el%20Gobierno%20a%20las%20familias%20de%20Chile%20Chico%20y%20la%20provincia%20de%20General%20Carrera%E2%80%9D&#038;url=https:\/\/radiorevelacionfm.cl\/?p=7435' aria-hidden='false' data-av_icon='\ue8f1' data-av_iconfont='entypo-fontello' title='' data-avia-related-tooltip='Compartir en Twitter' rel=\"noopener\"><span class='avia_hidden_link_text'>Compartir en Twitter<\/span><\/a><\/li><li class='av-share-link av-social-link-whatsapp' ><a target=\"_blank\" aria-label=\"Compartir en Whatsapp\" href='https:\/\/api.whatsapp.com\/send?text=https:\/\/radiorevelacionfm.cl\/?p=7435' aria-hidden='false' data-av_icon='\uf232' data-av_iconfont='entypo-fontello' title='' data-avia-related-tooltip='Compartir en Whatsapp' rel=\"noopener\"><span class='avia_hidden_link_text'>Compartir en Whatsapp<\/span><\/a><\/li><li class='av-share-link av-social-link-linkedin' ><a target=\"_blank\" aria-label=\"Compartir en LinkedIn\" href='https:\/\/linkedin.com\/shareArticle?mini=true&#038;title=Diputado%20Calisto%20tras%20reunirse%20con%20Comit%C3%A9%20Pro%20Barcaza%3A%20%E2%80%9CNo%20es%20justo%20el%20trato%20que%20le%20est%C3%A1%20dando%20el%20Gobierno%20a%20las%20familias%20de%20Chile%20Chico%20y%20la%20provincia%20de%20General%20Carrera%E2%80%9D&#038;url=https:\/\/radiorevelacionfm.cl\/?p=7435' aria-hidden='false' data-av_icon='\ue8fc' data-av_iconfont='entypo-fontello' title='' data-avia-related-tooltip='Compartir en LinkedIn' rel=\"noopener\"><span class='avia_hidden_link_text'>Compartir en LinkedIn<\/span><\/a><\/li><li class='av-share-link av-social-link-mail' ><a  aria-label=\"Compartir por correo\" href='mailto:?subject=Diputado%20Calisto%20tras%20reunirse%20con%20Comit%C3%A9%20Pro%20Barcaza%3A%20%E2%80%9CNo%20es%20justo%20el%20trato%20que%20le%20est%C3%A1%20dando%20el%20Gobierno%20a%20las%20familias%20de%20Chile%20Chico%20y%20la%20provincia%20de%20General%20Carrera%E2%80%9D&#038;body=https:\/\/radiorevelacionfm.cl\/?p=7435' aria-hidden='false' data-av_icon='\ue805' data-av_iconfont='entypo-fontello' title='' data-avia-related-tooltip='Compartir por correo'><span class='avia_hidden_link_text'>Compartir por correo<\/span><\/a><\/li><\/ul><\/div><\/div>\n<div  style='height:50px' class='hr hr-invisible   avia-builder-el-8  el_after_av_social_share  el_before_av_comments_list '><span class='hr-inner ' ><span class='hr-inner-style'><\/span><\/span><\/div>\n<div  class='av-buildercomment  av-blog-meta-html-info-disabled av-blog-meta-tag-disabled  '><\/div>\n","protected":false},"excerpt":{"rendered":"","protected":false},"author":1,"featured_media":7436,"comment_status":"open","ping_status":"open","sticky":false,"template":"","format":"standard","meta":{"footnotes":""},"categories":[35],"tags":[],"class_list":["post-7435","post","type-post","status-publish","format-standard","has-post-thumbnail","hentry","category-politica"],"jetpack_featured_media_url":"https:\/\/radiorevelacionfm.cl\/wp-content\/uploads\/2021\/08\/FOTO-COMITE-PROBARCAZA1-1-1.jpg","_links":{"self":[{"href":"https:\/\/radiorevelacionfm.cl\/index.php?rest_route=\/wp\/v2\/posts\/7435","targetHints":{"allow":["GET"]}}],"collection":[{"href":"https:\/\/radiorevelacionfm.cl\/index.php?rest_route=\/wp\/v2\/posts"}],"about":[{"href":"https:\/\/radiorevelacionfm.cl\/index.php?rest_route=\/wp\/v2\/types\/post"}],"author":[{"embeddable":true,"href":"https:\/\/radiorevelacionfm.cl\/index.php?rest_route=\/wp\/v2\/users\/1"}],"replies":[{"embeddable":true,"href":"https:\/\/radiorevelacionfm.cl\/index.php?rest_route=%2Fwp%2Fv2%2Fcomments&post=7435"}],"version-history":[{"count":1,"href":"https:\/\/radiorevelacionfm.cl\/index.php?rest_route=\/wp\/v2\/posts\/7435\/revisions"}],"predecessor-version":[{"id":7437,"href":"https:\/\/radiorevelacionfm.cl\/index.php?rest_route=\/wp\/v2\/posts\/7435\/revisions\/7437"}],"wp:featuredmedia":[{"embeddable":true,"href":"https:\/\/radiorevelacionfm.cl\/index.php?rest_route=\/wp\/v2\/media\/7436"}],"wp:attachment":[{"href":"https:\/\/radiorevelacionfm.cl\/index.php?rest_route=%2Fwp%2Fv2%2Fmedia&parent=7435"}],"wp:term":[{"taxonomy":"category","embeddable":true,"href":"https:\/\/radiorevelacionfm.cl\/index.php?rest_route=%2Fwp%2Fv2%2Fcategories&post=7435"},{"taxonomy":"post_tag","embeddable":true,"href":"https:\/\/radiorevelacionfm.cl\/index.php?rest_route=%2Fwp%2Fv2%2Ftags&post=7435"}],"curies":[{"name":"wp","href":"https:\/\/api.w.org\/{rel}","templated":true}]}}