{"id":7432,"date":"2021-08-13T16:25:36","date_gmt":"2021-08-13T19:25:36","guid":{"rendered":"https:\/\/radiorevelacionfm.cl\/?p=7432"},"modified":"2021-08-13T16:25:36","modified_gmt":"2021-08-13T19:25:36","slug":"trabajo-colaborativo-en-aysen-permitio-celebrar-el-dia-de-la-juventud-con-lanzamiento-de-voluntariado","status":"publish","type":"post","link":"https:\/\/radiorevelacionfm.cl\/?p=7432","title":{"rendered":"Trabajo colaborativo en Ays\u00e9n permiti\u00f3 celebrar el D\u00eda de la Juventud con lanzamiento de voluntariado"},"content":{"rendered":"<div class=\"flex_column av_one_full  flex_column_div av-zero-column-padding first  avia-builder-el-0  el_before_av_one_full  avia-builder-el-first  \" style='border-radius:0px; '><div  class='avia-image-container  av-styling-    avia-builder-el-1  avia-builder-el-no-sibling  avia-align-center '  itemprop=\"image\" itemscope=\"itemscope\" itemtype=\"https:\/\/schema.org\/ImageObject\"  ><div class='avia-image-container-inner'><div class='avia-image-overlay-wrap'><img decoding=\"async\" class='wp-image-7433 avia-img-lazy-loading-not-7433 avia_image' src=\"https:\/\/radiorevelacionfm.cl\/wp-content\/uploads\/2021\/08\/img-mesjuventud1-1_optimized.jpg\" alt='' title='img-mesjuventud1-(1)_optimized' height=\"600\" width=\"1006\"  itemprop=\"thumbnailUrl\" srcset=\"https:\/\/radiorevelacionfm.cl\/wp-content\/uploads\/2021\/08\/img-mesjuventud1-1_optimized.jpg 1006w, https:\/\/radiorevelacionfm.cl\/wp-content\/uploads\/2021\/08\/img-mesjuventud1-1_optimized-300x179.jpg 300w, https:\/\/radiorevelacionfm.cl\/wp-content\/uploads\/2021\/08\/img-mesjuventud1-1_optimized-768x458.jpg 768w, https:\/\/radiorevelacionfm.cl\/wp-content\/uploads\/2021\/08\/img-mesjuventud1-1_optimized-705x420.jpg 705w, https:\/\/radiorevelacionfm.cl\/wp-content\/uploads\/2021\/08\/img-mesjuventud1-1_optimized-600x358.jpg 600w\" sizes=\"(max-width: 1006px) 100vw, 1006px\" \/><\/div><\/div><\/div><\/div><div class=\"flex_column av_one_full  flex_column_div av-zero-column-padding first  avia-builder-el-2  el_after_av_one_full  el_before_av_one_full  column-top-margin\" style='border-radius:0px; '><section class=\"av_textblock_section \"  itemscope=\"itemscope\" itemtype=\"https:\/\/schema.org\/BlogPosting\" itemprop=\"blogPost\" ><div class='avia_textblock  '   itemprop=\"text\" ><p style=\"text-align: center;\"><strong><span style=\"font-size: 18pt;\">Trabajo colaborativo en Ays\u00e9n permiti\u00f3 celebrar el D\u00eda de la Juventud con lanzamiento de voluntariado<\/span><\/strong><\/p>\n<div id=\"gtx-trans\" style=\"position: absolute; left: -50px; top: 4.31534px;\">\n<div class=\"gtx-trans-icon\"><\/div>\n<\/div>\n<\/div><\/section><\/div><div class=\"flex_column av_one_full  flex_column_div av-zero-column-padding first  avia-builder-el-4  el_after_av_one_full  el_before_av_hr  column-top-margin\" style='border-radius:0px; '><section class=\"av_textblock_section \"  itemscope=\"itemscope\" itemtype=\"https:\/\/schema.org\/BlogPosting\" itemprop=\"blogPost\" ><div class='avia_textblock  '   itemprop=\"text\" ><p style=\"text-align: justify;\">A trav\u00e9s de la plataforma Zoom y con la asistencia de m\u00e1s de 40 participantes. La Ilustre Municipalidad de Ays\u00e9n a trav\u00e9s de la Oficina de Protecci\u00f3n de Derechos (OPD) en colaboraci\u00f3n con el Programa de Prevenci\u00f3n de Violencia contra la Mujer del Centro Naa Alver\u00e9 y el Instituto Nacional de Derechos Humanos en Ays\u00e9n efectu\u00f3 la primera sesi\u00f3n del voluntariado \u201cJuventudes para la Patagonia\u201d. Instancia formulada a generar agentes culturales que permitan comprender los cambios sociales y replicar su conocimiento en entornos de vulnerabilidad.<\/p>\n<p style=\"text-align: justify;\">Durante cuatro semanas los participantes de esta iniciativa podr\u00e1n abordar materias tales como: La juventud y los Derechos Humanos; Acoso, bullying, cyberbullying; Violencias en el pololeo y Delitos sexuales e importancia del autocuidado. Cada una de estas instancias contar\u00e1 con invitados provenientes de diversos aspectos sociales desde organizaciones gubernamentales hasta fundaciones que abogan por cuidado de ni\u00f1os, ni\u00f1as y adolescentes.<\/p>\n<p style=\"text-align: justify;\">Al respecto, Sindia Haro, encargada comunitaria de la Oficina de Protecci\u00f3n de Derechos (OPD Ays\u00e9n) enfatiz\u00f3 que \u201clo importante para nosotros como municipio es fomentar la participaci\u00f3n tanto de los ni\u00f1os, adolescentes y los j\u00f3venes en la comuna. En este caso, mediante este voluntariado que nosotros estamos realizando tiene por objetivo eso, fortalecer a estos j\u00f3venes para que ellos puedan trabajar con grupos que son de riesgo o sufren vulnerabilidad social. El tema de la Protecci\u00f3n de Derechos que es lo que nosotros trabajamos como Oficina va muy de la mano con el voluntariado de juventudes, entonces lo que busca nuestro alcalde y la Direcci\u00f3n de Desarrollo Comunitario es poder fortalecer esto y acorto plazo, poder crear una Oficina de la Juventud para trabajar esta misma tem\u00e1tica con la opini\u00f3n de los j\u00f3venes\u201d.<\/p>\n<p style=\"text-align: justify;\">En tanto, la encargada comunal del Programa de Prevenci\u00f3n de Violencia contra la Mujer del Centro de la Mujer \u201cNaa Alver\u00e9\u201d, Leslie Bruna, relev\u00f3 su felicidad ante los resultados obtenidos en esta instancia, debido a la contribuci\u00f3n que a su juicio tiene el desarrollo de estas actividades formativas y de capacitaci\u00f3n en la generaci\u00f3n que acciones preventivas en el territorio que abordan m\u00e1s all\u00e1 de la Violencia contra la Mujer, sino que configuran un amplio espectro de temas.<\/p>\n<p style=\"text-align: justify;\">En tanto, desde el Instituto Nacional de Derechos Humanos (INDH) en Ays\u00e9n, Carla Romo, tras ser consultada, abord\u00f3 el rol que juega el organismo en la coordinaci\u00f3n y generaci\u00f3n de contenidos para el voluntariado. A\u00f1adiendo que \u201cpara nosotros contar con el apoyo del municipio y establecer esta alianza estrat\u00e9gica, que no va tan s\u00f3lo en esta actividad, sino que tambi\u00e9n hemos trabajado con la OPD en distintas actividades de Promoci\u00f3n de Derecho y creo que, en t\u00e9rminos de evaluaci\u00f3n, la experiencia ha sido muy positiva. Hemos llegado a p\u00fablicos que quiz\u00e1s sin la colaboraci\u00f3n del municipio no hubi\u00e9semos llegado\u201d, abord\u00f3 Romo.<\/p>\n<p style=\"text-align: justify;\">Para finalizar las actividades comprendidas en el mes de la juventud se desarrollar\u00e1 el viernes 27 de agosto en la Plaza de Armas de Puerto Ays\u00e9n una actividad denominada \u201cPlaza de la Juventud\u201d, la cual busca generar una instancia de distenci\u00f3n en este grupo de edad.<\/p>\n<\/div><\/section><\/div><div  style='height:50px' class='hr hr-invisible   avia-builder-el-6  el_after_av_one_full  el_before_av_social_share '><span class='hr-inner ' ><span class='hr-inner-style'><\/span><\/span><\/div><\/p>\n<div  class='av-social-sharing-box  avia-builder-el-7  el_after_av_hr  el_before_av_hr  '><div class='av-share-box'><h5 class='av-share-link-description av-no-toc '>Compartir esta noticia<\/h5><ul class='av-share-box-list noLightbox'><li class='av-share-link av-social-link-facebook' ><a target=\"_blank\" aria-label=\"Compartir en Facebook\" href='https:\/\/www.facebook.com\/sharer.php?u=https:\/\/radiorevelacionfm.cl\/?p=7432&#038;t=Trabajo%20colaborativo%20en%20Ays%C3%A9n%20permiti%C3%B3%20celebrar%20el%20D%C3%ADa%20de%20la%20Juventud%20con%20lanzamiento%20de%20voluntariado' aria-hidden='false' data-av_icon='\ue8f3' data-av_iconfont='entypo-fontello' title='' data-avia-related-tooltip='Compartir en Facebook' rel=\"noopener\"><span class='avia_hidden_link_text'>Compartir en Facebook<\/span><\/a><\/li><li class='av-share-link av-social-link-twitter' ><a target=\"_blank\" aria-label=\"Compartir en Twitter\" href='https:\/\/twitter.com\/share?text=Trabajo%20colaborativo%20en%20Ays%C3%A9n%20permiti%C3%B3%20celebrar%20el%20D%C3%ADa%20de%20la%20Juventud%20con%20lanzamiento%20de%20voluntariado&#038;url=https:\/\/radiorevelacionfm.cl\/?p=7432' aria-hidden='false' data-av_icon='\ue8f1' data-av_iconfont='entypo-fontello' title='' data-avia-related-tooltip='Compartir en Twitter' rel=\"noopener\"><span class='avia_hidden_link_text'>Compartir en Twitter<\/span><\/a><\/li><li class='av-share-link av-social-link-whatsapp' ><a target=\"_blank\" aria-label=\"Compartir en Whatsapp\" href='https:\/\/api.whatsapp.com\/send?text=https:\/\/radiorevelacionfm.cl\/?p=7432' aria-hidden='false' data-av_icon='\uf232' data-av_iconfont='entypo-fontello' title='' data-avia-related-tooltip='Compartir en Whatsapp' rel=\"noopener\"><span class='avia_hidden_link_text'>Compartir en Whatsapp<\/span><\/a><\/li><li class='av-share-link av-social-link-linkedin' ><a target=\"_blank\" aria-label=\"Compartir en LinkedIn\" href='https:\/\/linkedin.com\/shareArticle?mini=true&#038;title=Trabajo%20colaborativo%20en%20Ays%C3%A9n%20permiti%C3%B3%20celebrar%20el%20D%C3%ADa%20de%20la%20Juventud%20con%20lanzamiento%20de%20voluntariado&#038;url=https:\/\/radiorevelacionfm.cl\/?p=7432' aria-hidden='false' data-av_icon='\ue8fc' data-av_iconfont='entypo-fontello' title='' data-avia-related-tooltip='Compartir en LinkedIn' rel=\"noopener\"><span class='avia_hidden_link_text'>Compartir en LinkedIn<\/span><\/a><\/li><li class='av-share-link av-social-link-mail' ><a  aria-label=\"Compartir por correo\" href='mailto:?subject=Trabajo%20colaborativo%20en%20Ays%C3%A9n%20permiti%C3%B3%20celebrar%20el%20D%C3%ADa%20de%20la%20Juventud%20con%20lanzamiento%20de%20voluntariado&#038;body=https:\/\/radiorevelacionfm.cl\/?p=7432' aria-hidden='false' data-av_icon='\ue805' data-av_iconfont='entypo-fontello' title='' data-avia-related-tooltip='Compartir por correo'><span class='avia_hidden_link_text'>Compartir por correo<\/span><\/a><\/li><\/ul><\/div><\/div>\n<div  style='height:50px' class='hr hr-invisible   avia-builder-el-8  el_after_av_social_share  el_before_av_comments_list '><span class='hr-inner ' ><span class='hr-inner-style'><\/span><\/span><\/div>\n<div  class='av-buildercomment  av-blog-meta-html-info-disabled av-blog-meta-tag-disabled  '><\/div>\n","protected":false},"excerpt":{"rendered":"","protected":false},"author":1,"featured_media":7433,"comment_status":"open","ping_status":"open","sticky":false,"template":"","format":"standard","meta":{"footnotes":""},"categories":[38],"tags":[],"class_list":["post-7432","post","type-post","status-publish","format-standard","has-post-thumbnail","hentry","category-regional"],"jetpack_featured_media_url":"https:\/\/radiorevelacionfm.cl\/wp-content\/uploads\/2021\/08\/img-mesjuventud1-1_optimized.jpg","_links":{"self":[{"href":"https:\/\/radiorevelacionfm.cl\/index.php?rest_route=\/wp\/v2\/posts\/7432","targetHints":{"allow":["GET"]}}],"collection":[{"href":"https:\/\/radiorevelacionfm.cl\/index.php?rest_route=\/wp\/v2\/posts"}],"about":[{"href":"https:\/\/radiorevelacionfm.cl\/index.php?rest_route=\/wp\/v2\/types\/post"}],"author":[{"embeddable":true,"href":"https:\/\/radiorevelacionfm.cl\/index.php?rest_route=\/wp\/v2\/users\/1"}],"replies":[{"embeddable":true,"href":"https:\/\/radiorevelacionfm.cl\/index.php?rest_route=%2Fwp%2Fv2%2Fcomments&post=7432"}],"version-history":[{"count":1,"href":"https:\/\/radiorevelacionfm.cl\/index.php?rest_route=\/wp\/v2\/posts\/7432\/revisions"}],"predecessor-version":[{"id":7434,"href":"https:\/\/radiorevelacionfm.cl\/index.php?rest_route=\/wp\/v2\/posts\/7432\/revisions\/7434"}],"wp:featuredmedia":[{"embeddable":true,"href":"https:\/\/radiorevelacionfm.cl\/index.php?rest_route=\/wp\/v2\/media\/7433"}],"wp:attachment":[{"href":"https:\/\/radiorevelacionfm.cl\/index.php?rest_route=%2Fwp%2Fv2%2Fmedia&parent=7432"}],"wp:term":[{"taxonomy":"category","embeddable":true,"href":"https:\/\/radiorevelacionfm.cl\/index.php?rest_route=%2Fwp%2Fv2%2Fcategories&post=7432"},{"taxonomy":"post_tag","embeddable":true,"href":"https:\/\/radiorevelacionfm.cl\/index.php?rest_route=%2Fwp%2Fv2%2Ftags&post=7432"}],"curies":[{"name":"wp","href":"https:\/\/api.w.org\/{rel}","templated":true}]}}