{"id":7429,"date":"2021-08-13T15:58:27","date_gmt":"2021-08-13T18:58:27","guid":{"rendered":"https:\/\/radiorevelacionfm.cl\/?p=7429"},"modified":"2021-08-13T15:58:27","modified_gmt":"2021-08-13T18:58:27","slug":"sandoval-valoro-proyecto-que-privilegia-cercania-al-domicilio-del-elector-en-la-asignacion-del-local-de-votacion","status":"publish","type":"post","link":"https:\/\/radiorevelacionfm.cl\/?p=7429","title":{"rendered":"Sandoval valor\u00f3 proyecto que privilegia cercan\u00eda al domicilio del elector en la asignaci\u00f3n del local de votaci\u00f3n"},"content":{"rendered":"<div class=\"flex_column av_one_full  flex_column_div av-zero-column-padding first  avia-builder-el-0  el_before_av_one_full  avia-builder-el-first  \" style='border-radius:0px; '><div  class='avia-image-container  av-styling-    avia-builder-el-1  avia-builder-el-no-sibling  avia-align-center '  itemprop=\"image\" itemscope=\"itemscope\" itemtype=\"https:\/\/schema.org\/ImageObject\"  ><div class='avia-image-container-inner'><div class='avia-image-overlay-wrap'><img decoding=\"async\" class='wp-image-7430 avia-img-lazy-loading-not-7430 avia_image' src=\"https:\/\/radiorevelacionfm.cl\/wp-content\/uploads\/2021\/08\/Senador-sandoval-1-1-1.jpg\" alt='' title='Senador sandoval 1 (1) (1)' height=\"600\" width=\"1191\"  itemprop=\"thumbnailUrl\" srcset=\"https:\/\/radiorevelacionfm.cl\/wp-content\/uploads\/2021\/08\/Senador-sandoval-1-1-1.jpg 1191w, https:\/\/radiorevelacionfm.cl\/wp-content\/uploads\/2021\/08\/Senador-sandoval-1-1-1-300x151.jpg 300w, https:\/\/radiorevelacionfm.cl\/wp-content\/uploads\/2021\/08\/Senador-sandoval-1-1-1-1030x519.jpg 1030w, https:\/\/radiorevelacionfm.cl\/wp-content\/uploads\/2021\/08\/Senador-sandoval-1-1-1-768x387.jpg 768w, https:\/\/radiorevelacionfm.cl\/wp-content\/uploads\/2021\/08\/Senador-sandoval-1-1-1-705x355.jpg 705w, https:\/\/radiorevelacionfm.cl\/wp-content\/uploads\/2021\/08\/Senador-sandoval-1-1-1-600x302.jpg 600w\" sizes=\"(max-width: 1191px) 100vw, 1191px\" \/><\/div><\/div><\/div><\/div><div class=\"flex_column av_one_full  flex_column_div av-zero-column-padding first  avia-builder-el-2  el_after_av_one_full  el_before_av_one_full  column-top-margin\" style='border-radius:0px; '><section class=\"av_textblock_section \"  itemscope=\"itemscope\" itemtype=\"https:\/\/schema.org\/BlogPosting\" itemprop=\"blogPost\" ><div class='avia_textblock  '   itemprop=\"text\" ><p style=\"text-align: center;\"><strong><span style=\"font-size: 18pt;\">Sandoval valor\u00f3 proyecto que privilegia cercan\u00eda al domicilio del elector en la asignaci\u00f3n del local de votaci\u00f3n<\/span><\/strong><\/p>\n<div id=\"gtx-trans\" style=\"position: absolute; left: -50px; top: 4.31534px;\">\n<div class=\"gtx-trans-icon\"><\/div>\n<\/div>\n<\/div><\/section><\/div><div class=\"flex_column av_one_full  flex_column_div av-zero-column-padding first  avia-builder-el-4  el_after_av_one_full  el_before_av_hr  column-top-margin\" style='border-radius:0px; '><section class=\"av_textblock_section \"  itemscope=\"itemscope\" itemtype=\"https:\/\/schema.org\/BlogPosting\" itemprop=\"blogPost\" ><div class='avia_textblock  '   itemprop=\"text\" ><p style=\"text-align: justify;\">En los \u00faltimos d\u00edas, el Senado aprob\u00f3 el proyecto de ley que busca privilegiar la cercan\u00eda al domicilio del elector, en la asignaci\u00f3n del local de votaci\u00f3n, la cual tiene, entre sus objetivos, incentivar la participaci\u00f3n ciudadana en las elecciones.<\/p>\n<p style=\"text-align: justify;\">De esta manera, ahora ser\u00e1 la C\u00e1mara de Diputados y Diputadas la que tendr\u00e1 que pronunciarse sobre las enmiendas introducidas en la C\u00e1mara Alta, quedando el texto a un paso de ser ley, lo que permitir\u00eda que en las elecciones presidenciales y parlamentarias de noviembre y diciembre pr\u00f3ximo los votantes acudan a los establecimientos m\u00e1s cercanos a su hogar a sufragar.<\/p>\n<p style=\"text-align: justify;\">Sobre el particular, el senador David Sandoval Plaza, se\u00f1al\u00f3 que se trata de una buena iniciativa, que tendr\u00e1 positivo impacto en zonas extremas como lo es la regi\u00f3n de Ays\u00e9n, dadas las distancias existentes. \u201cLa regi\u00f3n m\u00e1s linda de Chile, abarcar\u00eda territorialmente desde Santiago hasta Valdivia. Por ello, el proyecto que apunta a privilegiar la cercan\u00eda al domicilio del elector, se hace parte de una realidad y de una necesidad\u201d, se\u00f1al\u00f3 el legislador en su intervenci\u00f3n.<\/p>\n<p style=\"text-align: justify;\">En ese sentido, el parlamentario espera que esta instancia recientemente aprobada en la Sala de la C\u00e1mara Alta, contribuya a la participaci\u00f3n en el proceso electoral que se avecina.<\/p>\n<p style=\"text-align: justify;\">De esta manera, ser\u00e1 el Servicio Electoral (Servel) el organismo encargado de determinar, mediante un trabajo de georreferenciaci\u00f3n, cu\u00e1ntos locales de votaci\u00f3n se requerir\u00e1n y cada votante ser\u00e1 asignado a un local cercano al domicilio electoral respectivo, dependiendo de la tecnolog\u00eda que se aplique por parte del organismo.<\/p>\n<\/div><\/section><\/div><div  style='height:50px' class='hr hr-invisible   avia-builder-el-6  el_after_av_one_full  el_before_av_social_share '><span class='hr-inner ' ><span class='hr-inner-style'><\/span><\/span><\/div><\/p>\n<div  class='av-social-sharing-box  avia-builder-el-7  el_after_av_hr  el_before_av_hr  '><div class='av-share-box'><h5 class='av-share-link-description av-no-toc '>Compartir esta noticia<\/h5><ul class='av-share-box-list noLightbox'><li class='av-share-link av-social-link-facebook' ><a target=\"_blank\" aria-label=\"Compartir en Facebook\" href='https:\/\/www.facebook.com\/sharer.php?u=https:\/\/radiorevelacionfm.cl\/?p=7429&#038;t=Sandoval%20valor%C3%B3%20proyecto%20que%20privilegia%20cercan%C3%ADa%20al%20domicilio%20del%20elector%20en%20la%20asignaci%C3%B3n%20del%20local%20de%20votaci%C3%B3n' aria-hidden='false' data-av_icon='\ue8f3' data-av_iconfont='entypo-fontello' title='' data-avia-related-tooltip='Compartir en Facebook' rel=\"noopener\"><span class='avia_hidden_link_text'>Compartir en Facebook<\/span><\/a><\/li><li class='av-share-link av-social-link-twitter' ><a target=\"_blank\" aria-label=\"Compartir en Twitter\" href='https:\/\/twitter.com\/share?text=Sandoval%20valor%C3%B3%20proyecto%20que%20privilegia%20cercan%C3%ADa%20al%20domicilio%20del%20elector%20en%20la%20asignaci%C3%B3n%20del%20local%20de%20votaci%C3%B3n&#038;url=https:\/\/radiorevelacionfm.cl\/?p=7429' aria-hidden='false' data-av_icon='\ue8f1' data-av_iconfont='entypo-fontello' title='' data-avia-related-tooltip='Compartir en Twitter' rel=\"noopener\"><span class='avia_hidden_link_text'>Compartir en Twitter<\/span><\/a><\/li><li class='av-share-link av-social-link-whatsapp' ><a target=\"_blank\" aria-label=\"Compartir en Whatsapp\" href='https:\/\/api.whatsapp.com\/send?text=https:\/\/radiorevelacionfm.cl\/?p=7429' aria-hidden='false' data-av_icon='\uf232' data-av_iconfont='entypo-fontello' title='' data-avia-related-tooltip='Compartir en Whatsapp' rel=\"noopener\"><span class='avia_hidden_link_text'>Compartir en Whatsapp<\/span><\/a><\/li><li class='av-share-link av-social-link-linkedin' ><a target=\"_blank\" aria-label=\"Compartir en LinkedIn\" href='https:\/\/linkedin.com\/shareArticle?mini=true&#038;title=Sandoval%20valor%C3%B3%20proyecto%20que%20privilegia%20cercan%C3%ADa%20al%20domicilio%20del%20elector%20en%20la%20asignaci%C3%B3n%20del%20local%20de%20votaci%C3%B3n&#038;url=https:\/\/radiorevelacionfm.cl\/?p=7429' aria-hidden='false' data-av_icon='\ue8fc' data-av_iconfont='entypo-fontello' title='' data-avia-related-tooltip='Compartir en LinkedIn' rel=\"noopener\"><span class='avia_hidden_link_text'>Compartir en LinkedIn<\/span><\/a><\/li><li class='av-share-link av-social-link-mail' ><a  aria-label=\"Compartir por correo\" href='mailto:?subject=Sandoval%20valor%C3%B3%20proyecto%20que%20privilegia%20cercan%C3%ADa%20al%20domicilio%20del%20elector%20en%20la%20asignaci%C3%B3n%20del%20local%20de%20votaci%C3%B3n&#038;body=https:\/\/radiorevelacionfm.cl\/?p=7429' aria-hidden='false' data-av_icon='\ue805' data-av_iconfont='entypo-fontello' title='' data-avia-related-tooltip='Compartir por correo'><span class='avia_hidden_link_text'>Compartir por correo<\/span><\/a><\/li><\/ul><\/div><\/div>\n<div  style='height:50px' class='hr hr-invisible   avia-builder-el-8  el_after_av_social_share  el_before_av_comments_list '><span class='hr-inner ' ><span class='hr-inner-style'><\/span><\/span><\/div>\n<div  class='av-buildercomment  av-blog-meta-html-info-disabled av-blog-meta-tag-disabled  '><\/div>\n","protected":false},"excerpt":{"rendered":"","protected":false},"author":1,"featured_media":7430,"comment_status":"open","ping_status":"open","sticky":false,"template":"","format":"standard","meta":{"footnotes":""},"categories":[35],"tags":[],"class_list":["post-7429","post","type-post","status-publish","format-standard","has-post-thumbnail","hentry","category-politica"],"jetpack_featured_media_url":"https:\/\/radiorevelacionfm.cl\/wp-content\/uploads\/2021\/08\/Senador-sandoval-1-1-1.jpg","_links":{"self":[{"href":"https:\/\/radiorevelacionfm.cl\/index.php?rest_route=\/wp\/v2\/posts\/7429","targetHints":{"allow":["GET"]}}],"collection":[{"href":"https:\/\/radiorevelacionfm.cl\/index.php?rest_route=\/wp\/v2\/posts"}],"about":[{"href":"https:\/\/radiorevelacionfm.cl\/index.php?rest_route=\/wp\/v2\/types\/post"}],"author":[{"embeddable":true,"href":"https:\/\/radiorevelacionfm.cl\/index.php?rest_route=\/wp\/v2\/users\/1"}],"replies":[{"embeddable":true,"href":"https:\/\/radiorevelacionfm.cl\/index.php?rest_route=%2Fwp%2Fv2%2Fcomments&post=7429"}],"version-history":[{"count":1,"href":"https:\/\/radiorevelacionfm.cl\/index.php?rest_route=\/wp\/v2\/posts\/7429\/revisions"}],"predecessor-version":[{"id":7431,"href":"https:\/\/radiorevelacionfm.cl\/index.php?rest_route=\/wp\/v2\/posts\/7429\/revisions\/7431"}],"wp:featuredmedia":[{"embeddable":true,"href":"https:\/\/radiorevelacionfm.cl\/index.php?rest_route=\/wp\/v2\/media\/7430"}],"wp:attachment":[{"href":"https:\/\/radiorevelacionfm.cl\/index.php?rest_route=%2Fwp%2Fv2%2Fmedia&parent=7429"}],"wp:term":[{"taxonomy":"category","embeddable":true,"href":"https:\/\/radiorevelacionfm.cl\/index.php?rest_route=%2Fwp%2Fv2%2Fcategories&post=7429"},{"taxonomy":"post_tag","embeddable":true,"href":"https:\/\/radiorevelacionfm.cl\/index.php?rest_route=%2Fwp%2Fv2%2Ftags&post=7429"}],"curies":[{"name":"wp","href":"https:\/\/api.w.org\/{rel}","templated":true}]}}