{"id":7425,"date":"2021-08-13T15:59:34","date_gmt":"2021-08-13T18:59:34","guid":{"rendered":"https:\/\/radiorevelacionfm.cl\/?p=7425"},"modified":"2021-08-13T15:59:38","modified_gmt":"2021-08-13T18:59:38","slug":"tasa-de-ocupacion-regional-disminuyo-a-un-628-segun-cifras-del-observatorio-laboral-de-aysen","status":"publish","type":"post","link":"https:\/\/radiorevelacionfm.cl\/?p=7425","title":{"rendered":"Tasa de ocupaci\u00f3n regional disminuy\u00f3 a un 62,8% seg\u00fan cifras del Observatorio Laboral de Ays\u00e9n"},"content":{"rendered":"<div class=\"flex_column av_one_full  flex_column_div av-zero-column-padding first  avia-builder-el-0  el_before_av_one_full  avia-builder-el-first  \" style='border-radius:0px; '><div  class='avia-image-container  av-styling-    avia-builder-el-1  avia-builder-el-no-sibling  avia-align-center '  itemprop=\"image\" itemscope=\"itemscope\" itemtype=\"https:\/\/schema.org\/ImageObject\"  ><div class='avia-image-container-inner'><div class='avia-image-overlay-wrap'><img decoding=\"async\" class='wp-image-7427 avia-img-lazy-loading-not-7427 avia_image' src=\"https:\/\/radiorevelacionfm.cl\/wp-content\/uploads\/2021\/08\/trabajadores-1.jpg\" alt='' title='trabajadores- (1)' height=\"600\" width=\"860\"  itemprop=\"thumbnailUrl\" srcset=\"https:\/\/radiorevelacionfm.cl\/wp-content\/uploads\/2021\/08\/trabajadores-1.jpg 860w, https:\/\/radiorevelacionfm.cl\/wp-content\/uploads\/2021\/08\/trabajadores-1-300x209.jpg 300w, https:\/\/radiorevelacionfm.cl\/wp-content\/uploads\/2021\/08\/trabajadores-1-768x536.jpg 768w, https:\/\/radiorevelacionfm.cl\/wp-content\/uploads\/2021\/08\/trabajadores-1-705x492.jpg 705w, https:\/\/radiorevelacionfm.cl\/wp-content\/uploads\/2021\/08\/trabajadores-1-600x419.jpg 600w\" sizes=\"(max-width: 860px) 100vw, 860px\" \/><\/div><\/div><\/div><\/div><div class=\"flex_column av_one_full  flex_column_div av-zero-column-padding first  avia-builder-el-2  el_after_av_one_full  el_before_av_one_full  column-top-margin\" style='border-radius:0px; '><section class=\"av_textblock_section \"  itemscope=\"itemscope\" itemtype=\"https:\/\/schema.org\/BlogPosting\" itemprop=\"blogPost\" ><div class='avia_textblock  '   itemprop=\"text\" ><p style=\"text-align: center;\"><strong><span style=\"font-size: 18pt;\">Tasa de ocupaci\u00f3n regional disminuy\u00f3 a un 62,8% seg\u00fan cifras del Observatorio Laboral de Ays\u00e9n <\/span><\/strong><\/p>\n<div id=\"gtx-trans\" style=\"position: absolute; left: -50px; top: 4.31534px;\">\n<div class=\"gtx-trans-icon\"><\/div>\n<\/div>\n<\/div><\/section><\/div><div class=\"flex_column av_one_full  flex_column_div av-zero-column-padding first  avia-builder-el-4  el_after_av_one_full  el_before_av_hr  column-top-margin\" style='border-radius:0px; '><section class=\"av_textblock_section \"  itemscope=\"itemscope\" itemtype=\"https:\/\/schema.org\/BlogPosting\" itemprop=\"blogPost\" ><div class='avia_textblock  '   itemprop=\"text\" ><p style=\"text-align: justify;\">La tasa de ocupaci\u00f3n regional, la cual se hab\u00eda mantenido en un 64%, para este trimestre disminuy\u00f3 llegando a un 62,8%.<\/p>\n<p style=\"text-align: justify;\">En la publicaci\u00f3n de agosto, instrumento que el Observatorio Laboral entrega cada mes, la tasa de ocupaci\u00f3n regional mostr\u00f3 que el n\u00famero de ocupados llega a 55.095 personas, reflejando una disminuci\u00f3n de 4,1% respecto al trimestre anterior.<\/p>\n<p style=\"text-align: justify;\">Por otra parte, la tasa de desocupaci\u00f3n de la regi\u00f3n de Ays\u00e9n se registr\u00f3 en un 6,1%, mientras que a nivel nacional esta alcanz\u00f3 el 9,5%. En este aspecto, se observ\u00f3 que la desocupaci\u00f3n masculina disminuy\u00f3 en un 3,8% respecto al mismo trimestre del a\u00f1o pasado. Al mismo tiempo, la desocupaci\u00f3n femenina present\u00f3 un 2,4% menos respecto al 2020.<\/p>\n<p style=\"text-align: justify;\">Como una muestra hacia la estabilidad luego del manejo de la pandemia, a nivel nacional, la tasa de desocupaci\u00f3n disminuy\u00f3 en un 0,5% en relaci\u00f3n al a\u00f1o anterior. En el caso de la regi\u00f3n de Ays\u00e9n, esta cifra disminuy\u00f3 en un 0,2%, con 3.475 personas desocupadas aproximadamente.<\/p>\n<p style=\"text-align: justify;\">Al respecto, desde el equipo del Observatorio Laboral Ays\u00e9n, el soci\u00f3logo y analista Nicol\u00e1s Cifuentes afirma que \u201ccon el aumento de fases hay mayor apertura y eso dinamiza la econom\u00eda, sobre todo en los sectores intensivos en empleo, como el comercio y el turismo\u201d.<\/p>\n<p style=\"text-align: justify;\">Sobre las solicitudes a la Ley de Protecci\u00f3n del Empleo, Seguro de Cesant\u00eda y Subsidios al Empleo, Ays\u00e9n alcanza las 9.749 solicitudes aprobadas bajo la Ley de Seguro de Cesant\u00eda, lo que representa un 0,5% del total nacional. Adem\u00e1s, se han aprobado 1.127 Pactos de Suspensi\u00f3n de Contrato y 941 Solicitudes de Protecci\u00f3n del Empleo.<\/p>\n<p style=\"text-align: justify;\">En el mismo contexto de los subsidios otorgados por Sence, instrumentos que buscan incentivar el regreso de trabajadoras y trabajadores al mercados laboral, y con esto aumentar la empleabilidad de las personas; han beneficiado a la fecha a\u00a0 5.067 personas.<\/p>\n<\/div><\/section><\/div><div  style='height:50px' class='hr hr-invisible   avia-builder-el-6  el_after_av_one_full  el_before_av_social_share '><span class='hr-inner ' ><span class='hr-inner-style'><\/span><\/span><\/div><\/p>\n<div  class='av-social-sharing-box  avia-builder-el-7  el_after_av_hr  el_before_av_hr  '><div class='av-share-box'><h5 class='av-share-link-description av-no-toc '>Compartir esta noticia<\/h5><ul class='av-share-box-list noLightbox'><li class='av-share-link av-social-link-facebook' ><a target=\"_blank\" aria-label=\"Compartir en Facebook\" href='https:\/\/www.facebook.com\/sharer.php?u=https:\/\/radiorevelacionfm.cl\/?p=7425&#038;t=Tasa%20de%20ocupaci%C3%B3n%20regional%20disminuy%C3%B3%20a%20un%2062%2C8%25%20seg%C3%BAn%20cifras%20del%20Observatorio%20Laboral%20de%20Ays%C3%A9n' aria-hidden='false' data-av_icon='\ue8f3' data-av_iconfont='entypo-fontello' title='' data-avia-related-tooltip='Compartir en Facebook' rel=\"noopener\"><span class='avia_hidden_link_text'>Compartir en Facebook<\/span><\/a><\/li><li class='av-share-link av-social-link-twitter' ><a target=\"_blank\" aria-label=\"Compartir en Twitter\" href='https:\/\/twitter.com\/share?text=Tasa%20de%20ocupaci%C3%B3n%20regional%20disminuy%C3%B3%20a%20un%2062%2C8%25%20seg%C3%BAn%20cifras%20del%20Observatorio%20Laboral%20de%20Ays%C3%A9n&#038;url=https:\/\/radiorevelacionfm.cl\/?p=7425' aria-hidden='false' data-av_icon='\ue8f1' data-av_iconfont='entypo-fontello' title='' data-avia-related-tooltip='Compartir en Twitter' rel=\"noopener\"><span class='avia_hidden_link_text'>Compartir en Twitter<\/span><\/a><\/li><li class='av-share-link av-social-link-whatsapp' ><a target=\"_blank\" aria-label=\"Compartir en Whatsapp\" href='https:\/\/api.whatsapp.com\/send?text=https:\/\/radiorevelacionfm.cl\/?p=7425' aria-hidden='false' data-av_icon='\uf232' data-av_iconfont='entypo-fontello' title='' data-avia-related-tooltip='Compartir en Whatsapp' rel=\"noopener\"><span class='avia_hidden_link_text'>Compartir en Whatsapp<\/span><\/a><\/li><li class='av-share-link av-social-link-linkedin' ><a target=\"_blank\" aria-label=\"Compartir en LinkedIn\" href='https:\/\/linkedin.com\/shareArticle?mini=true&#038;title=Tasa%20de%20ocupaci%C3%B3n%20regional%20disminuy%C3%B3%20a%20un%2062%2C8%25%20seg%C3%BAn%20cifras%20del%20Observatorio%20Laboral%20de%20Ays%C3%A9n&#038;url=https:\/\/radiorevelacionfm.cl\/?p=7425' aria-hidden='false' data-av_icon='\ue8fc' data-av_iconfont='entypo-fontello' title='' data-avia-related-tooltip='Compartir en LinkedIn' rel=\"noopener\"><span class='avia_hidden_link_text'>Compartir en LinkedIn<\/span><\/a><\/li><li class='av-share-link av-social-link-mail' ><a  aria-label=\"Compartir por correo\" href='mailto:?subject=Tasa%20de%20ocupaci%C3%B3n%20regional%20disminuy%C3%B3%20a%20un%2062%2C8%25%20seg%C3%BAn%20cifras%20del%20Observatorio%20Laboral%20de%20Ays%C3%A9n&#038;body=https:\/\/radiorevelacionfm.cl\/?p=7425' aria-hidden='false' data-av_icon='\ue805' data-av_iconfont='entypo-fontello' title='' data-avia-related-tooltip='Compartir por correo'><span class='avia_hidden_link_text'>Compartir por correo<\/span><\/a><\/li><\/ul><\/div><\/div>\n<div  style='height:50px' class='hr hr-invisible   avia-builder-el-8  el_after_av_social_share  el_before_av_comments_list '><span class='hr-inner ' ><span class='hr-inner-style'><\/span><\/span><\/div>\n<div  class='av-buildercomment  av-blog-meta-html-info-disabled av-blog-meta-tag-disabled  '><\/div>\n","protected":false},"excerpt":{"rendered":"","protected":false},"author":1,"featured_media":7427,"comment_status":"open","ping_status":"open","sticky":false,"template":"","format":"standard","meta":{"footnotes":""},"categories":[56],"tags":[],"class_list":["post-7425","post","type-post","status-publish","format-standard","has-post-thumbnail","hentry","category-trabajo"],"jetpack_featured_media_url":"https:\/\/radiorevelacionfm.cl\/wp-content\/uploads\/2021\/08\/trabajadores-1.jpg","_links":{"self":[{"href":"https:\/\/radiorevelacionfm.cl\/index.php?rest_route=\/wp\/v2\/posts\/7425","targetHints":{"allow":["GET"]}}],"collection":[{"href":"https:\/\/radiorevelacionfm.cl\/index.php?rest_route=\/wp\/v2\/posts"}],"about":[{"href":"https:\/\/radiorevelacionfm.cl\/index.php?rest_route=\/wp\/v2\/types\/post"}],"author":[{"embeddable":true,"href":"https:\/\/radiorevelacionfm.cl\/index.php?rest_route=\/wp\/v2\/users\/1"}],"replies":[{"embeddable":true,"href":"https:\/\/radiorevelacionfm.cl\/index.php?rest_route=%2Fwp%2Fv2%2Fcomments&post=7425"}],"version-history":[{"count":1,"href":"https:\/\/radiorevelacionfm.cl\/index.php?rest_route=\/wp\/v2\/posts\/7425\/revisions"}],"predecessor-version":[{"id":7428,"href":"https:\/\/radiorevelacionfm.cl\/index.php?rest_route=\/wp\/v2\/posts\/7425\/revisions\/7428"}],"wp:featuredmedia":[{"embeddable":true,"href":"https:\/\/radiorevelacionfm.cl\/index.php?rest_route=\/wp\/v2\/media\/7427"}],"wp:attachment":[{"href":"https:\/\/radiorevelacionfm.cl\/index.php?rest_route=%2Fwp%2Fv2%2Fmedia&parent=7425"}],"wp:term":[{"taxonomy":"category","embeddable":true,"href":"https:\/\/radiorevelacionfm.cl\/index.php?rest_route=%2Fwp%2Fv2%2Fcategories&post=7425"},{"taxonomy":"post_tag","embeddable":true,"href":"https:\/\/radiorevelacionfm.cl\/index.php?rest_route=%2Fwp%2Fv2%2Ftags&post=7425"}],"curies":[{"name":"wp","href":"https:\/\/api.w.org\/{rel}","templated":true}]}}