{"id":7422,"date":"2021-08-13T12:09:14","date_gmt":"2021-08-13T15:09:14","guid":{"rendered":"https:\/\/radiorevelacionfm.cl\/?p=7422"},"modified":"2021-08-13T12:09:14","modified_gmt":"2021-08-13T15:09:14","slug":"ferias-libres-piden-ampliar-el-plazo-para-postular-al-bono-mypes","status":"publish","type":"post","link":"https:\/\/radiorevelacionfm.cl\/?p=7422","title":{"rendered":"Ferias libres piden ampliar el plazo para postular al bono Mypes"},"content":{"rendered":"<div class=\"flex_column av_one_full  flex_column_div av-zero-column-padding first  avia-builder-el-0  el_before_av_one_full  avia-builder-el-first  \" style='border-radius:0px; '><div  class='avia-image-container  av-styling-    avia-builder-el-1  avia-builder-el-no-sibling  avia-align-center '  itemprop=\"image\" itemscope=\"itemscope\" itemtype=\"https:\/\/schema.org\/ImageObject\"  ><div class='avia-image-container-inner'><div class='avia-image-overlay-wrap'><img decoding=\"async\" class='wp-image-7423 avia-img-lazy-loading-not-7423 avia_image' src=\"https:\/\/radiorevelacionfm.cl\/wp-content\/uploads\/2021\/08\/Ferias-1-1.jpg\" alt='' title='Ferias (1) (1)' height=\"600\" width=\"900\"  itemprop=\"thumbnailUrl\" srcset=\"https:\/\/radiorevelacionfm.cl\/wp-content\/uploads\/2021\/08\/Ferias-1-1.jpg 900w, https:\/\/radiorevelacionfm.cl\/wp-content\/uploads\/2021\/08\/Ferias-1-1-300x200.jpg 300w, https:\/\/radiorevelacionfm.cl\/wp-content\/uploads\/2021\/08\/Ferias-1-1-768x512.jpg 768w, https:\/\/radiorevelacionfm.cl\/wp-content\/uploads\/2021\/08\/Ferias-1-1-705x470.jpg 705w, https:\/\/radiorevelacionfm.cl\/wp-content\/uploads\/2021\/08\/Ferias-1-1-600x400.jpg 600w\" sizes=\"(max-width: 900px) 100vw, 900px\" \/><\/div><\/div><\/div><\/div><div class=\"flex_column av_one_full  flex_column_div av-zero-column-padding first  avia-builder-el-2  el_after_av_one_full  el_before_av_one_full  column-top-margin\" style='border-radius:0px; '><section class=\"av_textblock_section \"  itemscope=\"itemscope\" itemtype=\"https:\/\/schema.org\/BlogPosting\" itemprop=\"blogPost\" ><div class='avia_textblock  '   itemprop=\"text\" ><p style=\"text-align: center;\"><strong><span style=\"font-size: 18pt;\">Ferias libres piden ampliar el plazo para postular al bono Mypes<\/span><\/strong><\/p>\n<div id=\"gtx-trans\" style=\"position: absolute; left: -50px; top: 4.31534px;\">\n<div class=\"gtx-trans-icon\"><\/div>\n<\/div>\n<\/div><\/section><\/div><div class=\"flex_column av_one_full  flex_column_div av-zero-column-padding first  avia-builder-el-4  el_after_av_one_full  el_before_av_hr  column-top-margin\" style='border-radius:0px; '><section class=\"av_textblock_section \"  itemscope=\"itemscope\" itemtype=\"https:\/\/schema.org\/BlogPosting\" itemprop=\"blogPost\" ><div class='avia_textblock  '   itemprop=\"text\" ><p style=\"text-align: justify;\">A trav\u00e9s de un proyecto de acuerdo, impulsado por un grupo transversal de senadores se hace presente que existe un n\u00famero considerable de peque\u00f1os y medianos empresarios que no ha podido cumplir con el requisito de contar con la respectiva patente municipal al d\u00eda.<\/p>\n<p style=\"text-align: justify;\">Valorando el aporte que ha significado el bono de alivio para las micro y peque\u00f1as empresas, destinado a paliar los efectos econ\u00f3micos provocados por la pandemia del COVID-19, el Senado solicit\u00f3 al Ejecutivo <strong>ampliar el periodo de postulaci\u00f3n para las ferias libres hasta el 15 de septiembre<\/strong>.<\/p>\n<p style=\"text-align: justify;\">Esto, pues hacen presente que se estableci\u00f3 que s\u00f3lo se pod\u00eda acceder al beneficio si ten\u00edan a la fecha de la solicitud su patente municipal al d\u00eda. No obstante, aclaran, \u201cdado la cantidad de tr\u00e1mites que se llevaron a efecto en numerosos municipios del pa\u00eds, existe un n\u00famero considerable de peque\u00f1os y medianos empresarios que no ha podido cumplir con este requisito, lo cual es atingente de la burocracia municipal y excede a su posibilidad de cumplimiento del se\u00f1alado requisito\u201d.<\/p>\n<p style=\"text-align: justify;\">Cabe recordar que, el per\u00edodo de postulaci\u00f3n era desde el 2 de julio hasta el 2 de agosto del presente a\u00f1o.<\/p>\n<p style=\"text-align: justify;\">El proyecto de acuerdo enfatiza que las mypes \u201cconstituyen un motor fundamental de la econom\u00eda nacional, existiendo a nivel nacional, al a\u00f1o 2020 m\u00e1s de 600.000, de acuerdo con datos emanados del Instituto Nacional de Estad\u00edsticas y en algunas regiones, es el sector donde se desarrolla, casi exclusivamente, la actividad econ\u00f3mica privada\u201d.<\/p>\n<p style=\"text-align: justify;\">Ambos senadores de la regi\u00f3n de Ays\u00e9n, Ximena \u00d3rdenes y David Sandoval patrocinaron la presentaci\u00f3n.<\/p>\n<\/div><\/section><\/div><div  style='height:50px' class='hr hr-invisible   avia-builder-el-6  el_after_av_one_full  el_before_av_social_share '><span class='hr-inner ' ><span class='hr-inner-style'><\/span><\/span><\/div><\/p>\n<div  class='av-social-sharing-box  avia-builder-el-7  el_after_av_hr  el_before_av_hr  '><div class='av-share-box'><h5 class='av-share-link-description av-no-toc '>Compartir esta noticia<\/h5><ul class='av-share-box-list noLightbox'><li class='av-share-link av-social-link-facebook' ><a target=\"_blank\" aria-label=\"Compartir en Facebook\" href='https:\/\/www.facebook.com\/sharer.php?u=https:\/\/radiorevelacionfm.cl\/?p=7422&#038;t=Ferias%20libres%20piden%20ampliar%20el%20plazo%20para%20postular%20al%20bono%20Mypes' aria-hidden='false' data-av_icon='\ue8f3' data-av_iconfont='entypo-fontello' title='' data-avia-related-tooltip='Compartir en Facebook' rel=\"noopener\"><span class='avia_hidden_link_text'>Compartir en Facebook<\/span><\/a><\/li><li class='av-share-link av-social-link-twitter' ><a target=\"_blank\" aria-label=\"Compartir en Twitter\" href='https:\/\/twitter.com\/share?text=Ferias%20libres%20piden%20ampliar%20el%20plazo%20para%20postular%20al%20bono%20Mypes&#038;url=https:\/\/radiorevelacionfm.cl\/?p=7422' aria-hidden='false' data-av_icon='\ue8f1' data-av_iconfont='entypo-fontello' title='' data-avia-related-tooltip='Compartir en Twitter' rel=\"noopener\"><span class='avia_hidden_link_text'>Compartir en Twitter<\/span><\/a><\/li><li class='av-share-link av-social-link-whatsapp' ><a target=\"_blank\" aria-label=\"Compartir en Whatsapp\" href='https:\/\/api.whatsapp.com\/send?text=https:\/\/radiorevelacionfm.cl\/?p=7422' aria-hidden='false' data-av_icon='\uf232' data-av_iconfont='entypo-fontello' title='' data-avia-related-tooltip='Compartir en Whatsapp' rel=\"noopener\"><span class='avia_hidden_link_text'>Compartir en Whatsapp<\/span><\/a><\/li><li class='av-share-link av-social-link-linkedin' ><a target=\"_blank\" aria-label=\"Compartir en LinkedIn\" href='https:\/\/linkedin.com\/shareArticle?mini=true&#038;title=Ferias%20libres%20piden%20ampliar%20el%20plazo%20para%20postular%20al%20bono%20Mypes&#038;url=https:\/\/radiorevelacionfm.cl\/?p=7422' aria-hidden='false' data-av_icon='\ue8fc' data-av_iconfont='entypo-fontello' title='' data-avia-related-tooltip='Compartir en LinkedIn' rel=\"noopener\"><span class='avia_hidden_link_text'>Compartir en LinkedIn<\/span><\/a><\/li><li class='av-share-link av-social-link-mail' ><a  aria-label=\"Compartir por correo\" href='mailto:?subject=Ferias%20libres%20piden%20ampliar%20el%20plazo%20para%20postular%20al%20bono%20Mypes&#038;body=https:\/\/radiorevelacionfm.cl\/?p=7422' aria-hidden='false' data-av_icon='\ue805' data-av_iconfont='entypo-fontello' title='' data-avia-related-tooltip='Compartir por correo'><span class='avia_hidden_link_text'>Compartir por correo<\/span><\/a><\/li><\/ul><\/div><\/div>\n<div  style='height:50px' class='hr hr-invisible   avia-builder-el-8  el_after_av_social_share  el_before_av_comments_list '><span class='hr-inner ' ><span class='hr-inner-style'><\/span><\/span><\/div>\n<div  class='av-buildercomment  av-blog-meta-html-info-disabled av-blog-meta-tag-disabled  '><\/div>\n","protected":false},"excerpt":{"rendered":"","protected":false},"author":1,"featured_media":7423,"comment_status":"open","ping_status":"open","sticky":false,"template":"","format":"standard","meta":{"footnotes":""},"categories":[38],"tags":[],"class_list":["post-7422","post","type-post","status-publish","format-standard","has-post-thumbnail","hentry","category-regional"],"jetpack_featured_media_url":"https:\/\/radiorevelacionfm.cl\/wp-content\/uploads\/2021\/08\/Ferias-1-1.jpg","_links":{"self":[{"href":"https:\/\/radiorevelacionfm.cl\/index.php?rest_route=\/wp\/v2\/posts\/7422","targetHints":{"allow":["GET"]}}],"collection":[{"href":"https:\/\/radiorevelacionfm.cl\/index.php?rest_route=\/wp\/v2\/posts"}],"about":[{"href":"https:\/\/radiorevelacionfm.cl\/index.php?rest_route=\/wp\/v2\/types\/post"}],"author":[{"embeddable":true,"href":"https:\/\/radiorevelacionfm.cl\/index.php?rest_route=\/wp\/v2\/users\/1"}],"replies":[{"embeddable":true,"href":"https:\/\/radiorevelacionfm.cl\/index.php?rest_route=%2Fwp%2Fv2%2Fcomments&post=7422"}],"version-history":[{"count":1,"href":"https:\/\/radiorevelacionfm.cl\/index.php?rest_route=\/wp\/v2\/posts\/7422\/revisions"}],"predecessor-version":[{"id":7424,"href":"https:\/\/radiorevelacionfm.cl\/index.php?rest_route=\/wp\/v2\/posts\/7422\/revisions\/7424"}],"wp:featuredmedia":[{"embeddable":true,"href":"https:\/\/radiorevelacionfm.cl\/index.php?rest_route=\/wp\/v2\/media\/7423"}],"wp:attachment":[{"href":"https:\/\/radiorevelacionfm.cl\/index.php?rest_route=%2Fwp%2Fv2%2Fmedia&parent=7422"}],"wp:term":[{"taxonomy":"category","embeddable":true,"href":"https:\/\/radiorevelacionfm.cl\/index.php?rest_route=%2Fwp%2Fv2%2Fcategories&post=7422"},{"taxonomy":"post_tag","embeddable":true,"href":"https:\/\/radiorevelacionfm.cl\/index.php?rest_route=%2Fwp%2Fv2%2Ftags&post=7422"}],"curies":[{"name":"wp","href":"https:\/\/api.w.org\/{rel}","templated":true}]}}