{"id":7418,"date":"2021-08-12T20:37:41","date_gmt":"2021-08-12T23:37:41","guid":{"rendered":"https:\/\/radiorevelacionfm.cl\/?p=7418"},"modified":"2021-08-12T20:37:41","modified_gmt":"2021-08-12T23:37:41","slug":"dirigentes-sociales-de-aysen-reciben-reconocimiento-por-su-destacada-labor","status":"publish","type":"post","link":"https:\/\/radiorevelacionfm.cl\/?p=7418","title":{"rendered":"Dirigentes Sociales de Ays\u00e9n reciben reconocimiento por su destacada labor"},"content":{"rendered":"<div class=\"flex_column av_one_full  flex_column_div av-zero-column-padding first  avia-builder-el-0  el_before_av_one_full  avia-builder-el-first  \" style='border-radius:0px; '><div  class='avia-image-container  av-styling-    avia-builder-el-1  avia-builder-el-no-sibling  avia-align-center '  itemprop=\"image\" itemscope=\"itemscope\" itemtype=\"https:\/\/schema.org\/ImageObject\"  ><div class='avia-image-container-inner'><div class='avia-image-overlay-wrap'><img decoding=\"async\" class='wp-image-7420 avia-img-lazy-loading-not-7420 avia_image' src=\"https:\/\/radiorevelacionfm.cl\/wp-content\/uploads\/2021\/08\/DSC_1307i-1-1.jpg\" alt='' title='DSC_1307i (1) (1)' height=\"600\" width=\"1126\"  itemprop=\"thumbnailUrl\" srcset=\"https:\/\/radiorevelacionfm.cl\/wp-content\/uploads\/2021\/08\/DSC_1307i-1-1.jpg 1126w, https:\/\/radiorevelacionfm.cl\/wp-content\/uploads\/2021\/08\/DSC_1307i-1-1-300x160.jpg 300w, https:\/\/radiorevelacionfm.cl\/wp-content\/uploads\/2021\/08\/DSC_1307i-1-1-1030x549.jpg 1030w, https:\/\/radiorevelacionfm.cl\/wp-content\/uploads\/2021\/08\/DSC_1307i-1-1-768x409.jpg 768w, https:\/\/radiorevelacionfm.cl\/wp-content\/uploads\/2021\/08\/DSC_1307i-1-1-705x376.jpg 705w, https:\/\/radiorevelacionfm.cl\/wp-content\/uploads\/2021\/08\/DSC_1307i-1-1-600x320.jpg 600w\" sizes=\"(max-width: 1126px) 100vw, 1126px\" \/><\/div><\/div><\/div><\/div><div class=\"flex_column av_one_full  flex_column_div av-zero-column-padding first  avia-builder-el-2  el_after_av_one_full  el_before_av_one_full  column-top-margin\" style='border-radius:0px; '><section class=\"av_textblock_section \"  itemscope=\"itemscope\" itemtype=\"https:\/\/schema.org\/BlogPosting\" itemprop=\"blogPost\" ><div class='avia_textblock  '   itemprop=\"text\" ><p style=\"text-align: center;\"><strong><span style=\"font-size: 18pt;\">Dirigentes Sociales de Ays\u00e9n reciben reconocimiento por su destacada labor\u00a0<\/span><\/strong><\/p>\n<div id=\"gtx-trans\" style=\"position: absolute; left: -50px; top: 4.31534px;\">\n<div class=\"gtx-trans-icon\"><\/div>\n<\/div>\n<\/div><\/section><\/div><div class=\"flex_column av_one_full  flex_column_div av-zero-column-padding first  avia-builder-el-4  el_after_av_one_full  el_before_av_hr  column-top-margin\" style='border-radius:0px; '><section class=\"av_textblock_section \"  itemscope=\"itemscope\" itemtype=\"https:\/\/schema.org\/BlogPosting\" itemprop=\"blogPost\" ><div class='avia_textblock  '   itemprop=\"text\" ><p>El d\u00eda 7 de agosto fue el d\u00eda oficial del Dirigente Social.<\/p>\n<p style=\"text-align: justify;\">La instauraci\u00f3n del D\u00eda del Dirigente Social -establecida durante el mandato del ex Presidente Eduardo Frei Ruiz-Tagle- busca ratificar el reconocimiento profundo a la labor de las y los dirigentes vecinales y comunitarios de todo el pa\u00eds.<\/p>\n<p style=\"text-align: justify;\">Durante estos d\u00edas el DPPAys\u00e9n Manuel Ortiz visit\u00f3 a diferentes hombres y mujeres que cumplen un rol importante dentro de la sociedad, ocasi\u00f3n que la autoridad provincial destac\u00f3 el trabajo muchas veces silencioso que realizan por el bien de toda nuestra comunidad \u201cla verdad que el d\u00eda del dirigente social son todos los d\u00edas del a\u00f1o porque cada uno de ellos, hombres y mujeres que han dedicado su vida entera para trabajar por el resto de la comunidad y lograr tantos avances y tanto progreso para las comunidades merecen un reconocimiento todos los d\u00edas por su labor, nosotros como DPPAys\u00e9n hemos hecho entregas de reconocimientos a algunos dirigentes que en estos momentos han marcado un hito importante para nuestra provincia\u201d.<\/p>\n<p style=\"text-align: justify;\">Rosa Ch\u00e1vez emblem\u00e1tica dirigenta del sector Pedro Aguirre Cerda agradeci\u00f3 el gesto que tuvo el DPPAys\u00e9n Manuel Ortiz \u201cno me lo esperaba, creo que ese reconocimiento me da una satisfacci\u00f3n del trabajo que yo hago a diario, que es un trabajo que lo hago con mucha voluntad sin ser obligada porque las cosas se deben hacer de vocaci\u00f3n, con transparencia, con entrega y esto me dignifica, me siento muy orgullosa agradecerle a \u00e9l (Manuel Ortiz) que se haya tomado este tiempo en elegir mi nombre\u201d.<\/p>\n<p style=\"text-align: justify;\">En Puerto Chacabuco la autoridad provincial aprovech\u00f3 de reconocer el trabajo que a\u00fan sigue realizando por sus vecinos la se\u00f1ora Ramona Argel qui\u00e9n se mostr\u00f3 emocionada con el reconocimiento \u201cyo le agradezco much\u00edsimo porque a m\u00ed me emociona porque muchas veces nosotros somos los que andamos para all\u00e1, le agradezco porque esto es importante tambi\u00e9n es un cambio emocional y radical que las autoridades lleguen a sus casas, le agradezco el tiempo que se da de haber venido para ac\u00e1\u201d.<\/p>\n<p style=\"text-align: justify;\">Se\u00f1alar finalmente que la autoridad provincial continuar\u00e1 con la entrega de reconocimientos durante estos d\u00edas.<\/p>\n<\/div><\/section><\/div><div  style='height:50px' class='hr hr-invisible   avia-builder-el-6  el_after_av_one_full  el_before_av_social_share '><span class='hr-inner ' ><span class='hr-inner-style'><\/span><\/span><\/div><\/p>\n<div  class='av-social-sharing-box  avia-builder-el-7  el_after_av_hr  el_before_av_hr  '><div class='av-share-box'><h5 class='av-share-link-description av-no-toc '>Compartir esta noticia<\/h5><ul class='av-share-box-list noLightbox'><li class='av-share-link av-social-link-facebook' ><a target=\"_blank\" aria-label=\"Compartir en Facebook\" href='https:\/\/www.facebook.com\/sharer.php?u=https:\/\/radiorevelacionfm.cl\/?p=7418&#038;t=Dirigentes%20Sociales%20de%20Ays%C3%A9n%20reciben%20reconocimiento%20por%20su%20destacada%20labor' aria-hidden='false' data-av_icon='\ue8f3' data-av_iconfont='entypo-fontello' title='' data-avia-related-tooltip='Compartir en Facebook' rel=\"noopener\"><span class='avia_hidden_link_text'>Compartir en Facebook<\/span><\/a><\/li><li class='av-share-link av-social-link-twitter' ><a target=\"_blank\" aria-label=\"Compartir en Twitter\" href='https:\/\/twitter.com\/share?text=Dirigentes%20Sociales%20de%20Ays%C3%A9n%20reciben%20reconocimiento%20por%20su%20destacada%20labor&#038;url=https:\/\/radiorevelacionfm.cl\/?p=7418' aria-hidden='false' data-av_icon='\ue8f1' data-av_iconfont='entypo-fontello' title='' data-avia-related-tooltip='Compartir en Twitter' rel=\"noopener\"><span class='avia_hidden_link_text'>Compartir en Twitter<\/span><\/a><\/li><li class='av-share-link av-social-link-whatsapp' ><a target=\"_blank\" aria-label=\"Compartir en Whatsapp\" href='https:\/\/api.whatsapp.com\/send?text=https:\/\/radiorevelacionfm.cl\/?p=7418' aria-hidden='false' data-av_icon='\uf232' data-av_iconfont='entypo-fontello' title='' data-avia-related-tooltip='Compartir en Whatsapp' rel=\"noopener\"><span class='avia_hidden_link_text'>Compartir en Whatsapp<\/span><\/a><\/li><li class='av-share-link av-social-link-linkedin' ><a target=\"_blank\" aria-label=\"Compartir en LinkedIn\" href='https:\/\/linkedin.com\/shareArticle?mini=true&#038;title=Dirigentes%20Sociales%20de%20Ays%C3%A9n%20reciben%20reconocimiento%20por%20su%20destacada%20labor&#038;url=https:\/\/radiorevelacionfm.cl\/?p=7418' aria-hidden='false' data-av_icon='\ue8fc' data-av_iconfont='entypo-fontello' title='' data-avia-related-tooltip='Compartir en LinkedIn' rel=\"noopener\"><span class='avia_hidden_link_text'>Compartir en LinkedIn<\/span><\/a><\/li><li class='av-share-link av-social-link-mail' ><a  aria-label=\"Compartir por correo\" href='mailto:?subject=Dirigentes%20Sociales%20de%20Ays%C3%A9n%20reciben%20reconocimiento%20por%20su%20destacada%20labor&#038;body=https:\/\/radiorevelacionfm.cl\/?p=7418' aria-hidden='false' data-av_icon='\ue805' data-av_iconfont='entypo-fontello' title='' data-avia-related-tooltip='Compartir por correo'><span class='avia_hidden_link_text'>Compartir por correo<\/span><\/a><\/li><\/ul><\/div><\/div>\n<div  style='height:50px' class='hr hr-invisible   avia-builder-el-8  el_after_av_social_share  el_before_av_comments_list '><span class='hr-inner ' ><span class='hr-inner-style'><\/span><\/span><\/div>\n<div  class='av-buildercomment  av-blog-meta-html-info-disabled av-blog-meta-tag-disabled  '><\/div>\n","protected":false},"excerpt":{"rendered":"","protected":false},"author":1,"featured_media":7420,"comment_status":"open","ping_status":"open","sticky":false,"template":"","format":"standard","meta":{"footnotes":""},"categories":[38],"tags":[],"class_list":["post-7418","post","type-post","status-publish","format-standard","has-post-thumbnail","hentry","category-regional"],"jetpack_featured_media_url":"https:\/\/radiorevelacionfm.cl\/wp-content\/uploads\/2021\/08\/DSC_1307i-1-1.jpg","_links":{"self":[{"href":"https:\/\/radiorevelacionfm.cl\/index.php?rest_route=\/wp\/v2\/posts\/7418","targetHints":{"allow":["GET"]}}],"collection":[{"href":"https:\/\/radiorevelacionfm.cl\/index.php?rest_route=\/wp\/v2\/posts"}],"about":[{"href":"https:\/\/radiorevelacionfm.cl\/index.php?rest_route=\/wp\/v2\/types\/post"}],"author":[{"embeddable":true,"href":"https:\/\/radiorevelacionfm.cl\/index.php?rest_route=\/wp\/v2\/users\/1"}],"replies":[{"embeddable":true,"href":"https:\/\/radiorevelacionfm.cl\/index.php?rest_route=%2Fwp%2Fv2%2Fcomments&post=7418"}],"version-history":[{"count":1,"href":"https:\/\/radiorevelacionfm.cl\/index.php?rest_route=\/wp\/v2\/posts\/7418\/revisions"}],"predecessor-version":[{"id":7421,"href":"https:\/\/radiorevelacionfm.cl\/index.php?rest_route=\/wp\/v2\/posts\/7418\/revisions\/7421"}],"wp:featuredmedia":[{"embeddable":true,"href":"https:\/\/radiorevelacionfm.cl\/index.php?rest_route=\/wp\/v2\/media\/7420"}],"wp:attachment":[{"href":"https:\/\/radiorevelacionfm.cl\/index.php?rest_route=%2Fwp%2Fv2%2Fmedia&parent=7418"}],"wp:term":[{"taxonomy":"category","embeddable":true,"href":"https:\/\/radiorevelacionfm.cl\/index.php?rest_route=%2Fwp%2Fv2%2Fcategories&post=7418"},{"taxonomy":"post_tag","embeddable":true,"href":"https:\/\/radiorevelacionfm.cl\/index.php?rest_route=%2Fwp%2Fv2%2Ftags&post=7418"}],"curies":[{"name":"wp","href":"https:\/\/api.w.org\/{rel}","templated":true}]}}