{"id":7416,"date":"2021-08-13T10:34:02","date_gmt":"2021-08-13T13:34:02","guid":{"rendered":"https:\/\/radiorevelacionfm.cl\/?p=7416"},"modified":"2021-08-13T10:34:02","modified_gmt":"2021-08-13T13:34:02","slug":"alcalde-de-chile-chico-presento-ambicioso-plan-de-inversion-publica-al-concejo-municipal","status":"publish","type":"post","link":"https:\/\/radiorevelacionfm.cl\/?p=7416","title":{"rendered":"Alcalde de Chile Chico present\u00f3 ambicioso plan de inversi\u00f3n p\u00fablica al concejo municipal"},"content":{"rendered":"<div class=\"flex_column av_one_full  flex_column_div av-zero-column-padding first  avia-builder-el-0  el_before_av_one_full  avia-builder-el-first  \" style='border-radius:0px; '><div  class='avia-image-container  av-styling-    avia-builder-el-1  avia-builder-el-no-sibling  avia-align-center '  itemprop=\"image\" itemscope=\"itemscope\" itemtype=\"https:\/\/schema.org\/ImageObject\"  ><div class='avia-image-container-inner'><div class='avia-image-overlay-wrap'><img decoding=\"async\" class='wp-image-5924 avia-img-lazy-loading-not-5924 avia_image' src=\"https:\/\/radiorevelacionfm.cl\/wp-content\/uploads\/2021\/07\/municipalidad-chile-chico_optimized.jpg\" alt='' title='municipalidad-chile-chico_optimized' height=\"602\" width=\"1079\"  itemprop=\"thumbnailUrl\" srcset=\"https:\/\/radiorevelacionfm.cl\/wp-content\/uploads\/2021\/07\/municipalidad-chile-chico_optimized.jpg 1079w, https:\/\/radiorevelacionfm.cl\/wp-content\/uploads\/2021\/07\/municipalidad-chile-chico_optimized-300x167.jpg 300w, https:\/\/radiorevelacionfm.cl\/wp-content\/uploads\/2021\/07\/municipalidad-chile-chico_optimized-1030x575.jpg 1030w, https:\/\/radiorevelacionfm.cl\/wp-content\/uploads\/2021\/07\/municipalidad-chile-chico_optimized-768x428.jpg 768w, https:\/\/radiorevelacionfm.cl\/wp-content\/uploads\/2021\/07\/municipalidad-chile-chico_optimized-705x393.jpg 705w, https:\/\/radiorevelacionfm.cl\/wp-content\/uploads\/2021\/07\/municipalidad-chile-chico_optimized-600x335.jpg 600w\" sizes=\"(max-width: 1079px) 100vw, 1079px\" \/><\/div><\/div><\/div><\/div><div class=\"flex_column av_one_full  flex_column_div av-zero-column-padding first  avia-builder-el-2  el_after_av_one_full  el_before_av_one_full  column-top-margin\" style='border-radius:0px; '><section class=\"av_textblock_section \"  itemscope=\"itemscope\" itemtype=\"https:\/\/schema.org\/BlogPosting\" itemprop=\"blogPost\" ><div class='avia_textblock  '   itemprop=\"text\" ><p style=\"text-align: center;\"><span style=\"font-size: 18pt;\"><strong>Alcalde de Chile Chico present\u00f3 ambicioso plan de inversi\u00f3n p\u00fablica al concejo municipal<\/strong><\/span><\/p>\n<div id=\"gtx-trans\" style=\"position: absolute; left: -50px; top: 4.31534px;\">\n<div class=\"gtx-trans-icon\"><\/div>\n<\/div>\n<\/div><\/section><\/div><div class=\"flex_column av_one_full  flex_column_div av-zero-column-padding first  avia-builder-el-4  el_after_av_one_full  el_before_av_hr  column-top-margin\" style='border-radius:0px; '><section class=\"av_textblock_section \"  itemscope=\"itemscope\" itemtype=\"https:\/\/schema.org\/BlogPosting\" itemprop=\"blogPost\" ><div class='avia_textblock  '   itemprop=\"text\" ><p style=\"text-align: justify;\">Una ambiciosa cartera de proyectos enfocados en el desarrollo de las localidades y posicionamiento de la comuna como destino tur\u00edstico a 10 a\u00f1os plazo, fue presentado al concejo municipal de Chile Chico, iniciativas que forman parte del denominado \u201cplan maestro de inversi\u00f3n p\u00fablica local\u201d.<\/p>\n<p style=\"text-align: justify;\">El municipio llevar\u00e1 adelante los instrumentos de planificaci\u00f3n, ejecutando dos planes reguladores para Chile Chico y Puerto Guadal y dos planes seccionales para Puerto Bertrand y Mall\u00edn Grande. Esto permitir\u00e1 que toda inversi\u00f3n p\u00fablica-privada tenga regulaci\u00f3n y as\u00ed fijar las zonas de expansi\u00f3n urbana, abordar la infraestructura de los bordes costeros y establecer las prioridades para cada una de las localidades del territorio.<\/p>\n<p style=\"text-align: justify;\">\u201cPuerto Guadal, Chile Chico y Puerto Bertrand est\u00e1n con los proyectos de las costaneras que nosotros dejamos listos en nuestra anterior administraci\u00f3n y hoy los retomamos, ya que estas iniciativas de infraestructura p\u00fablica son muy potentes para el desarrollo de las localidades y el turismo, pensando en la posterior inversi\u00f3n del privado y fortalecimiento de este eje que para nosotros es muy relevante\u201d, explic\u00f3 el alcalde Luperciano Mu\u00f1oz.<\/p>\n<p style=\"text-align: justify;\">En cuanto a infraestructura deportiva, se retomar\u00e1 el proyecto de la piscina semi ol\u00edmpica climatizada, descartada por la administraci\u00f3n anterior a pesar de contar con recomendaci\u00f3n favorable, terminar el proyecto del antiguo gimnasio, ubicado frente al municipio, instalar c\u00e9sped sint\u00e9tico al estadio de Mall\u00edn Grande y la construcci\u00f3n de las multicanchas, adem\u00e1s de la materializaci\u00f3n de la primera ciclo v\u00eda binacional con Los Antiguos, \u201ciniciativa que ya est\u00e1 acordada con el intendente, Guillermo Mercado, y que adem\u00e1s implica el compromiso de Serviu para prestar la ayuda t\u00e9cnica a trav\u00e9s del dise\u00f1o\u201d, coment\u00f3 el jefe comunal.<\/p>\n<p style=\"text-align: justify;\">El plan maestro de inversi\u00f3n p\u00fablica tambi\u00e9n contempla el hermoseamiento urbano, a trav\u00e9s del desarrollo de paseos peatonales para entregar espacios p\u00fablicos a las comunidades. \u201cHoy estamos en una primera etapa donde abordaremos dos tramos en Chile Chico y posteriormente, a trav\u00e9s del proyecto costanera, se incluir\u00e1 el arroyo El Sauce en Puerto Guadal\u201d, indic\u00f3 Mu\u00f1oz.<\/p>\n<p style=\"text-align: justify;\">\u201cAdem\u00e1s, se firm\u00f3 un convenio con el ministerio de Transporte para la intervenci\u00f3n de la calle principal de Chile Chico, con reductores de velocidad y pavimentos modernos, adem\u00e1s del plan de gesti\u00f3n de tr\u00e1nsito que prontamente comenzar\u00e1 a ser elaborado y que permitir\u00e1 descongestionarla\u201d, a\u00f1adi\u00f3.<\/p>\n<p style=\"text-align: justify;\">Otro de las iniciativas que conlleva el plan de inversi\u00f3n es el cambio de la nueva se\u00f1al\u00e9tica urbana de Chile Chico, donde se pretende que sean los artesanos locales quienes realicen los modernos dise\u00f1os para su posterior instalaci\u00f3n.<\/p>\n<p style=\"text-align: justify;\">En cuanto a infraestructura y equipamiento del \u00e1rea cultural, se construir\u00e1 un centro cultural de dos pisos, cuya planta baja ser\u00e1 destinada a la implementaci\u00f3n de un mercado municipal moderno, \u201cpero con caracter\u00edsticas de galer\u00eda comercial y todas las comodidades y condiciones que la conviertan en un atractivo lugar para el turista y para las personas que ah\u00ed trabajen. El segundo piso albergar\u00e1 el nuevo centro cultural municipal\u201d, detall\u00f3 el edil.<\/p>\n<p style=\"text-align: justify;\">Adem\u00e1s, se construir\u00e1 una biblioteca p\u00fablica, \u201cpero pensada desde la modernidad, privilegiando la tecnolog\u00eda para el desarrollo de la lectura. Proyecto que tiene el dise\u00f1o terminado y listo el terreno donde ser\u00e1 emplazada\u201d, asegur\u00f3 Luperciano Mu\u00f1oz.<\/p>\n<p style=\"text-align: justify;\">Con respecto al saneamiento sanitario, se pretende que en un plazo de 10 a\u00f1os todas las personas tengan su sistema de alcantarillado individual. \u201cVamos a seguir con la intervenci\u00f3n en las localidades y sectores rurales en esta materia para entregar una soluci\u00f3n definitiva y no parches\u201d, puntualiz\u00f3 el alcalde.<\/p>\n<p style=\"text-align: justify;\">\u201cAdem\u00e1s, se terminar\u00e1n los proyectos de alcantarillado de Puerto Guadal, en Mall\u00edn Grande la etapa de dise\u00f1o est\u00e1 siendo licitada y en Puerto Bertrand se licit\u00f3 la construcci\u00f3n del alcantarillado y hubo un solo oferente que ofert\u00f3 1.500 millones por sobre lo presupuestado, lo que ocurri\u00f3 debido a que cuando nos fuimos del municipio dejamos el estudio y dise\u00f1o del alcantarillado terminado, pero la administraci\u00f3n anterior no agiliz\u00f3 el proyecto y hoy tenemos la obligaci\u00f3n de ingresarlo nuevamente a reevaluaci\u00f3n\u201d, record\u00f3.<\/p>\n<p style=\"text-align: justify;\">En la misma l\u00ednea, se construir\u00e1 el relleno sanitario de Chile Chico y la planta de tratamiento de basura integrada de Puerto Guadal, que incluir\u00e1 a Mall\u00edn Grande y Puerto Bertrand.<\/p>\n<p style=\"text-align: justify;\">La conectividad a\u00e9rea y lacustre tambi\u00e9n es parte fundamental en este plan de inversi\u00f3n, donde se incorporan iniciativas como la ampliaci\u00f3n de la pista de aterrizaje del aer\u00f3dromo y la solicitud de un moderno catamar\u00e1n, con capacidad m\u00ednima para 250 personas, adem\u00e1s de la habilitaci\u00f3n y pavimentaci\u00f3n del puerto de Levican para mejorar las conexiones, disminuir los tiempos de traslado y fomentar el turismo.<\/p>\n<\/div><\/section><\/div><div  style='height:50px' class='hr hr-invisible   avia-builder-el-6  el_after_av_one_full  el_before_av_social_share '><span class='hr-inner ' ><span class='hr-inner-style'><\/span><\/span><\/div><\/p>\n<div  class='av-social-sharing-box  avia-builder-el-7  el_after_av_hr  el_before_av_hr  '><div class='av-share-box'><h5 class='av-share-link-description av-no-toc '>Compartir esta noticia<\/h5><ul class='av-share-box-list noLightbox'><li class='av-share-link av-social-link-facebook' ><a target=\"_blank\" aria-label=\"Compartir en Facebook\" href='https:\/\/www.facebook.com\/sharer.php?u=https:\/\/radiorevelacionfm.cl\/?p=7416&#038;t=Alcalde%20de%20Chile%20Chico%20present%C3%B3%20ambicioso%20plan%20de%20inversi%C3%B3n%20p%C3%BAblica%20al%20concejo%20municipal' aria-hidden='false' data-av_icon='\ue8f3' data-av_iconfont='entypo-fontello' title='' data-avia-related-tooltip='Compartir en Facebook' rel=\"noopener\"><span class='avia_hidden_link_text'>Compartir en Facebook<\/span><\/a><\/li><li class='av-share-link av-social-link-twitter' ><a target=\"_blank\" aria-label=\"Compartir en Twitter\" href='https:\/\/twitter.com\/share?text=Alcalde%20de%20Chile%20Chico%20present%C3%B3%20ambicioso%20plan%20de%20inversi%C3%B3n%20p%C3%BAblica%20al%20concejo%20municipal&#038;url=https:\/\/radiorevelacionfm.cl\/?p=7416' aria-hidden='false' data-av_icon='\ue8f1' data-av_iconfont='entypo-fontello' title='' data-avia-related-tooltip='Compartir en Twitter' rel=\"noopener\"><span class='avia_hidden_link_text'>Compartir en Twitter<\/span><\/a><\/li><li class='av-share-link av-social-link-whatsapp' ><a target=\"_blank\" aria-label=\"Compartir en Whatsapp\" href='https:\/\/api.whatsapp.com\/send?text=https:\/\/radiorevelacionfm.cl\/?p=7416' aria-hidden='false' data-av_icon='\uf232' data-av_iconfont='entypo-fontello' title='' data-avia-related-tooltip='Compartir en Whatsapp' rel=\"noopener\"><span class='avia_hidden_link_text'>Compartir en Whatsapp<\/span><\/a><\/li><li class='av-share-link av-social-link-linkedin' ><a target=\"_blank\" aria-label=\"Compartir en LinkedIn\" href='https:\/\/linkedin.com\/shareArticle?mini=true&#038;title=Alcalde%20de%20Chile%20Chico%20present%C3%B3%20ambicioso%20plan%20de%20inversi%C3%B3n%20p%C3%BAblica%20al%20concejo%20municipal&#038;url=https:\/\/radiorevelacionfm.cl\/?p=7416' aria-hidden='false' data-av_icon='\ue8fc' data-av_iconfont='entypo-fontello' title='' data-avia-related-tooltip='Compartir en LinkedIn' rel=\"noopener\"><span class='avia_hidden_link_text'>Compartir en LinkedIn<\/span><\/a><\/li><li class='av-share-link av-social-link-mail' ><a  aria-label=\"Compartir por correo\" href='mailto:?subject=Alcalde%20de%20Chile%20Chico%20present%C3%B3%20ambicioso%20plan%20de%20inversi%C3%B3n%20p%C3%BAblica%20al%20concejo%20municipal&#038;body=https:\/\/radiorevelacionfm.cl\/?p=7416' aria-hidden='false' data-av_icon='\ue805' data-av_iconfont='entypo-fontello' title='' data-avia-related-tooltip='Compartir por correo'><span class='avia_hidden_link_text'>Compartir por correo<\/span><\/a><\/li><\/ul><\/div><\/div>\n<div  style='height:50px' class='hr hr-invisible   avia-builder-el-8  el_after_av_social_share  el_before_av_comments_list '><span class='hr-inner ' ><span class='hr-inner-style'><\/span><\/span><\/div>\n<div  class='av-buildercomment  av-blog-meta-html-info-disabled av-blog-meta-tag-disabled  '><\/div>\n","protected":false},"excerpt":{"rendered":"","protected":false},"author":1,"featured_media":5924,"comment_status":"open","ping_status":"open","sticky":false,"template":"","format":"standard","meta":{"footnotes":""},"categories":[38],"tags":[],"class_list":["post-7416","post","type-post","status-publish","format-standard","has-post-thumbnail","hentry","category-regional"],"jetpack_featured_media_url":"https:\/\/radiorevelacionfm.cl\/wp-content\/uploads\/2021\/07\/municipalidad-chile-chico_optimized.jpg","_links":{"self":[{"href":"https:\/\/radiorevelacionfm.cl\/index.php?rest_route=\/wp\/v2\/posts\/7416","targetHints":{"allow":["GET"]}}],"collection":[{"href":"https:\/\/radiorevelacionfm.cl\/index.php?rest_route=\/wp\/v2\/posts"}],"about":[{"href":"https:\/\/radiorevelacionfm.cl\/index.php?rest_route=\/wp\/v2\/types\/post"}],"author":[{"embeddable":true,"href":"https:\/\/radiorevelacionfm.cl\/index.php?rest_route=\/wp\/v2\/users\/1"}],"replies":[{"embeddable":true,"href":"https:\/\/radiorevelacionfm.cl\/index.php?rest_route=%2Fwp%2Fv2%2Fcomments&post=7416"}],"version-history":[{"count":1,"href":"https:\/\/radiorevelacionfm.cl\/index.php?rest_route=\/wp\/v2\/posts\/7416\/revisions"}],"predecessor-version":[{"id":7417,"href":"https:\/\/radiorevelacionfm.cl\/index.php?rest_route=\/wp\/v2\/posts\/7416\/revisions\/7417"}],"wp:featuredmedia":[{"embeddable":true,"href":"https:\/\/radiorevelacionfm.cl\/index.php?rest_route=\/wp\/v2\/media\/5924"}],"wp:attachment":[{"href":"https:\/\/radiorevelacionfm.cl\/index.php?rest_route=%2Fwp%2Fv2%2Fmedia&parent=7416"}],"wp:term":[{"taxonomy":"category","embeddable":true,"href":"https:\/\/radiorevelacionfm.cl\/index.php?rest_route=%2Fwp%2Fv2%2Fcategories&post=7416"},{"taxonomy":"post_tag","embeddable":true,"href":"https:\/\/radiorevelacionfm.cl\/index.php?rest_route=%2Fwp%2Fv2%2Ftags&post=7416"}],"curies":[{"name":"wp","href":"https:\/\/api.w.org\/{rel}","templated":true}]}}