{"id":7404,"date":"2021-08-12T18:33:59","date_gmt":"2021-08-12T21:33:59","guid":{"rendered":"https:\/\/radiorevelacionfm.cl\/?p=7404"},"modified":"2021-08-12T18:33:59","modified_gmt":"2021-08-12T21:33:59","slug":"alcalde-de-villa-ohiggins-plantea-a-ministro-del-interior-problemas-de-conectividad-y-falta-de-recursos-para-desarrollar-proyectos","status":"publish","type":"post","link":"https:\/\/radiorevelacionfm.cl\/?p=7404","title":{"rendered":"Alcalde de Villa O\u00b4Higgins plantea a Ministro del Interior problemas de conectividad y falta de recursos para desarrollar proyectos"},"content":{"rendered":"<div class=\"flex_column av_one_full  flex_column_div av-zero-column-padding first  avia-builder-el-0  el_before_av_one_full  avia-builder-el-first  \" style='border-radius:0px; '><div  class='avia-image-container  av-styling-    avia-builder-el-1  avia-builder-el-no-sibling  avia-align-center '  itemprop=\"image\" itemscope=\"itemscope\" itemtype=\"https:\/\/schema.org\/ImageObject\"  ><div class='avia-image-container-inner'><div class='avia-image-overlay-wrap'><img decoding=\"async\" class='wp-image-7405 avia-img-lazy-loading-not-7405 avia_image' src=\"https:\/\/radiorevelacionfm.cl\/wp-content\/uploads\/2021\/08\/MINISTRO-INTERIOR-1-1-1.jpg\" alt='' title='MINISTRO INTERIOR 1 (1) (1)' height=\"600\" width=\"899\"  itemprop=\"thumbnailUrl\" srcset=\"https:\/\/radiorevelacionfm.cl\/wp-content\/uploads\/2021\/08\/MINISTRO-INTERIOR-1-1-1.jpg 899w, https:\/\/radiorevelacionfm.cl\/wp-content\/uploads\/2021\/08\/MINISTRO-INTERIOR-1-1-1-300x200.jpg 300w, https:\/\/radiorevelacionfm.cl\/wp-content\/uploads\/2021\/08\/MINISTRO-INTERIOR-1-1-1-768x513.jpg 768w, https:\/\/radiorevelacionfm.cl\/wp-content\/uploads\/2021\/08\/MINISTRO-INTERIOR-1-1-1-705x471.jpg 705w, https:\/\/radiorevelacionfm.cl\/wp-content\/uploads\/2021\/08\/MINISTRO-INTERIOR-1-1-1-600x400.jpg 600w\" sizes=\"(max-width: 899px) 100vw, 899px\" \/><\/div><\/div><\/div><\/div><div class=\"flex_column av_one_full  flex_column_div av-zero-column-padding first  avia-builder-el-2  el_after_av_one_full  el_before_av_one_full  column-top-margin\" style='border-radius:0px; '><section class=\"av_textblock_section \"  itemscope=\"itemscope\" itemtype=\"https:\/\/schema.org\/BlogPosting\" itemprop=\"blogPost\" ><div class='avia_textblock  '   itemprop=\"text\" ><p style=\"text-align: center;\"><strong><span style=\"font-size: 18pt;\">Alcalde de Villa O\u00b4Higgins plantea a Ministro del Interior problemas de conectividad y falta de recursos para desarrollar proyectos<\/span><\/strong><\/p>\n<div id=\"gtx-trans\" style=\"position: absolute; left: -50px; top: 4.31534px;\">\n<div class=\"gtx-trans-icon\"><\/div>\n<\/div>\n<\/div><\/section><\/div><div class=\"flex_column av_one_full  flex_column_div av-zero-column-padding first  avia-builder-el-4  el_after_av_one_full  el_before_av_hr  column-top-margin\" style='border-radius:0px; '><section class=\"av_textblock_section \"  itemscope=\"itemscope\" itemtype=\"https:\/\/schema.org\/BlogPosting\" itemprop=\"blogPost\" ><div class='avia_textblock  '   itemprop=\"text\" ><p style=\"font-weight: 400; text-align: justify;\">Con la intenci\u00f3n de plantearle las m\u00faltiples necesidades y las dificultades que tienen los habitantes de Villa O&#8217;Higgins, como el aislamiento y la falta de recursos para realizar distintos proyectos, el diputado Miguel \u00c1ngel Calisto, el alcalde de esa comuna, Jos\u00e9 Fica y los concejales Lorena Molina y Humberto Pizarro se reunieron en La Moneda con el Ministro del Interior, Rodrigo Delgado.<\/p>\n<p style=\"font-weight: 400; text-align: justify;\">Seg\u00fan el legislador, \u201cnos reunimos con el Ministro del Interior para plantearle algunas inquietudes que afectan a la comunidad de Villa O&#8217;Higgins. En primer lugar, le presentamos las carpetas para la postulaci\u00f3n a pensiones de gracia de personas que son adultas mayores, que han hecho patria toda su vida en sectores aislados de esta comuna. Ellos necesitan un respaldo, un apoyo por parte del estado. Tambi\u00e9n solicitamos la solicitud de nacionalidad de otro habitante que vive en un sector rural bastante aislado\u201d.<\/p>\n<p style=\"font-weight: 400; text-align: justify;\">Calisto agreg\u00f3 que \u201ctambi\u00e9n le planteamos la necesidad de m\u00e1s recursos para que se puedan ejecutar m\u00e1s obras en la comuna y que ciertamente podamos tener condiciones m\u00ednimas necesarias para vivir, como acceso a telefon\u00eda y conectividad. Es muy importante focalizar recursos en una zona que debiera tener una mirada excepcional, tomando en cuenta su territorio, su condici\u00f3n geopol\u00edtica, adem\u00e1s de ser una de las zonas m\u00e1s importantes de reserva de agua dulce del mundo\u201d.<\/p>\n<p style=\"font-weight: 400; text-align: justify;\">\u201cFue una buena reuni\u00f3n y esperamos pronto tener novedades por estas gestiones. Lo mismo con las reuniones que sostuvimos con el Ministro de Energ\u00eda, a quien le planteamos tambi\u00e9n la urgente necesidad de buscar un mecanismo que permita disminuir los precios de la energ\u00eda el\u00e9ctrica en esta zona, donde se pagan cuentas que son car\u00edsimas, mucho m\u00e1s de lo que se paga en la zona central\u201d, afirm\u00f3.<\/p>\n<p style=\"font-weight: 400; text-align: justify;\">Por su parte, el Ministro del Interior se\u00f1al\u00f3 que \u201ces un gusto tener ac\u00e1 al alcalde Villa O\u2019Higgins. Hemos conversado acerca de la realidad de una comuna, donde sus cerca de 700 habitantes hacen patria, una zona aislada, una zona que tiene muchas necesidades, por lo que hemos conversado de c\u00f3mo poder dar apoyo a esta gran comuna. Por su puesto tambi\u00e9n analizar la opci\u00f3n de una visita a la regi\u00f3n y ojal\u00e1 tambi\u00e9n a esta comuna\u201d.<\/p>\n<p style=\"text-align: justify;\"><span style=\"font-weight: 400;\">Finalmente, el alcalde Jos\u00e9 Fica afirm\u00f3 que \u201cle agradecemos al Ministro por recibirnos. Le planteamos varias situaciones, como las pensiones de gracia y el tema del aislamiento en nuestra localidad. Tenemos distintos requerimientos y queremos la presencia de las autoridades nacionales para que ellos se empapen de la realidad que vive nuestra gente y de lo que necesitan. Tuvimos muy buena recepci\u00f3n y esperamos buenos resultados.<\/span><\/p>\n<\/div><\/section><\/div><div  style='height:50px' class='hr hr-invisible   avia-builder-el-6  el_after_av_one_full  el_before_av_social_share '><span class='hr-inner ' ><span class='hr-inner-style'><\/span><\/span><\/div><\/p>\n<div  class='av-social-sharing-box  avia-builder-el-7  el_after_av_hr  el_before_av_hr  '><div class='av-share-box'><h5 class='av-share-link-description av-no-toc '>Compartir esta noticia<\/h5><ul class='av-share-box-list noLightbox'><li class='av-share-link av-social-link-facebook' ><a target=\"_blank\" aria-label=\"Compartir en Facebook\" href='https:\/\/www.facebook.com\/sharer.php?u=https:\/\/radiorevelacionfm.cl\/?p=7404&#038;t=Alcalde%20de%20Villa%20O%C2%B4Higgins%20plantea%20a%20Ministro%20del%20Interior%20problemas%20de%20conectividad%20y%20falta%20de%20recursos%20para%20desarrollar%20proyectos' aria-hidden='false' data-av_icon='\ue8f3' data-av_iconfont='entypo-fontello' title='' data-avia-related-tooltip='Compartir en Facebook' rel=\"noopener\"><span class='avia_hidden_link_text'>Compartir en Facebook<\/span><\/a><\/li><li class='av-share-link av-social-link-twitter' ><a target=\"_blank\" aria-label=\"Compartir en Twitter\" href='https:\/\/twitter.com\/share?text=Alcalde%20de%20Villa%20O%C2%B4Higgins%20plantea%20a%20Ministro%20del%20Interior%20problemas%20de%20conectividad%20y%20falta%20de%20recursos%20para%20desarrollar%20proyectos&#038;url=https:\/\/radiorevelacionfm.cl\/?p=7404' aria-hidden='false' data-av_icon='\ue8f1' data-av_iconfont='entypo-fontello' title='' data-avia-related-tooltip='Compartir en Twitter' rel=\"noopener\"><span class='avia_hidden_link_text'>Compartir en Twitter<\/span><\/a><\/li><li class='av-share-link av-social-link-whatsapp' ><a target=\"_blank\" aria-label=\"Compartir en Whatsapp\" href='https:\/\/api.whatsapp.com\/send?text=https:\/\/radiorevelacionfm.cl\/?p=7404' aria-hidden='false' data-av_icon='\uf232' data-av_iconfont='entypo-fontello' title='' data-avia-related-tooltip='Compartir en Whatsapp' rel=\"noopener\"><span class='avia_hidden_link_text'>Compartir en Whatsapp<\/span><\/a><\/li><li class='av-share-link av-social-link-linkedin' ><a target=\"_blank\" aria-label=\"Compartir en LinkedIn\" href='https:\/\/linkedin.com\/shareArticle?mini=true&#038;title=Alcalde%20de%20Villa%20O%C2%B4Higgins%20plantea%20a%20Ministro%20del%20Interior%20problemas%20de%20conectividad%20y%20falta%20de%20recursos%20para%20desarrollar%20proyectos&#038;url=https:\/\/radiorevelacionfm.cl\/?p=7404' aria-hidden='false' data-av_icon='\ue8fc' data-av_iconfont='entypo-fontello' title='' data-avia-related-tooltip='Compartir en LinkedIn' rel=\"noopener\"><span class='avia_hidden_link_text'>Compartir en LinkedIn<\/span><\/a><\/li><li class='av-share-link av-social-link-mail' ><a  aria-label=\"Compartir por correo\" href='mailto:?subject=Alcalde%20de%20Villa%20O%C2%B4Higgins%20plantea%20a%20Ministro%20del%20Interior%20problemas%20de%20conectividad%20y%20falta%20de%20recursos%20para%20desarrollar%20proyectos&#038;body=https:\/\/radiorevelacionfm.cl\/?p=7404' aria-hidden='false' data-av_icon='\ue805' data-av_iconfont='entypo-fontello' title='' data-avia-related-tooltip='Compartir por correo'><span class='avia_hidden_link_text'>Compartir por correo<\/span><\/a><\/li><\/ul><\/div><\/div>\n<div  style='height:50px' class='hr hr-invisible   avia-builder-el-8  el_after_av_social_share  el_before_av_comments_list '><span class='hr-inner ' ><span class='hr-inner-style'><\/span><\/span><\/div>\n<div  class='av-buildercomment  av-blog-meta-html-info-disabled av-blog-meta-tag-disabled  '><\/div>\n","protected":false},"excerpt":{"rendered":"","protected":false},"author":1,"featured_media":7405,"comment_status":"open","ping_status":"open","sticky":false,"template":"","format":"standard","meta":{"footnotes":""},"categories":[38],"tags":[],"class_list":["post-7404","post","type-post","status-publish","format-standard","has-post-thumbnail","hentry","category-regional"],"jetpack_featured_media_url":"https:\/\/radiorevelacionfm.cl\/wp-content\/uploads\/2021\/08\/MINISTRO-INTERIOR-1-1-1.jpg","_links":{"self":[{"href":"https:\/\/radiorevelacionfm.cl\/index.php?rest_route=\/wp\/v2\/posts\/7404","targetHints":{"allow":["GET"]}}],"collection":[{"href":"https:\/\/radiorevelacionfm.cl\/index.php?rest_route=\/wp\/v2\/posts"}],"about":[{"href":"https:\/\/radiorevelacionfm.cl\/index.php?rest_route=\/wp\/v2\/types\/post"}],"author":[{"embeddable":true,"href":"https:\/\/radiorevelacionfm.cl\/index.php?rest_route=\/wp\/v2\/users\/1"}],"replies":[{"embeddable":true,"href":"https:\/\/radiorevelacionfm.cl\/index.php?rest_route=%2Fwp%2Fv2%2Fcomments&post=7404"}],"version-history":[{"count":1,"href":"https:\/\/radiorevelacionfm.cl\/index.php?rest_route=\/wp\/v2\/posts\/7404\/revisions"}],"predecessor-version":[{"id":7406,"href":"https:\/\/radiorevelacionfm.cl\/index.php?rest_route=\/wp\/v2\/posts\/7404\/revisions\/7406"}],"wp:featuredmedia":[{"embeddable":true,"href":"https:\/\/radiorevelacionfm.cl\/index.php?rest_route=\/wp\/v2\/media\/7405"}],"wp:attachment":[{"href":"https:\/\/radiorevelacionfm.cl\/index.php?rest_route=%2Fwp%2Fv2%2Fmedia&parent=7404"}],"wp:term":[{"taxonomy":"category","embeddable":true,"href":"https:\/\/radiorevelacionfm.cl\/index.php?rest_route=%2Fwp%2Fv2%2Fcategories&post=7404"},{"taxonomy":"post_tag","embeddable":true,"href":"https:\/\/radiorevelacionfm.cl\/index.php?rest_route=%2Fwp%2Fv2%2Ftags&post=7404"}],"curies":[{"name":"wp","href":"https:\/\/api.w.org\/{rel}","templated":true}]}}