{"id":7401,"date":"2021-08-12T17:27:13","date_gmt":"2021-08-12T20:27:13","guid":{"rendered":"https:\/\/radiorevelacionfm.cl\/?p=7401"},"modified":"2021-08-12T17:27:13","modified_gmt":"2021-08-12T20:27:13","slug":"por-mayoria-absoluta-gobierno-regional-define-a-representantes-en-el-servicio-local-de-educacion","status":"publish","type":"post","link":"https:\/\/radiorevelacionfm.cl\/?p=7401","title":{"rendered":"Por mayor\u00eda absoluta Gobierno Regional define a representantes en el Servicio Local de Educaci\u00f3n"},"content":{"rendered":"<div class=\"flex_column av_one_full  flex_column_div av-zero-column-padding first  avia-builder-el-0  el_before_av_one_full  avia-builder-el-first  \" style='border-radius:0px; '><div  class='avia-image-container  av-styling-    avia-builder-el-1  avia-builder-el-no-sibling  avia-align-center '  itemprop=\"image\" itemscope=\"itemscope\" itemtype=\"https:\/\/schema.org\/ImageObject\"  ><div class='avia-image-container-inner'><div class='avia-image-overlay-wrap'><img decoding=\"async\" class='wp-image-7402 avia-img-lazy-loading-not-7402 avia_image' src=\"https:\/\/radiorevelacionfm.cl\/wp-content\/uploads\/2021\/08\/img_0379-1_optimized.jpg\" alt='' title='img_0379-(1)_optimized' height=\"600\" width=\"1282\"  itemprop=\"thumbnailUrl\" srcset=\"https:\/\/radiorevelacionfm.cl\/wp-content\/uploads\/2021\/08\/img_0379-1_optimized.jpg 1282w, https:\/\/radiorevelacionfm.cl\/wp-content\/uploads\/2021\/08\/img_0379-1_optimized-300x140.jpg 300w, https:\/\/radiorevelacionfm.cl\/wp-content\/uploads\/2021\/08\/img_0379-1_optimized-1030x482.jpg 1030w, https:\/\/radiorevelacionfm.cl\/wp-content\/uploads\/2021\/08\/img_0379-1_optimized-768x359.jpg 768w, https:\/\/radiorevelacionfm.cl\/wp-content\/uploads\/2021\/08\/img_0379-1_optimized-705x330.jpg 705w, https:\/\/radiorevelacionfm.cl\/wp-content\/uploads\/2021\/08\/img_0379-1_optimized-600x281.jpg 600w\" sizes=\"(max-width: 1282px) 100vw, 1282px\" \/><\/div><\/div><\/div><\/div><div class=\"flex_column av_one_full  flex_column_div av-zero-column-padding first  avia-builder-el-2  el_after_av_one_full  el_before_av_one_full  column-top-margin\" style='border-radius:0px; '><section class=\"av_textblock_section \"  itemscope=\"itemscope\" itemtype=\"https:\/\/schema.org\/BlogPosting\" itemprop=\"blogPost\" ><div class='avia_textblock  '   itemprop=\"text\" ><p style=\"text-align: center;\"><strong><span style=\"font-size: 18pt;\">Por mayor\u00eda absoluta Gobierno Regional define a representantes en el Servicio Local de Educaci\u00f3n <\/span><\/strong><\/p>\n<div id=\"gtx-trans\" style=\"position: absolute; left: -50px; top: 4.31534px;\">\n<div class=\"gtx-trans-icon\"><\/div>\n<\/div>\n<\/div><\/section><\/div><div class=\"flex_column av_one_full  flex_column_div av-zero-column-padding first  avia-builder-el-4  el_after_av_one_full  el_before_av_hr  column-top-margin\" style='border-radius:0px; '><section class=\"av_textblock_section \"  itemscope=\"itemscope\" itemtype=\"https:\/\/schema.org\/BlogPosting\" itemprop=\"blogPost\" ><div class='avia_textblock  '   itemprop=\"text\" ><p class=\"v1MsoNormal\" style=\"text-align: justify;\">Por mayor\u00eda absoluta, el Consejo Regional de Ays\u00e9n aprob\u00f3 a los profesionales de la educaci\u00f3n Andrea M\u00e9ndez Valenzuela y Sergio N\u00fa\u00f1ez Orellana como representantes del Gobierno Regional en el Servicio Local de Educaci\u00f3n P\u00fablica.<\/p>\n<p class=\"v1MsoNormal\" style=\"text-align: justify;\">En noviembre del 2017, la Ley 21.040 crea una nueva institucionalidad para la Educaci\u00f3n P\u00fablica, donde se traspasan los establecimientos educacionales, jardines infantiles VTF, escuelas y liceos de 345 municipios a 70 Servicios Locales de Educaci\u00f3n P\u00fablica.<\/p>\n<p class=\"v1MsoNormal\" style=\"text-align: justify;\">Los Servicios Locales de Educaci\u00f3n P\u00fablica ser\u00e1n los sostenedores educacionales que velar\u00e1n por entregar una educaci\u00f3n integral, de calidad y con pertinencia local, centrados en los aprendizajes para el siglo XXI, que entregue oportunidades a todos los ni\u00f1os, ni\u00f1as y j\u00f3venes.<\/p>\n<p class=\"v1MsoNormal\" style=\"text-align: justify;\">Andrea M\u00e9ndez es profesora en Historia y Geograf\u00eda, Licenciada en Historia, Licenciada en Educaci\u00f3n y Mag\u00edster en G\u00e9nero y Cultura con menci\u00f3n Humanidades, y programas de formaci\u00f3n en pol\u00edticas p\u00fablicas y educaci\u00f3n, entre otras \u00e1reas de estudio y desempe\u00f1o.<\/p>\n<p class=\"v1MsoNormal\" style=\"text-align: justify;\">\u00abConstituye una apuesta pol\u00edtica y de gesti\u00f3n, que pretende subsanar la hist\u00f3rica demanda que tiene el Estado con respecto al aseguramiento de calidad de la educaci\u00f3n para las y los estudiantes, particularmente, aquellos que pertenecen a los sectores m\u00e1s vulnerados\u00bb, indic\u00f3.<\/p>\n<p class=\"v1MsoNormal\" style=\"text-align: justify;\">Por su parte, Sergio N\u00fa\u00f1ez es profesor en Educaci\u00f3n Musical, Mag\u00edster en Ciencias de la Educaci\u00f3n menci\u00f3n en Curr\u00edculum y Evaluaci\u00f3n, con programas de formaci\u00f3n en Alta Direcci\u00f3n en Educaci\u00f3n y Organizaciones Escolares, y amplia experiencia en el sector.<\/p>\n<p class=\"v1MsoNormal\" style=\"text-align: justify;\">\u00abNuestro principal prop\u00f3sito es acompa\u00f1ar el proceso de instalaci\u00f3n y desarrollo de un nuevo servicio, actuando como nexos entre el Servicio Local y las distintas organizaciones de la comunidad a la que representamos, haciendo valer la voz de estas comunidades\u00bb, se\u00f1al\u00f3.<\/p>\n<p class=\"v1MsoNormal\" style=\"text-align: justify;\">La Gobernadora Andrea Mac\u00edas Palma destac\u00f3 a ambos profesionales. \u00abGarantizar una mirada territorial, una mirada que incluya, sobre todo, el enfoque de g\u00e9nero, pensando en el tremendo desaf\u00edo que significa para nuestra regi\u00f3n hoy este Servicio Local de Educaci\u00f3n, esperando que la experiencia que se tiene desde el territorio por ambos representantes, pueda servir para ir tomando y acompa\u00f1ando las mejores decisiones, porque cuando estamos hablando de la educaci\u00f3n de nuestras ni\u00f1as y ni\u00f1os, de quienes viven en distintos ni\u00f1os del territorio, estamos hablando del medio de transformaci\u00f3n social por esencia, por lo tanto, la mirada que debemos instalar es fundamental.<\/p>\n<p class=\"v1MsoNormal\" style=\"text-align: justify;\">Para la representatividad, el Comit\u00e9 Directivo Local tendr\u00e1 dos representantes de los Centros de Padres, Madres y Apoderados; uno o dos representantes designados por los alcaldes y dos representantes definidos por el Gobierno Local.<\/p>\n<\/div><\/section><\/div><div  style='height:50px' class='hr hr-invisible   avia-builder-el-6  el_after_av_one_full  el_before_av_social_share '><span class='hr-inner ' ><span class='hr-inner-style'><\/span><\/span><\/div><\/p>\n<div  class='av-social-sharing-box  avia-builder-el-7  el_after_av_hr  el_before_av_hr  '><div class='av-share-box'><h5 class='av-share-link-description av-no-toc '>Compartir esta noticia<\/h5><ul class='av-share-box-list noLightbox'><li class='av-share-link av-social-link-facebook' ><a target=\"_blank\" aria-label=\"Compartir en Facebook\" href='https:\/\/www.facebook.com\/sharer.php?u=https:\/\/radiorevelacionfm.cl\/?p=7401&#038;t=Por%20mayor%C3%ADa%20absoluta%20Gobierno%20Regional%20define%20a%20representantes%20en%20el%20Servicio%20Local%20de%20Educaci%C3%B3n' aria-hidden='false' data-av_icon='\ue8f3' data-av_iconfont='entypo-fontello' title='' data-avia-related-tooltip='Compartir en Facebook' rel=\"noopener\"><span class='avia_hidden_link_text'>Compartir en Facebook<\/span><\/a><\/li><li class='av-share-link av-social-link-twitter' ><a target=\"_blank\" aria-label=\"Compartir en Twitter\" href='https:\/\/twitter.com\/share?text=Por%20mayor%C3%ADa%20absoluta%20Gobierno%20Regional%20define%20a%20representantes%20en%20el%20Servicio%20Local%20de%20Educaci%C3%B3n&#038;url=https:\/\/radiorevelacionfm.cl\/?p=7401' aria-hidden='false' data-av_icon='\ue8f1' data-av_iconfont='entypo-fontello' title='' data-avia-related-tooltip='Compartir en Twitter' rel=\"noopener\"><span class='avia_hidden_link_text'>Compartir en Twitter<\/span><\/a><\/li><li class='av-share-link av-social-link-whatsapp' ><a target=\"_blank\" aria-label=\"Compartir en Whatsapp\" href='https:\/\/api.whatsapp.com\/send?text=https:\/\/radiorevelacionfm.cl\/?p=7401' aria-hidden='false' data-av_icon='\uf232' data-av_iconfont='entypo-fontello' title='' data-avia-related-tooltip='Compartir en Whatsapp' rel=\"noopener\"><span class='avia_hidden_link_text'>Compartir en Whatsapp<\/span><\/a><\/li><li class='av-share-link av-social-link-linkedin' ><a target=\"_blank\" aria-label=\"Compartir en LinkedIn\" href='https:\/\/linkedin.com\/shareArticle?mini=true&#038;title=Por%20mayor%C3%ADa%20absoluta%20Gobierno%20Regional%20define%20a%20representantes%20en%20el%20Servicio%20Local%20de%20Educaci%C3%B3n&#038;url=https:\/\/radiorevelacionfm.cl\/?p=7401' aria-hidden='false' data-av_icon='\ue8fc' data-av_iconfont='entypo-fontello' title='' data-avia-related-tooltip='Compartir en LinkedIn' rel=\"noopener\"><span class='avia_hidden_link_text'>Compartir en LinkedIn<\/span><\/a><\/li><li class='av-share-link av-social-link-mail' ><a  aria-label=\"Compartir por correo\" href='mailto:?subject=Por%20mayor%C3%ADa%20absoluta%20Gobierno%20Regional%20define%20a%20representantes%20en%20el%20Servicio%20Local%20de%20Educaci%C3%B3n&#038;body=https:\/\/radiorevelacionfm.cl\/?p=7401' aria-hidden='false' data-av_icon='\ue805' data-av_iconfont='entypo-fontello' title='' data-avia-related-tooltip='Compartir por correo'><span class='avia_hidden_link_text'>Compartir por correo<\/span><\/a><\/li><\/ul><\/div><\/div>\n<div  style='height:50px' class='hr hr-invisible   avia-builder-el-8  el_after_av_social_share  el_before_av_comments_list '><span class='hr-inner ' ><span class='hr-inner-style'><\/span><\/span><\/div>\n<div  class='av-buildercomment  av-blog-meta-html-info-disabled av-blog-meta-tag-disabled  '><\/div>\n","protected":false},"excerpt":{"rendered":"","protected":false},"author":1,"featured_media":7402,"comment_status":"open","ping_status":"open","sticky":false,"template":"","format":"standard","meta":{"footnotes":""},"categories":[38],"tags":[],"class_list":["post-7401","post","type-post","status-publish","format-standard","has-post-thumbnail","hentry","category-regional"],"jetpack_featured_media_url":"https:\/\/radiorevelacionfm.cl\/wp-content\/uploads\/2021\/08\/img_0379-1_optimized.jpg","_links":{"self":[{"href":"https:\/\/radiorevelacionfm.cl\/index.php?rest_route=\/wp\/v2\/posts\/7401","targetHints":{"allow":["GET"]}}],"collection":[{"href":"https:\/\/radiorevelacionfm.cl\/index.php?rest_route=\/wp\/v2\/posts"}],"about":[{"href":"https:\/\/radiorevelacionfm.cl\/index.php?rest_route=\/wp\/v2\/types\/post"}],"author":[{"embeddable":true,"href":"https:\/\/radiorevelacionfm.cl\/index.php?rest_route=\/wp\/v2\/users\/1"}],"replies":[{"embeddable":true,"href":"https:\/\/radiorevelacionfm.cl\/index.php?rest_route=%2Fwp%2Fv2%2Fcomments&post=7401"}],"version-history":[{"count":1,"href":"https:\/\/radiorevelacionfm.cl\/index.php?rest_route=\/wp\/v2\/posts\/7401\/revisions"}],"predecessor-version":[{"id":7403,"href":"https:\/\/radiorevelacionfm.cl\/index.php?rest_route=\/wp\/v2\/posts\/7401\/revisions\/7403"}],"wp:featuredmedia":[{"embeddable":true,"href":"https:\/\/radiorevelacionfm.cl\/index.php?rest_route=\/wp\/v2\/media\/7402"}],"wp:attachment":[{"href":"https:\/\/radiorevelacionfm.cl\/index.php?rest_route=%2Fwp%2Fv2%2Fmedia&parent=7401"}],"wp:term":[{"taxonomy":"category","embeddable":true,"href":"https:\/\/radiorevelacionfm.cl\/index.php?rest_route=%2Fwp%2Fv2%2Fcategories&post=7401"},{"taxonomy":"post_tag","embeddable":true,"href":"https:\/\/radiorevelacionfm.cl\/index.php?rest_route=%2Fwp%2Fv2%2Ftags&post=7401"}],"curies":[{"name":"wp","href":"https:\/\/api.w.org\/{rel}","templated":true}]}}