{"id":7398,"date":"2021-08-12T16:06:46","date_gmt":"2021-08-12T19:06:46","guid":{"rendered":"https:\/\/radiorevelacionfm.cl\/?p=7398"},"modified":"2021-08-12T16:06:46","modified_gmt":"2021-08-12T19:06:46","slug":"con-feria-entretenida-y-pinguinos-al-agua-dem-aysen-alista-despliegue-por-islas-huichas","status":"publish","type":"post","link":"https:\/\/radiorevelacionfm.cl\/?p=7398","title":{"rendered":"Con Feria entretenida y Ping\u00fcinos al Agua DEM Ays\u00e9n alista despliegue por Islas Huichas"},"content":{"rendered":"<div class=\"flex_column av_one_full  flex_column_div av-zero-column-padding first  avia-builder-el-0  el_before_av_one_full  avia-builder-el-first  \" style='border-radius:0px; '><div  class='avia-image-container  av-styling-    avia-builder-el-1  avia-builder-el-no-sibling  avia-align-center '  itemprop=\"image\" itemscope=\"itemscope\" itemtype=\"https:\/\/schema.org\/ImageObject\"  ><div class='avia-image-container-inner'><div class='avia-image-overlay-wrap'><img decoding=\"async\" class='wp-image-7399 avia-img-lazy-loading-not-7399 avia_image' src=\"https:\/\/radiorevelacionfm.cl\/wp-content\/uploads\/2021\/08\/actividades-1-1_optimized.jpg\" alt='' title='actividades-1-(1)_optimized' height=\"600\" width=\"1333\"  itemprop=\"thumbnailUrl\" srcset=\"https:\/\/radiorevelacionfm.cl\/wp-content\/uploads\/2021\/08\/actividades-1-1_optimized.jpg 1333w, https:\/\/radiorevelacionfm.cl\/wp-content\/uploads\/2021\/08\/actividades-1-1_optimized-300x135.jpg 300w, https:\/\/radiorevelacionfm.cl\/wp-content\/uploads\/2021\/08\/actividades-1-1_optimized-1030x464.jpg 1030w, https:\/\/radiorevelacionfm.cl\/wp-content\/uploads\/2021\/08\/actividades-1-1_optimized-768x346.jpg 768w, https:\/\/radiorevelacionfm.cl\/wp-content\/uploads\/2021\/08\/actividades-1-1_optimized-705x317.jpg 705w, https:\/\/radiorevelacionfm.cl\/wp-content\/uploads\/2021\/08\/actividades-1-1_optimized-600x270.jpg 600w\" sizes=\"(max-width: 1333px) 100vw, 1333px\" \/><\/div><\/div><\/div><\/div><div class=\"flex_column av_one_full  flex_column_div av-zero-column-padding first  avia-builder-el-2  el_after_av_one_full  el_before_av_one_full  column-top-margin\" style='border-radius:0px; '><section class=\"av_textblock_section \"  itemscope=\"itemscope\" itemtype=\"https:\/\/schema.org\/BlogPosting\" itemprop=\"blogPost\" ><div class='avia_textblock  '   itemprop=\"text\" ><p style=\"text-align: center;\"><strong><span style=\"font-size: 18pt;\">Con Feria entretenida y Ping\u00fcinos al Agua DEM Ays\u00e9n alista despliegue por Islas Huichas<\/span><\/strong><\/p>\n<div id=\"gtx-trans\" style=\"position: absolute; left: -50px; top: 4.31534px;\">\n<div class=\"gtx-trans-icon\"><\/div>\n<\/div>\n<\/div><\/section><\/div><div class=\"flex_column av_one_full  flex_column_div av-zero-column-padding first  avia-builder-el-4  el_after_av_one_full  el_before_av_hr  column-top-margin\" style='border-radius:0px; '><section class=\"av_textblock_section \"  itemscope=\"itemscope\" itemtype=\"https:\/\/schema.org\/BlogPosting\" itemprop=\"blogPost\" ><div class='avia_textblock  '   itemprop=\"text\" ><p style=\"text-align: justify;\">Mostrar a los vecinos y vecinas las diversas alternativas que integra la unidad Extraescolar, Salud y Deporte es uno de los principales objetivos que busca este viaje, que significar\u00e1 todo un d\u00eda de actividades, y que iniciar\u00e1 con el desarrollo de la Feria Entretenida, que tendr\u00e1 lugar este mi\u00e9rcoles 18 de agosto a partir de las 10.00 horas en el gimnasio municipal Demetrio C\u00e1rdenas Ojeda.<\/p>\n<p style=\"text-align: justify;\">La instancia, organizada por la unidad a trav\u00e9s del programa Habilidades Para la Vida HPV, congregar\u00e1 diversos espacios al interior del recinto deportivo, divididos como stands, denominados de la personificaci\u00f3n y retrato, de la empat\u00eda, manualidades y de la expresi\u00f3n corporal, destacando instancias como son selfie con disfraces, cuenta cuentos, creaci\u00f3n de telares, concursos de tik tok, yoga y baile entretenido, entre otras.<\/p>\n<p style=\"text-align: justify;\">\u201cEst\u00e1n todos invitados, sobre todos los ni\u00f1os y ni\u00f1as de Islas Huichas. La idea de este viaje es que pasen un rato entretenido, va a haber zumba, otras actividades l\u00fadicas, recreativas. Est\u00e1n todos muy invitados y ser\u00e1n muy bienvenidos. Queremos que toda la localidad la pase s\u00faper bien as\u00ed que la invitaci\u00f3n es que no se pierdan esta actividad el d\u00eda mi\u00e9rcoles 18 a partir de las 10.00 horas\u201d, manifest\u00f3 la coordinadora del programa Habilidades Para la Vida, Jenny Bravo.<\/p>\n<p style=\"text-align: justify;\">Posterior a ello, el equipo de la unidad Extraescolar cambiar\u00e1 el escenario, el que se ubicar\u00e1 en el sector playa de Caleta Andrade, donde por vez primera estar\u00e1n presentes los monitores de \u201cPing\u00fcinos al agua\u201d, programa que naci\u00f3 al alero del DEM durante el 2016, y que busca promover la pr\u00e1ctica del kayak aprovechando los cursos de agua de la comuna, y pensando adem\u00e1s en preparar a los futuros instructores de esta disciplina en tierras ayseninas.<\/p>\n<p style=\"text-align: justify;\">A respecto, la profesional encargada de la unidad Extraescolar, Salud y Deporte, Cynthia Arra\u00f1o, explic\u00f3 que \u201cpor espacio en el traslado llevamos pocos insumos, entonces todas las personas que quisieran participar con mucho entusiasmo, tambi\u00e9n tener paciencia porque vamos a ir haciendo rotaciones de 9 a 10 ni\u00f1os cada 20 minutos m\u00e1s o menos\u201d.<\/p>\n<p style=\"text-align: justify;\">Pese a ello, la nutricionista de profesi\u00f3n indic\u00f3 que \u201cestamos muy contentos porque es la primera actividad de Ping\u00fcinos al agua que se realiza desde la isla. Si bien con el equipo de HPV ya hab\u00edamos ido antes, para quienes conforman el equipo de Ping\u00fcinos ser\u00e1 todo nuevo. M\u00e1s a\u00fan, para los ni\u00f1os y ni\u00f1as de Huichas que no conocen este deporte, y que podr\u00e1n experimentarlo. Adem\u00e1s, es una actividad recreativa al aire libre, utilizando el mar que es lo m\u00e1s insigne de la isla as\u00ed que felices, esperamos que sea un hito, que llegue mucha gente, y que se vengan muchas m\u00e1s actividades futuras\u201d.<\/p>\n<p style=\"text-align: justify;\">La actividad, que ser\u00e1 apoyada por la Corporaci\u00f3n del Deporte del municipio aysenino, contar\u00e1 con la ense\u00f1anza de t\u00e9cnicas propias del kayak por parte de los monitores, como son navegaci\u00f3n por la orilla de la playa, desplazamiento hacia adelante y atr\u00e1s, maniobra en espacio reducido y demostraci\u00f3n de apoyo alto y bajo., por mencionar algunas.<\/p>\n<p style=\"text-align: justify;\">El arribo hasta Islas Huichas ser\u00e1 complementado con recorrido por los establecimientos educacionales y otras instancias, que ser\u00e1n acompa\u00f1adas por el director (S) DEM, Prevencionista de Riesgos y profesional de la unidad de Proyectos, entre otros.<\/p>\n<\/div><\/section><\/div><div  style='height:50px' class='hr hr-invisible   avia-builder-el-6  el_after_av_one_full  el_before_av_social_share '><span class='hr-inner ' ><span class='hr-inner-style'><\/span><\/span><\/div><\/p>\n<div  class='av-social-sharing-box  avia-builder-el-7  el_after_av_hr  el_before_av_hr  '><div class='av-share-box'><h5 class='av-share-link-description av-no-toc '>Compartir esta noticia<\/h5><ul class='av-share-box-list noLightbox'><li class='av-share-link av-social-link-facebook' ><a target=\"_blank\" aria-label=\"Compartir en Facebook\" href='https:\/\/www.facebook.com\/sharer.php?u=https:\/\/radiorevelacionfm.cl\/?p=7398&#038;t=Con%20Feria%20entretenida%20y%20Ping%C3%BCinos%20al%20Agua%20DEM%20Ays%C3%A9n%20alista%20despliegue%20por%20Islas%20Huichas' aria-hidden='false' data-av_icon='\ue8f3' data-av_iconfont='entypo-fontello' title='' data-avia-related-tooltip='Compartir en Facebook' rel=\"noopener\"><span class='avia_hidden_link_text'>Compartir en Facebook<\/span><\/a><\/li><li class='av-share-link av-social-link-twitter' ><a target=\"_blank\" aria-label=\"Compartir en Twitter\" href='https:\/\/twitter.com\/share?text=Con%20Feria%20entretenida%20y%20Ping%C3%BCinos%20al%20Agua%20DEM%20Ays%C3%A9n%20alista%20despliegue%20por%20Islas%20Huichas&#038;url=https:\/\/radiorevelacionfm.cl\/?p=7398' aria-hidden='false' data-av_icon='\ue8f1' data-av_iconfont='entypo-fontello' title='' data-avia-related-tooltip='Compartir en Twitter' rel=\"noopener\"><span class='avia_hidden_link_text'>Compartir en Twitter<\/span><\/a><\/li><li class='av-share-link av-social-link-whatsapp' ><a target=\"_blank\" aria-label=\"Compartir en Whatsapp\" href='https:\/\/api.whatsapp.com\/send?text=https:\/\/radiorevelacionfm.cl\/?p=7398' aria-hidden='false' data-av_icon='\uf232' data-av_iconfont='entypo-fontello' title='' data-avia-related-tooltip='Compartir en Whatsapp' rel=\"noopener\"><span class='avia_hidden_link_text'>Compartir en Whatsapp<\/span><\/a><\/li><li class='av-share-link av-social-link-linkedin' ><a target=\"_blank\" aria-label=\"Compartir en LinkedIn\" href='https:\/\/linkedin.com\/shareArticle?mini=true&#038;title=Con%20Feria%20entretenida%20y%20Ping%C3%BCinos%20al%20Agua%20DEM%20Ays%C3%A9n%20alista%20despliegue%20por%20Islas%20Huichas&#038;url=https:\/\/radiorevelacionfm.cl\/?p=7398' aria-hidden='false' data-av_icon='\ue8fc' data-av_iconfont='entypo-fontello' title='' data-avia-related-tooltip='Compartir en LinkedIn' rel=\"noopener\"><span class='avia_hidden_link_text'>Compartir en LinkedIn<\/span><\/a><\/li><li class='av-share-link av-social-link-mail' ><a  aria-label=\"Compartir por correo\" href='mailto:?subject=Con%20Feria%20entretenida%20y%20Ping%C3%BCinos%20al%20Agua%20DEM%20Ays%C3%A9n%20alista%20despliegue%20por%20Islas%20Huichas&#038;body=https:\/\/radiorevelacionfm.cl\/?p=7398' aria-hidden='false' data-av_icon='\ue805' data-av_iconfont='entypo-fontello' title='' data-avia-related-tooltip='Compartir por correo'><span class='avia_hidden_link_text'>Compartir por correo<\/span><\/a><\/li><\/ul><\/div><\/div>\n<div  style='height:50px' class='hr hr-invisible   avia-builder-el-8  el_after_av_social_share  el_before_av_comments_list '><span class='hr-inner ' ><span class='hr-inner-style'><\/span><\/span><\/div>\n<div  class='av-buildercomment  av-blog-meta-html-info-disabled av-blog-meta-tag-disabled  '><\/div>\n","protected":false},"excerpt":{"rendered":"","protected":false},"author":1,"featured_media":7399,"comment_status":"open","ping_status":"open","sticky":false,"template":"","format":"standard","meta":{"footnotes":""},"categories":[38],"tags":[],"class_list":["post-7398","post","type-post","status-publish","format-standard","has-post-thumbnail","hentry","category-regional"],"jetpack_featured_media_url":"https:\/\/radiorevelacionfm.cl\/wp-content\/uploads\/2021\/08\/actividades-1-1_optimized.jpg","_links":{"self":[{"href":"https:\/\/radiorevelacionfm.cl\/index.php?rest_route=\/wp\/v2\/posts\/7398","targetHints":{"allow":["GET"]}}],"collection":[{"href":"https:\/\/radiorevelacionfm.cl\/index.php?rest_route=\/wp\/v2\/posts"}],"about":[{"href":"https:\/\/radiorevelacionfm.cl\/index.php?rest_route=\/wp\/v2\/types\/post"}],"author":[{"embeddable":true,"href":"https:\/\/radiorevelacionfm.cl\/index.php?rest_route=\/wp\/v2\/users\/1"}],"replies":[{"embeddable":true,"href":"https:\/\/radiorevelacionfm.cl\/index.php?rest_route=%2Fwp%2Fv2%2Fcomments&post=7398"}],"version-history":[{"count":1,"href":"https:\/\/radiorevelacionfm.cl\/index.php?rest_route=\/wp\/v2\/posts\/7398\/revisions"}],"predecessor-version":[{"id":7400,"href":"https:\/\/radiorevelacionfm.cl\/index.php?rest_route=\/wp\/v2\/posts\/7398\/revisions\/7400"}],"wp:featuredmedia":[{"embeddable":true,"href":"https:\/\/radiorevelacionfm.cl\/index.php?rest_route=\/wp\/v2\/media\/7399"}],"wp:attachment":[{"href":"https:\/\/radiorevelacionfm.cl\/index.php?rest_route=%2Fwp%2Fv2%2Fmedia&parent=7398"}],"wp:term":[{"taxonomy":"category","embeddable":true,"href":"https:\/\/radiorevelacionfm.cl\/index.php?rest_route=%2Fwp%2Fv2%2Fcategories&post=7398"},{"taxonomy":"post_tag","embeddable":true,"href":"https:\/\/radiorevelacionfm.cl\/index.php?rest_route=%2Fwp%2Fv2%2Ftags&post=7398"}],"curies":[{"name":"wp","href":"https:\/\/api.w.org\/{rel}","templated":true}]}}