{"id":7386,"date":"2021-08-11T20:26:32","date_gmt":"2021-08-11T23:26:32","guid":{"rendered":"https:\/\/radiorevelacionfm.cl\/?p=7386"},"modified":"2021-08-11T20:26:32","modified_gmt":"2021-08-11T23:26:32","slug":"en-cerro-castillo-y-puerto-aysen-detienen-en-flagrancia-a-dos-personas-tras-controles-antidrogas","status":"publish","type":"post","link":"https:\/\/radiorevelacionfm.cl\/?p=7386","title":{"rendered":"En Cerro Castillo y Puerto Ays\u00e9n detienen en flagrancia a dos personas tras controles antidrogas"},"content":{"rendered":"<div class=\"flex_column av_one_full  flex_column_div av-zero-column-padding first  avia-builder-el-0  el_before_av_one_full  avia-builder-el-first  \" style='border-radius:0px; '><div  class='avia-image-container  av-styling-    avia-builder-el-1  avia-builder-el-no-sibling  avia-align-center '  itemprop=\"image\" itemscope=\"itemscope\" itemtype=\"https:\/\/schema.org\/ImageObject\"  ><div class='avia-image-container-inner'><div class='avia-image-overlay-wrap'><img decoding=\"async\" class='wp-image-7387 avia-img-lazy-loading-not-7387 avia_image' src=\"https:\/\/radiorevelacionfm.cl\/wp-content\/uploads\/2021\/08\/Evidencia-Brianco-11-08-2021-control-antidrogas-002-1-1.jpg\" alt='' title='Evidencia Brianco 11-08-2021 control antidrogas 002 (1) (1)' height=\"600\" width=\"1066\"  itemprop=\"thumbnailUrl\" srcset=\"https:\/\/radiorevelacionfm.cl\/wp-content\/uploads\/2021\/08\/Evidencia-Brianco-11-08-2021-control-antidrogas-002-1-1.jpg 1066w, https:\/\/radiorevelacionfm.cl\/wp-content\/uploads\/2021\/08\/Evidencia-Brianco-11-08-2021-control-antidrogas-002-1-1-300x169.jpg 300w, https:\/\/radiorevelacionfm.cl\/wp-content\/uploads\/2021\/08\/Evidencia-Brianco-11-08-2021-control-antidrogas-002-1-1-1030x580.jpg 1030w, https:\/\/radiorevelacionfm.cl\/wp-content\/uploads\/2021\/08\/Evidencia-Brianco-11-08-2021-control-antidrogas-002-1-1-768x432.jpg 768w, https:\/\/radiorevelacionfm.cl\/wp-content\/uploads\/2021\/08\/Evidencia-Brianco-11-08-2021-control-antidrogas-002-1-1-705x397.jpg 705w, https:\/\/radiorevelacionfm.cl\/wp-content\/uploads\/2021\/08\/Evidencia-Brianco-11-08-2021-control-antidrogas-002-1-1-600x338.jpg 600w\" sizes=\"(max-width: 1066px) 100vw, 1066px\" \/><\/div><\/div><\/div><\/div><div class=\"flex_column av_one_full  flex_column_div av-zero-column-padding first  avia-builder-el-2  el_after_av_one_full  el_before_av_one_full  column-top-margin\" style='border-radius:0px; '><section class=\"av_textblock_section \"  itemscope=\"itemscope\" itemtype=\"https:\/\/schema.org\/BlogPosting\" itemprop=\"blogPost\" ><div class='avia_textblock  '   itemprop=\"text\" ><p style=\"text-align: center;\"><strong><span style=\"font-size: 18pt;\">En Cerro Castillo y Puerto Ays\u00e9n detienen en flagrancia a dos personas tras controles antidrogas<\/span><\/strong><\/p>\n<div id=\"gtx-trans\" style=\"position: absolute; left: -50px; top: 4.31534px;\">\n<div class=\"gtx-trans-icon\"><\/div>\n<\/div>\n<\/div><\/section><\/div><div class=\"flex_column av_one_full  flex_column_div av-zero-column-padding first  avia-builder-el-4  el_after_av_one_full  el_before_av_hr  column-top-margin\" style='border-radius:0px; '><section class=\"av_textblock_section \"  itemscope=\"itemscope\" itemtype=\"https:\/\/schema.org\/BlogPosting\" itemprop=\"blogPost\" ><div class='avia_textblock  '   itemprop=\"text\" ><p style=\"text-align: justify;\">Durante la jornada del martes 10 de agosto, y tras dos controles antidrogas realizados por funcionarios policiales junto a los ejemplares caninos de la Brigada Antinarc\u00f3ticos y Contra el Crimen Organizado (BRIANCO) Coyhaique, dos personas fueron detenidas de manera flagrante por los delitos de tr\u00e1fico il\u00edcito y microtr\u00e1fico de drogas. Ambas diligencias fueron trabajadas de manera conjunta con el Ministerio P\u00fablico, a trav\u00e9s de la fiscal Mar\u00eda In\u00e9s N\u00fa\u00f1ez Briso.<\/p>\n<p style=\"text-align: justify;\">Sobre las diligencias policiales, el jefe de la Brigada Antinarc\u00f3ticos Coyhaique, subprefecto Patricio Rojas, se\u00f1al\u00f3 que una de ellas \u201cse inici\u00f3 con un control que hacemos constantemente en las empresas de encomiendas y <em>courier<\/em> de la regi\u00f3n, donde se logr\u00f3 detectar una encomienda proveniente de la zona central, la que en su interior conten\u00eda <em>cartridge<\/em> de THC, cannabis en una alta concentraci\u00f3n\u201d.<\/p>\n<p style=\"text-align: justify;\">\u201cEsto fue detectado por nuestros ejemplares caninos, dimos cuenta al Ministerio P\u00fablico y efectuamos una serie de diligencias que est\u00e1n contempladas en la Ley 20.000, culminando en la ciudad de Puerto Ays\u00e9n con la detenci\u00f3n de la persona destinataria, quien fue puesta a disposici\u00f3n del Juzgado de Garant\u00eda de Coyhaique\u201d, agreg\u00f3 el jefe de la BRIANCO Coyhaique.<\/p>\n<p style=\"text-align: justify;\">En este caso, la fiscal Mar\u00eda In\u00e9s N\u00fa\u00f1ez formaliz\u00f3 una investigaci\u00f3n en contra del imputado por el delito de tr\u00e1fico de drogas en peque\u00f1as cantidades o microtr\u00e1fico, fij\u00e1ndose un plazo de investigaci\u00f3n de 90 d\u00edas para el t\u00e9rmino de las diligencias, per\u00edodo durante el cual el detenido no podr\u00e1 salir de la regi\u00f3n.<\/p>\n<p style=\"text-align: justify;\">Durante el procedimiento, se incautaron diez cartuchos contenedores de resina con una alta concentraci\u00f3n de THC, sustancia que \u201cen el mercado est\u00e1 avaluada en torno a los 50 mil o 60 mil pesos y que generan alrededor de 45 o 50 dosis por cada uno de ellos\u201d, puntualiz\u00f3 el subprefecto Rojas.<\/p>\n<p style=\"text-align: justify;\">El segundo caso corresponde a \u201cun control junto a nuestros ejemplares caninos en el sector de Cerro Castillo, espec\u00edficamente en la Ruta 7, donde se detect\u00f3 un cami\u00f3n, proveniente de la regi\u00f3n de la Araucan\u00eda, que manten\u00eda oculto alrededor de 770 gramos de cannabis, sumidades floridas espec\u00edficamente, en el equipo de fr\u00edo que est\u00e1 por sobre el techo de la cabina\u201d, detall\u00f3 el jefe de la unidad especializada. El sujeto fue detenido de manera flagrante y por instrucci\u00f3n de la Fiscal\u00eda fue puesto a disposici\u00f3n del Juzgado de Garant\u00eda de Coyhaique durante la jornada del mi\u00e9rcoles 11 de agosto.<\/p>\n<p style=\"text-align: justify;\">Gracias al trabajo del equipo especializado, se logr\u00f3 incautar 770 gramos de cannabis sativa, lo que corresponde a 2.310 dosis de droga con un aval\u00fao de $11.550.000 pesos por su venta en peque\u00f1as cantidades o al menudeo.<\/p>\n<p style=\"text-align: justify;\">Este segundo caso tambi\u00e9n fue formalizado por la fiscal Mar\u00eda In\u00e9s N\u00fa\u00f1ez, quien solicit\u00f3 la prisi\u00f3n preventiva del imputado, la cual fue concedida por el Juzgado de Garant\u00eda de Coyhaique, el cual estableci\u00f3 un plazo de investigaci\u00f3n de 90 d\u00edas para el desarrollo de las diligencias investigativas conjuntas entre la PDI y la Fiscal\u00eda.<\/p>\n<p style=\"text-align: justify;\">Entre ambas diligencias antinarc\u00f3ticos, el total de la droga incautada est\u00e1 avaluada en m\u00e1s de 12 millones de pesos y corresponde a m\u00e1s de 2.700 dosis.<\/p>\n<p style=\"text-align: justify;\">Finalmente, desde la PDI el subprefecto Rojas inform\u00f3 que \u201cson controles que seguiremos realizando al igual que en el aeropuerto y los diferentes puertos mar\u00edtimos de la regi\u00f3n\u201d.<\/p>\n<\/div><\/section><\/div><div  style='height:50px' class='hr hr-invisible   avia-builder-el-6  el_after_av_one_full  el_before_av_social_share '><span class='hr-inner ' ><span class='hr-inner-style'><\/span><\/span><\/div><\/p>\n<div  class='av-social-sharing-box  avia-builder-el-7  el_after_av_hr  el_before_av_hr  '><div class='av-share-box'><h5 class='av-share-link-description av-no-toc '>Compartir esta noticia<\/h5><ul class='av-share-box-list noLightbox'><li class='av-share-link av-social-link-facebook' ><a target=\"_blank\" aria-label=\"Compartir en Facebook\" href='https:\/\/www.facebook.com\/sharer.php?u=https:\/\/radiorevelacionfm.cl\/?p=7386&#038;t=En%20Cerro%20Castillo%20y%20Puerto%20Ays%C3%A9n%20detienen%20en%20flagrancia%20a%20dos%20personas%20tras%20controles%20antidrogas' aria-hidden='false' data-av_icon='\ue8f3' data-av_iconfont='entypo-fontello' title='' data-avia-related-tooltip='Compartir en Facebook' rel=\"noopener\"><span class='avia_hidden_link_text'>Compartir en Facebook<\/span><\/a><\/li><li class='av-share-link av-social-link-twitter' ><a target=\"_blank\" aria-label=\"Compartir en Twitter\" href='https:\/\/twitter.com\/share?text=En%20Cerro%20Castillo%20y%20Puerto%20Ays%C3%A9n%20detienen%20en%20flagrancia%20a%20dos%20personas%20tras%20controles%20antidrogas&#038;url=https:\/\/radiorevelacionfm.cl\/?p=7386' aria-hidden='false' data-av_icon='\ue8f1' data-av_iconfont='entypo-fontello' title='' data-avia-related-tooltip='Compartir en Twitter' rel=\"noopener\"><span class='avia_hidden_link_text'>Compartir en Twitter<\/span><\/a><\/li><li class='av-share-link av-social-link-whatsapp' ><a target=\"_blank\" aria-label=\"Compartir en Whatsapp\" href='https:\/\/api.whatsapp.com\/send?text=https:\/\/radiorevelacionfm.cl\/?p=7386' aria-hidden='false' data-av_icon='\uf232' data-av_iconfont='entypo-fontello' title='' data-avia-related-tooltip='Compartir en Whatsapp' rel=\"noopener\"><span class='avia_hidden_link_text'>Compartir en Whatsapp<\/span><\/a><\/li><li class='av-share-link av-social-link-linkedin' ><a target=\"_blank\" aria-label=\"Compartir en LinkedIn\" href='https:\/\/linkedin.com\/shareArticle?mini=true&#038;title=En%20Cerro%20Castillo%20y%20Puerto%20Ays%C3%A9n%20detienen%20en%20flagrancia%20a%20dos%20personas%20tras%20controles%20antidrogas&#038;url=https:\/\/radiorevelacionfm.cl\/?p=7386' aria-hidden='false' data-av_icon='\ue8fc' data-av_iconfont='entypo-fontello' title='' data-avia-related-tooltip='Compartir en LinkedIn' rel=\"noopener\"><span class='avia_hidden_link_text'>Compartir en LinkedIn<\/span><\/a><\/li><li class='av-share-link av-social-link-mail' ><a  aria-label=\"Compartir por correo\" href='mailto:?subject=En%20Cerro%20Castillo%20y%20Puerto%20Ays%C3%A9n%20detienen%20en%20flagrancia%20a%20dos%20personas%20tras%20controles%20antidrogas&#038;body=https:\/\/radiorevelacionfm.cl\/?p=7386' aria-hidden='false' data-av_icon='\ue805' data-av_iconfont='entypo-fontello' title='' data-avia-related-tooltip='Compartir por correo'><span class='avia_hidden_link_text'>Compartir por correo<\/span><\/a><\/li><\/ul><\/div><\/div>\n<div  style='height:50px' class='hr hr-invisible   avia-builder-el-8  el_after_av_social_share  el_before_av_comments_list '><span class='hr-inner ' ><span class='hr-inner-style'><\/span><\/span><\/div>\n<div  class='av-buildercomment  av-blog-meta-html-info-disabled av-blog-meta-tag-disabled  '><\/div>\n","protected":false},"excerpt":{"rendered":"","protected":false},"author":1,"featured_media":7387,"comment_status":"open","ping_status":"open","sticky":false,"template":"","format":"standard","meta":{"footnotes":""},"categories":[36],"tags":[],"class_list":["post-7386","post","type-post","status-publish","format-standard","has-post-thumbnail","hentry","category-policial"],"jetpack_featured_media_url":"https:\/\/radiorevelacionfm.cl\/wp-content\/uploads\/2021\/08\/Evidencia-Brianco-11-08-2021-control-antidrogas-002-1-1.jpg","_links":{"self":[{"href":"https:\/\/radiorevelacionfm.cl\/index.php?rest_route=\/wp\/v2\/posts\/7386","targetHints":{"allow":["GET"]}}],"collection":[{"href":"https:\/\/radiorevelacionfm.cl\/index.php?rest_route=\/wp\/v2\/posts"}],"about":[{"href":"https:\/\/radiorevelacionfm.cl\/index.php?rest_route=\/wp\/v2\/types\/post"}],"author":[{"embeddable":true,"href":"https:\/\/radiorevelacionfm.cl\/index.php?rest_route=\/wp\/v2\/users\/1"}],"replies":[{"embeddable":true,"href":"https:\/\/radiorevelacionfm.cl\/index.php?rest_route=%2Fwp%2Fv2%2Fcomments&post=7386"}],"version-history":[{"count":1,"href":"https:\/\/radiorevelacionfm.cl\/index.php?rest_route=\/wp\/v2\/posts\/7386\/revisions"}],"predecessor-version":[{"id":7388,"href":"https:\/\/radiorevelacionfm.cl\/index.php?rest_route=\/wp\/v2\/posts\/7386\/revisions\/7388"}],"wp:featuredmedia":[{"embeddable":true,"href":"https:\/\/radiorevelacionfm.cl\/index.php?rest_route=\/wp\/v2\/media\/7387"}],"wp:attachment":[{"href":"https:\/\/radiorevelacionfm.cl\/index.php?rest_route=%2Fwp%2Fv2%2Fmedia&parent=7386"}],"wp:term":[{"taxonomy":"category","embeddable":true,"href":"https:\/\/radiorevelacionfm.cl\/index.php?rest_route=%2Fwp%2Fv2%2Fcategories&post=7386"},{"taxonomy":"post_tag","embeddable":true,"href":"https:\/\/radiorevelacionfm.cl\/index.php?rest_route=%2Fwp%2Fv2%2Ftags&post=7386"}],"curies":[{"name":"wp","href":"https:\/\/api.w.org\/{rel}","templated":true}]}}