{"id":7383,"date":"2021-08-12T12:34:06","date_gmt":"2021-08-12T15:34:06","guid":{"rendered":"https:\/\/radiorevelacionfm.cl\/?p=7383"},"modified":"2021-08-12T12:34:06","modified_gmt":"2021-08-12T15:34:06","slug":"estudiantes-de-septimo-basico-prontamente-recibiran-sus-computadores-entregados-por-junaeb","status":"publish","type":"post","link":"https:\/\/radiorevelacionfm.cl\/?p=7383","title":{"rendered":"Estudiantes de s\u00e9ptimo b\u00e1sico prontamente recibir\u00e1n sus computadores entregados por Junaeb"},"content":{"rendered":"<div class=\"flex_column av_one_full  flex_column_div av-zero-column-padding first  avia-builder-el-0  el_before_av_one_full  avia-builder-el-first  \" style='border-radius:0px; '><div  class='avia-image-container  av-styling-    avia-builder-el-1  avia-builder-el-no-sibling  avia-align-center '  itemprop=\"image\" itemscope=\"itemscope\" itemtype=\"https:\/\/schema.org\/ImageObject\"  ><div class='avia-image-container-inner'><div class='avia-image-overlay-wrap'><img decoding=\"async\" class='wp-image-7384 avia-img-lazy-loading-not-7384 avia_image' src=\"https:\/\/radiorevelacionfm.cl\/wp-content\/uploads\/2021\/08\/computador-del-gobierno-2021-1-1.jpg\" alt='' title='computador-del-gobierno-2021 (1) (1)' height=\"600\" width=\"800\"  itemprop=\"thumbnailUrl\" srcset=\"https:\/\/radiorevelacionfm.cl\/wp-content\/uploads\/2021\/08\/computador-del-gobierno-2021-1-1.jpg 800w, https:\/\/radiorevelacionfm.cl\/wp-content\/uploads\/2021\/08\/computador-del-gobierno-2021-1-1-300x225.jpg 300w, https:\/\/radiorevelacionfm.cl\/wp-content\/uploads\/2021\/08\/computador-del-gobierno-2021-1-1-768x576.jpg 768w, https:\/\/radiorevelacionfm.cl\/wp-content\/uploads\/2021\/08\/computador-del-gobierno-2021-1-1-705x529.jpg 705w, https:\/\/radiorevelacionfm.cl\/wp-content\/uploads\/2021\/08\/computador-del-gobierno-2021-1-1-600x450.jpg 600w\" sizes=\"(max-width: 800px) 100vw, 800px\" \/><\/div><\/div><\/div><\/div><div class=\"flex_column av_one_full  flex_column_div av-zero-column-padding first  avia-builder-el-2  el_after_av_one_full  el_before_av_one_full  column-top-margin\" style='border-radius:0px; '><section class=\"av_textblock_section \"  itemscope=\"itemscope\" itemtype=\"https:\/\/schema.org\/BlogPosting\" itemprop=\"blogPost\" ><div class='avia_textblock  '   itemprop=\"text\" ><p style=\"text-align: center;\"><span style=\"font-size: 18pt;\"><strong>Estudiantes de s\u00e9ptimo b\u00e1sico prontamente recibir\u00e1n sus computadores entregados por Junaeb<\/strong><\/span><\/p>\n<div id=\"gtx-trans\" style=\"position: absolute; left: -50px; top: 4.31534px;\">\n<div class=\"gtx-trans-icon\"><\/div>\n<\/div>\n<\/div><\/section><\/div><div class=\"flex_column av_one_full  flex_column_div av-zero-column-padding first  avia-builder-el-4  el_after_av_one_full  el_before_av_hr  column-top-margin\" style='border-radius:0px; '><section class=\"av_textblock_section \"  itemscope=\"itemscope\" itemtype=\"https:\/\/schema.org\/BlogPosting\" itemprop=\"blogPost\" ><div class='avia_textblock  '   itemprop=\"text\" ><p style=\"text-align: justify;\">A contar del pr\u00f3ximo 16 de agosto comienza el proceso de entrega de computadores a alumnos\/as de la provincia de s\u00e9ptimo b\u00e1sico.<\/p>\n<p style=\"text-align: justify;\">Una positiva noticia daba a conocer el Delegado Presidencial Provincial de Ays\u00e9n Manuel Ortiz en relaci\u00f3n que ya en los pr\u00f3ximos d\u00edas los\/as estudiantes que cursan el s\u00e9ptimo b\u00e1sico de colegios municipales o algunos casos de particulares subvencionados podr\u00e1n contar con sus computadores, herramienta necesaria y esperada por padres y apoderados \u201cla tremenda noticia es que como Gobierno tenemos un plazo hasta el 31 de agosto que debe estar entregado el \u00faltimo computador, por lo tanto es una tremenda satisfacci\u00f3n poder informarles a los padres, apoderados y principalmente a los alumnos que los computadores ya ser\u00e1n entregados y es preciso mencionar tambi\u00e9n que somos una de las cuatro regiones del pa\u00eds en donde comenzar\u00e1 este proceso\u201d.<\/p>\n<p style=\"text-align: justify;\">Esto viene de la mano con el positivo retorno a clases en la regi\u00f3n y en la provincia de Ays\u00e9n se\u00f1alaba el DPPAys\u00e9n \u201csomos unas de las regiones que tiene el m\u00e1s alto \u00edndice de vuelta a clases ha sido un gran trabajo que ha realizado el Seremi de Educaci\u00f3n Sergio Becerra destacable a nivel nacional por el trabajo insistente y hoy cuando vemos el retorno a clases de nuestros alumnos ver acompa\u00f1ado de algo tan importante como el equipo computacional que va a ser propio es una gran noticia para ellos que lo esperaban con tanta ansiedad\u201d.<\/p>\n<p style=\"text-align: justify;\">La empresa Correos de Chile es quien se adjudic\u00f3 la licitaci\u00f3n para el proceso de entrega de estos computadores.<\/p>\n<p style=\"text-align: justify;\"><strong>\u00a0<\/strong><\/p>\n<\/div><\/section><\/div><div  style='height:50px' class='hr hr-invisible   avia-builder-el-6  el_after_av_one_full  el_before_av_social_share '><span class='hr-inner ' ><span class='hr-inner-style'><\/span><\/span><\/div><\/p>\n<div  class='av-social-sharing-box  avia-builder-el-7  el_after_av_hr  el_before_av_hr  '><div class='av-share-box'><h5 class='av-share-link-description av-no-toc '>Compartir esta noticia<\/h5><ul class='av-share-box-list noLightbox'><li class='av-share-link av-social-link-facebook' ><a target=\"_blank\" aria-label=\"Compartir en Facebook\" href='https:\/\/www.facebook.com\/sharer.php?u=https:\/\/radiorevelacionfm.cl\/?p=7383&#038;t=Estudiantes%20de%20s%C3%A9ptimo%20b%C3%A1sico%20prontamente%20recibir%C3%A1n%20sus%20computadores%20entregados%20por%20Junaeb' aria-hidden='false' data-av_icon='\ue8f3' data-av_iconfont='entypo-fontello' title='' data-avia-related-tooltip='Compartir en Facebook' rel=\"noopener\"><span class='avia_hidden_link_text'>Compartir en Facebook<\/span><\/a><\/li><li class='av-share-link av-social-link-twitter' ><a target=\"_blank\" aria-label=\"Compartir en Twitter\" href='https:\/\/twitter.com\/share?text=Estudiantes%20de%20s%C3%A9ptimo%20b%C3%A1sico%20prontamente%20recibir%C3%A1n%20sus%20computadores%20entregados%20por%20Junaeb&#038;url=https:\/\/radiorevelacionfm.cl\/?p=7383' aria-hidden='false' data-av_icon='\ue8f1' data-av_iconfont='entypo-fontello' title='' data-avia-related-tooltip='Compartir en Twitter' rel=\"noopener\"><span class='avia_hidden_link_text'>Compartir en Twitter<\/span><\/a><\/li><li class='av-share-link av-social-link-whatsapp' ><a target=\"_blank\" aria-label=\"Compartir en Whatsapp\" href='https:\/\/api.whatsapp.com\/send?text=https:\/\/radiorevelacionfm.cl\/?p=7383' aria-hidden='false' data-av_icon='\uf232' data-av_iconfont='entypo-fontello' title='' data-avia-related-tooltip='Compartir en Whatsapp' rel=\"noopener\"><span class='avia_hidden_link_text'>Compartir en Whatsapp<\/span><\/a><\/li><li class='av-share-link av-social-link-linkedin' ><a target=\"_blank\" aria-label=\"Compartir en LinkedIn\" href='https:\/\/linkedin.com\/shareArticle?mini=true&#038;title=Estudiantes%20de%20s%C3%A9ptimo%20b%C3%A1sico%20prontamente%20recibir%C3%A1n%20sus%20computadores%20entregados%20por%20Junaeb&#038;url=https:\/\/radiorevelacionfm.cl\/?p=7383' aria-hidden='false' data-av_icon='\ue8fc' data-av_iconfont='entypo-fontello' title='' data-avia-related-tooltip='Compartir en LinkedIn' rel=\"noopener\"><span class='avia_hidden_link_text'>Compartir en LinkedIn<\/span><\/a><\/li><li class='av-share-link av-social-link-mail' ><a  aria-label=\"Compartir por correo\" href='mailto:?subject=Estudiantes%20de%20s%C3%A9ptimo%20b%C3%A1sico%20prontamente%20recibir%C3%A1n%20sus%20computadores%20entregados%20por%20Junaeb&#038;body=https:\/\/radiorevelacionfm.cl\/?p=7383' aria-hidden='false' data-av_icon='\ue805' data-av_iconfont='entypo-fontello' title='' data-avia-related-tooltip='Compartir por correo'><span class='avia_hidden_link_text'>Compartir por correo<\/span><\/a><\/li><\/ul><\/div><\/div>\n<div  style='height:50px' class='hr hr-invisible   avia-builder-el-8  el_after_av_social_share  el_before_av_comments_list '><span class='hr-inner ' ><span class='hr-inner-style'><\/span><\/span><\/div>\n<div  class='av-buildercomment  av-blog-meta-html-info-disabled av-blog-meta-tag-disabled  '><\/div>\n","protected":false},"excerpt":{"rendered":"","protected":false},"author":1,"featured_media":7384,"comment_status":"open","ping_status":"open","sticky":false,"template":"","format":"standard","meta":{"footnotes":""},"categories":[49],"tags":[],"class_list":["post-7383","post","type-post","status-publish","format-standard","has-post-thumbnail","hentry","category-educacion"],"jetpack_featured_media_url":"https:\/\/radiorevelacionfm.cl\/wp-content\/uploads\/2021\/08\/computador-del-gobierno-2021-1-1.jpg","_links":{"self":[{"href":"https:\/\/radiorevelacionfm.cl\/index.php?rest_route=\/wp\/v2\/posts\/7383","targetHints":{"allow":["GET"]}}],"collection":[{"href":"https:\/\/radiorevelacionfm.cl\/index.php?rest_route=\/wp\/v2\/posts"}],"about":[{"href":"https:\/\/radiorevelacionfm.cl\/index.php?rest_route=\/wp\/v2\/types\/post"}],"author":[{"embeddable":true,"href":"https:\/\/radiorevelacionfm.cl\/index.php?rest_route=\/wp\/v2\/users\/1"}],"replies":[{"embeddable":true,"href":"https:\/\/radiorevelacionfm.cl\/index.php?rest_route=%2Fwp%2Fv2%2Fcomments&post=7383"}],"version-history":[{"count":2,"href":"https:\/\/radiorevelacionfm.cl\/index.php?rest_route=\/wp\/v2\/posts\/7383\/revisions"}],"predecessor-version":[{"id":7397,"href":"https:\/\/radiorevelacionfm.cl\/index.php?rest_route=\/wp\/v2\/posts\/7383\/revisions\/7397"}],"wp:featuredmedia":[{"embeddable":true,"href":"https:\/\/radiorevelacionfm.cl\/index.php?rest_route=\/wp\/v2\/media\/7384"}],"wp:attachment":[{"href":"https:\/\/radiorevelacionfm.cl\/index.php?rest_route=%2Fwp%2Fv2%2Fmedia&parent=7383"}],"wp:term":[{"taxonomy":"category","embeddable":true,"href":"https:\/\/radiorevelacionfm.cl\/index.php?rest_route=%2Fwp%2Fv2%2Fcategories&post=7383"},{"taxonomy":"post_tag","embeddable":true,"href":"https:\/\/radiorevelacionfm.cl\/index.php?rest_route=%2Fwp%2Fv2%2Ftags&post=7383"}],"curies":[{"name":"wp","href":"https:\/\/api.w.org\/{rel}","templated":true}]}}