{"id":7380,"date":"2021-08-12T10:43:24","date_gmt":"2021-08-12T13:43:24","guid":{"rendered":"https:\/\/radiorevelacionfm.cl\/?p=7380"},"modified":"2021-08-12T10:43:24","modified_gmt":"2021-08-12T13:43:24","slug":"en-el-mes-del-corazon-promueven-importancia-de-una-buena-salud-cardiovascular","status":"publish","type":"post","link":"https:\/\/radiorevelacionfm.cl\/?p=7380","title":{"rendered":"En el mes del coraz\u00f3n promueven importancia de una buena salud cardiovascular"},"content":{"rendered":"<div class=\"flex_column av_one_full  flex_column_div av-zero-column-padding first  avia-builder-el-0  el_before_av_one_full  avia-builder-el-first  \" style='border-radius:0px; '><div  class='avia-image-container  av-styling-    avia-builder-el-1  avia-builder-el-no-sibling  avia-align-center '  itemprop=\"image\" itemscope=\"itemscope\" itemtype=\"https:\/\/schema.org\/ImageObject\"  ><div class='avia-image-container-inner'><div class='avia-image-overlay-wrap'><img decoding=\"async\" class='wp-image-7381 avia-img-lazy-loading-not-7381 avia_image' src=\"https:\/\/radiorevelacionfm.cl\/wp-content\/uploads\/2021\/08\/Mes-del-Corazon-1-1.jpg\" alt='' title='Mes del Corazon (1) (1)' height=\"600\" width=\"900\"  itemprop=\"thumbnailUrl\" srcset=\"https:\/\/radiorevelacionfm.cl\/wp-content\/uploads\/2021\/08\/Mes-del-Corazon-1-1.jpg 900w, https:\/\/radiorevelacionfm.cl\/wp-content\/uploads\/2021\/08\/Mes-del-Corazon-1-1-300x200.jpg 300w, https:\/\/radiorevelacionfm.cl\/wp-content\/uploads\/2021\/08\/Mes-del-Corazon-1-1-768x512.jpg 768w, https:\/\/radiorevelacionfm.cl\/wp-content\/uploads\/2021\/08\/Mes-del-Corazon-1-1-705x470.jpg 705w, https:\/\/radiorevelacionfm.cl\/wp-content\/uploads\/2021\/08\/Mes-del-Corazon-1-1-600x400.jpg 600w\" sizes=\"(max-width: 900px) 100vw, 900px\" \/><\/div><\/div><\/div><\/div><div class=\"flex_column av_one_full  flex_column_div av-zero-column-padding first  avia-builder-el-2  el_after_av_one_full  el_before_av_one_full  column-top-margin\" style='border-radius:0px; '><section class=\"av_textblock_section \"  itemscope=\"itemscope\" itemtype=\"https:\/\/schema.org\/BlogPosting\" itemprop=\"blogPost\" ><div class='avia_textblock  '   itemprop=\"text\" ><p style=\"text-align: center;\"><strong><span style=\"font-size: 18pt;\">En el mes del coraz\u00f3n promueven importancia de una buena salud cardiovascular<\/span><\/strong><\/p>\n<div id=\"gtx-trans\" style=\"position: absolute; left: -50px; top: 4.31534px;\">\n<div class=\"gtx-trans-icon\"><\/div>\n<\/div>\n<\/div><\/section><\/div><div class=\"flex_column av_one_full  flex_column_div av-zero-column-padding first  avia-builder-el-4  el_after_av_one_full  el_before_av_hr  column-top-margin\" style='border-radius:0px; '><section class=\"av_textblock_section \"  itemscope=\"itemscope\" itemtype=\"https:\/\/schema.org\/BlogPosting\" itemprop=\"blogPost\" ><div class='avia_textblock  '   itemprop=\"text\" ><p style=\"text-align: justify;\">Pese a la contingencia mundial que se ha generado respecto al COVID-19, los equipos de Salud P\u00fablica contin\u00faan ejecutando acciones tendientes a reforzar medidas que permitan resguardar la salud de la comunidad, tal como ocurre con el Mes del Coraz\u00f3n, instancia en la que se busca educar y entregar recomendaciones sobre la importancia de mantener una buena salud cardiovascular en tiempos de pandemia.<\/p>\n<p style=\"text-align: justify;\">Un hecho que recalc\u00f3 la Encargada Programa de Salud Cardiovascular, Carmen Gloria Cuyul, quien entreg\u00f3 m\u00e1s antecedentes al respecto. \u201cEste mes del coraz\u00f3n, si bien estamos en contexto de pandemia, se pretende incentivar la modificaci\u00f3n de factores de riesgo y promover estilos de vida saludable, como lo son mantener una actividad f\u00edsica regular, una buena alimentaci\u00f3n, no fumar y evitar consumo excesivo de alcohol. Se espera tambi\u00e9n reforzar la importancia de mantener los controles de salud preventivos al interior de la comunidad para la detecci\u00f3n de los factores de riesgo donde se encuentra el examen de medicina preventiva del adulto, el cual busca detectar en forma oportuna factores de riesgo para enfermedades cardiovasculares, que es un examen gratuito garantizado por ley, por lo que invitamos a la comunidad a acercarse a sus centros de salud p\u00fablicos o privados para solicitar este examen en la medida que los establecimientos vayan reactivando sus prestaciones\u201d.<\/p>\n<p style=\"text-align: justify;\">Entre las actividades para este mes, est\u00e1n las intervenciones que realizaran las cuadrillas sanitarias que en el Mes del Coraz\u00f3n, adem\u00e1s de entregar medidas preventivas frente al COVID-19, tambi\u00e9n apoyar\u00e1n a equipos de Salud P\u00fablica en la entrega de recomendaciones para el cuidado del coraz\u00f3n, para ello se contempla que durante la jornada de la ma\u00f1ana se levante un stand informativo en SODIMAC Coyhaique.<\/p>\n<p style=\"text-align: justify;\">Finalmente, cabe se\u00f1alar que \u2013 entre otras actividades- este mes se realizar\u00e1n dos conversatorios para abordar la importancia de una buena salud cardiovascular. El primero de ellos se realizar\u00e1 a las 16hrs. del jueves 19 de agosto (Actividad F\u00edsica y Salud Cardiovascular) y el martes 24 de agosto, a las 15hrs. (Obesidad Infantil y Riesgo Cardiovascular).\u00a0 Ambas actividades transmitidas a trav\u00e9s de la plataforma de Facebook live de la Seremi de Salud Ays\u00e9n (<a href=\"https:\/\/www.facebook.com\/SeremiSaludAysen\">https:\/\/www.facebook.com\/SeremiSaludAysen<\/a>).<\/p>\n<p style=\"text-align: justify;\">En nuestra Regi\u00f3n, las Enfermedades Cardiovasculares son la segunda causa de muerte, seguida de las ocasionadas por C\u00e1ncer. El a\u00f1o reci\u00e9n pasado (2020) fallecieron 124 personas por enfermedades del Aparato Circulatorio, las cuales resultaron ser 17 m\u00e1s a lo acontecido el a\u00f1o anterior a la pandemia (2019). (3) Pese al COVID-19, paralelamente se reportaron 59 egresos hospitalarios por Infarto (IAM) y 121 egresos hospitalarios por Ataque Cerebrovascular (ACV).<\/p>\n<\/div><\/section><\/div><div  style='height:50px' class='hr hr-invisible   avia-builder-el-6  el_after_av_one_full  el_before_av_social_share '><span class='hr-inner ' ><span class='hr-inner-style'><\/span><\/span><\/div><\/p>\n<div  class='av-social-sharing-box  avia-builder-el-7  el_after_av_hr  el_before_av_hr  '><div class='av-share-box'><h5 class='av-share-link-description av-no-toc '>Compartir esta noticia<\/h5><ul class='av-share-box-list noLightbox'><li class='av-share-link av-social-link-facebook' ><a target=\"_blank\" aria-label=\"Compartir en Facebook\" href='https:\/\/www.facebook.com\/sharer.php?u=https:\/\/radiorevelacionfm.cl\/?p=7380&#038;t=En%20el%20mes%20del%20coraz%C3%B3n%20promueven%20importancia%20de%20una%20buena%20salud%20cardiovascular' aria-hidden='false' data-av_icon='\ue8f3' data-av_iconfont='entypo-fontello' title='' data-avia-related-tooltip='Compartir en Facebook' rel=\"noopener\"><span class='avia_hidden_link_text'>Compartir en Facebook<\/span><\/a><\/li><li class='av-share-link av-social-link-twitter' ><a target=\"_blank\" aria-label=\"Compartir en Twitter\" href='https:\/\/twitter.com\/share?text=En%20el%20mes%20del%20coraz%C3%B3n%20promueven%20importancia%20de%20una%20buena%20salud%20cardiovascular&#038;url=https:\/\/radiorevelacionfm.cl\/?p=7380' aria-hidden='false' data-av_icon='\ue8f1' data-av_iconfont='entypo-fontello' title='' data-avia-related-tooltip='Compartir en Twitter' rel=\"noopener\"><span class='avia_hidden_link_text'>Compartir en Twitter<\/span><\/a><\/li><li class='av-share-link av-social-link-whatsapp' ><a target=\"_blank\" aria-label=\"Compartir en Whatsapp\" href='https:\/\/api.whatsapp.com\/send?text=https:\/\/radiorevelacionfm.cl\/?p=7380' aria-hidden='false' data-av_icon='\uf232' data-av_iconfont='entypo-fontello' title='' data-avia-related-tooltip='Compartir en Whatsapp' rel=\"noopener\"><span class='avia_hidden_link_text'>Compartir en Whatsapp<\/span><\/a><\/li><li class='av-share-link av-social-link-linkedin' ><a target=\"_blank\" aria-label=\"Compartir en LinkedIn\" href='https:\/\/linkedin.com\/shareArticle?mini=true&#038;title=En%20el%20mes%20del%20coraz%C3%B3n%20promueven%20importancia%20de%20una%20buena%20salud%20cardiovascular&#038;url=https:\/\/radiorevelacionfm.cl\/?p=7380' aria-hidden='false' data-av_icon='\ue8fc' data-av_iconfont='entypo-fontello' title='' data-avia-related-tooltip='Compartir en LinkedIn' rel=\"noopener\"><span class='avia_hidden_link_text'>Compartir en LinkedIn<\/span><\/a><\/li><li class='av-share-link av-social-link-mail' ><a  aria-label=\"Compartir por correo\" href='mailto:?subject=En%20el%20mes%20del%20coraz%C3%B3n%20promueven%20importancia%20de%20una%20buena%20salud%20cardiovascular&#038;body=https:\/\/radiorevelacionfm.cl\/?p=7380' aria-hidden='false' data-av_icon='\ue805' data-av_iconfont='entypo-fontello' title='' data-avia-related-tooltip='Compartir por correo'><span class='avia_hidden_link_text'>Compartir por correo<\/span><\/a><\/li><\/ul><\/div><\/div>\n<div  style='height:50px' class='hr hr-invisible   avia-builder-el-8  el_after_av_social_share  el_before_av_comments_list '><span class='hr-inner ' ><span class='hr-inner-style'><\/span><\/span><\/div>\n<div  class='av-buildercomment  av-blog-meta-html-info-disabled av-blog-meta-tag-disabled  '><\/div>\n","protected":false},"excerpt":{"rendered":"","protected":false},"author":1,"featured_media":7381,"comment_status":"open","ping_status":"open","sticky":false,"template":"","format":"standard","meta":{"footnotes":""},"categories":[46],"tags":[],"class_list":["post-7380","post","type-post","status-publish","format-standard","has-post-thumbnail","hentry","category-salud"],"jetpack_featured_media_url":"https:\/\/radiorevelacionfm.cl\/wp-content\/uploads\/2021\/08\/Mes-del-Corazon-1-1.jpg","_links":{"self":[{"href":"https:\/\/radiorevelacionfm.cl\/index.php?rest_route=\/wp\/v2\/posts\/7380","targetHints":{"allow":["GET"]}}],"collection":[{"href":"https:\/\/radiorevelacionfm.cl\/index.php?rest_route=\/wp\/v2\/posts"}],"about":[{"href":"https:\/\/radiorevelacionfm.cl\/index.php?rest_route=\/wp\/v2\/types\/post"}],"author":[{"embeddable":true,"href":"https:\/\/radiorevelacionfm.cl\/index.php?rest_route=\/wp\/v2\/users\/1"}],"replies":[{"embeddable":true,"href":"https:\/\/radiorevelacionfm.cl\/index.php?rest_route=%2Fwp%2Fv2%2Fcomments&post=7380"}],"version-history":[{"count":1,"href":"https:\/\/radiorevelacionfm.cl\/index.php?rest_route=\/wp\/v2\/posts\/7380\/revisions"}],"predecessor-version":[{"id":7382,"href":"https:\/\/radiorevelacionfm.cl\/index.php?rest_route=\/wp\/v2\/posts\/7380\/revisions\/7382"}],"wp:featuredmedia":[{"embeddable":true,"href":"https:\/\/radiorevelacionfm.cl\/index.php?rest_route=\/wp\/v2\/media\/7381"}],"wp:attachment":[{"href":"https:\/\/radiorevelacionfm.cl\/index.php?rest_route=%2Fwp%2Fv2%2Fmedia&parent=7380"}],"wp:term":[{"taxonomy":"category","embeddable":true,"href":"https:\/\/radiorevelacionfm.cl\/index.php?rest_route=%2Fwp%2Fv2%2Fcategories&post=7380"},{"taxonomy":"post_tag","embeddable":true,"href":"https:\/\/radiorevelacionfm.cl\/index.php?rest_route=%2Fwp%2Fv2%2Ftags&post=7380"}],"curies":[{"name":"wp","href":"https:\/\/api.w.org\/{rel}","templated":true}]}}