{"id":7377,"date":"2021-08-12T10:32:45","date_gmt":"2021-08-12T13:32:45","guid":{"rendered":"https:\/\/radiorevelacionfm.cl\/?p=7377"},"modified":"2021-08-12T10:32:45","modified_gmt":"2021-08-12T13:32:45","slug":"incrementan-presupuesto-para-diseno-del-centro-artesanal-coyhaique","status":"publish","type":"post","link":"https:\/\/radiorevelacionfm.cl\/?p=7377","title":{"rendered":"Incrementan presupuesto para dise\u00f1o del Centro Artesanal Coyhaique"},"content":{"rendered":"<div class=\"flex_column av_one_full  flex_column_div av-zero-column-padding first  avia-builder-el-0  el_before_av_one_full  avia-builder-el-first  \" style='border-radius:0px; '><div  class='avia-image-container  av-styling-    avia-builder-el-1  avia-builder-el-no-sibling  avia-align-center '  itemprop=\"image\" itemscope=\"itemscope\" itemtype=\"https:\/\/schema.org\/ImageObject\"  ><div class='avia-image-container-inner'><div class='avia-image-overlay-wrap'><img decoding=\"async\" class='wp-image-7378 avia-img-lazy-loading-not-7378 avia_image' src=\"https:\/\/radiorevelacionfm.cl\/wp-content\/uploads\/2021\/08\/feria-artesanal-Coyh-1-1.jpg\" alt='' title='feria artesanal Coyh (1) (1)' height=\"600\" width=\"1065\"  itemprop=\"thumbnailUrl\" srcset=\"https:\/\/radiorevelacionfm.cl\/wp-content\/uploads\/2021\/08\/feria-artesanal-Coyh-1-1.jpg 1065w, https:\/\/radiorevelacionfm.cl\/wp-content\/uploads\/2021\/08\/feria-artesanal-Coyh-1-1-300x169.jpg 300w, https:\/\/radiorevelacionfm.cl\/wp-content\/uploads\/2021\/08\/feria-artesanal-Coyh-1-1-1030x580.jpg 1030w, https:\/\/radiorevelacionfm.cl\/wp-content\/uploads\/2021\/08\/feria-artesanal-Coyh-1-1-768x433.jpg 768w, https:\/\/radiorevelacionfm.cl\/wp-content\/uploads\/2021\/08\/feria-artesanal-Coyh-1-1-705x397.jpg 705w, https:\/\/radiorevelacionfm.cl\/wp-content\/uploads\/2021\/08\/feria-artesanal-Coyh-1-1-600x338.jpg 600w\" sizes=\"(max-width: 1065px) 100vw, 1065px\" \/><\/div><\/div><\/div><\/div><div class=\"flex_column av_one_full  flex_column_div av-zero-column-padding first  avia-builder-el-2  el_after_av_one_full  el_before_av_one_full  column-top-margin\" style='border-radius:0px; '><section class=\"av_textblock_section \"  itemscope=\"itemscope\" itemtype=\"https:\/\/schema.org\/BlogPosting\" itemprop=\"blogPost\" ><div class='avia_textblock  '   itemprop=\"text\" ><p style=\"text-align: center;\"><strong><span style=\"font-size: 18pt;\">Incrementan presupuesto para dise\u00f1o del Centro Artesanal Coyhaique<\/span><\/strong><\/p>\n<div id=\"gtx-trans\" style=\"position: absolute; left: -50px; top: 4.31534px;\">\n<div class=\"gtx-trans-icon\"><\/div>\n<\/div>\n<\/div><\/section><\/div><div class=\"flex_column av_one_full  flex_column_div av-zero-column-padding first  avia-builder-el-4  el_after_av_one_full  el_before_av_hr  column-top-margin\" style='border-radius:0px; '><section class=\"av_textblock_section \"  itemscope=\"itemscope\" itemtype=\"https:\/\/schema.org\/BlogPosting\" itemprop=\"blogPost\" ><div class='avia_textblock  '   itemprop=\"text\" ><p class=\"v1MsoNormal\" style=\"text-align: justify;\">Considerando su importancia estrat\u00e9gica para la exhibici\u00f3n y venta de productos elaborados por creadoras y creadores locales, el Consejo Regional de Ays\u00e9n increment\u00f3 el presupuesto para dise\u00f1ar el Centro Artesanal Coyhaique, a un costado del Paseo Horn, en el centro de la ciudad.<\/p>\n<p class=\"v1MsoNormal\" style=\"text-align: justify;\">En sesi\u00f3n plenaria presencial realizada este mi\u00e9rcoles en el sal\u00f3n Antonio Ronchi,\u00a0la Direcci\u00f3n de Arquitectura del Ministerio de Obras P\u00fablicas present\u00f3 el dise\u00f1o preliminar, que implica una\u00a0inversi\u00f3n de $210 millones de pesos del Fondo Nacional de Desarrollo Regional (F.N.D.R.).<\/p>\n<p class=\"v1MsoNormal\" style=\"text-align: justify;\">La Gobernadora Andrea Mac\u00edas Palma valor\u00f3 que uno de los primeros temas que se abord\u00f3 en el trabajo presencial del CORE sea el dise\u00f1o del Centro Artesanal, que albergar\u00e1\u00a0a\u00a0m\u00e1s de 70 locatarios en un punto de inter\u00e9s para la comunidad local y visitantes.<\/p>\n<p class=\"v1MsoNormal\" style=\"text-align: justify;\">\u00abHoy d\u00eda, despu\u00e9s de tanto tiempo, nos hemos reunido con los 14 consejeros regionales de manera presencial, con temas bien importantes. Lo m\u00e1s relevante en t\u00e9rminos de inversi\u00f3n tiene que ver con un aumento de presupuesto que faltaba para culminar el dise\u00f1o de nuestro Centro Artesanal, que esperamos tener en un futuro no tan lejano para responder una demanda sentida e hist\u00f3rica por a\u00f1os\u00bb, se\u00f1al\u00f3.<\/p>\n<p class=\"v1MsoNormal\" style=\"text-align: justify;\">El presidente de la Comisi\u00f3n de R\u00e9gimen Interno del CORE, Rocco Martiniello, valor\u00f3 que el dise\u00f1o recoja las miradas de los propios artesanos.<\/p>\n<p class=\"v1MsoNormal\" style=\"text-align: justify;\">\u00abUn dise\u00f1o que tiene que ir avanzando y, por supuesto, tambi\u00e9n va a ser una postal para nuestra regi\u00f3n, as\u00ed es que tambi\u00e9n un saludo y un abrazo para todos los artesanos de la plaza, que deben estar muy contentos con esta iniciativa\u00bb, indic\u00f3.<\/p>\n<p class=\"v1MsoNormal\" style=\"text-align: justify;\">El consejero Carlos Campos indic\u00f3 la importancia de que las instalaciones contemplen la presencia de la diversidad de productos y artesanos de toda la regi\u00f3n, mientras el consejero Valent\u00edn Sol\u00eds observ\u00f3 que una vez finalizado el dise\u00f1o, se articule la postulaci\u00f3n del proyecto para su materializaci\u00f3n.<\/p>\n<p class=\"v1MsoNormal\" style=\"text-align: justify;\">En la sesi\u00f3n plenaria encabezada por la Gobernadora Andrea Mac\u00edas participaron los 14 consejeros\/a, Valent\u00edn Sol\u00eds, Rocco Martiniello, Juan \u00c1lvarez, Rodrigo Araya, Gustavo Villarroel, Ra\u00fal Rudolphi; Washington Medina y Carlos Quintul, Carlos Campos y Jorge Abello.<\/p>\n<p class=\"v1MsoNormal\" style=\"text-align: justify;\">Buscando llegar con la informaci\u00f3n directa y completa a la ciudadan\u00eda, la sesi\u00f3n plenaria se transmite en vivo y queda disponible para la comunidad en la p\u00e1gina faceboook del Gobierno Regional de Ays\u00e9n.<\/p>\n<\/div><\/section><\/div><div  style='height:50px' class='hr hr-invisible   avia-builder-el-6  el_after_av_one_full  el_before_av_social_share '><span class='hr-inner ' ><span class='hr-inner-style'><\/span><\/span><\/div><\/p>\n<div  class='av-social-sharing-box  avia-builder-el-7  el_after_av_hr  el_before_av_hr  '><div class='av-share-box'><h5 class='av-share-link-description av-no-toc '>Compartir esta noticia<\/h5><ul class='av-share-box-list noLightbox'><li class='av-share-link av-social-link-facebook' ><a target=\"_blank\" aria-label=\"Compartir en Facebook\" href='https:\/\/www.facebook.com\/sharer.php?u=https:\/\/radiorevelacionfm.cl\/?p=7377&#038;t=Incrementan%20presupuesto%20para%20dise%C3%B1o%20del%20Centro%20Artesanal%20Coyhaique' aria-hidden='false' data-av_icon='\ue8f3' data-av_iconfont='entypo-fontello' title='' data-avia-related-tooltip='Compartir en Facebook' rel=\"noopener\"><span class='avia_hidden_link_text'>Compartir en Facebook<\/span><\/a><\/li><li class='av-share-link av-social-link-twitter' ><a target=\"_blank\" aria-label=\"Compartir en Twitter\" href='https:\/\/twitter.com\/share?text=Incrementan%20presupuesto%20para%20dise%C3%B1o%20del%20Centro%20Artesanal%20Coyhaique&#038;url=https:\/\/radiorevelacionfm.cl\/?p=7377' aria-hidden='false' data-av_icon='\ue8f1' data-av_iconfont='entypo-fontello' title='' data-avia-related-tooltip='Compartir en Twitter' rel=\"noopener\"><span class='avia_hidden_link_text'>Compartir en Twitter<\/span><\/a><\/li><li class='av-share-link av-social-link-whatsapp' ><a target=\"_blank\" aria-label=\"Compartir en Whatsapp\" href='https:\/\/api.whatsapp.com\/send?text=https:\/\/radiorevelacionfm.cl\/?p=7377' aria-hidden='false' data-av_icon='\uf232' data-av_iconfont='entypo-fontello' title='' data-avia-related-tooltip='Compartir en Whatsapp' rel=\"noopener\"><span class='avia_hidden_link_text'>Compartir en Whatsapp<\/span><\/a><\/li><li class='av-share-link av-social-link-linkedin' ><a target=\"_blank\" aria-label=\"Compartir en LinkedIn\" href='https:\/\/linkedin.com\/shareArticle?mini=true&#038;title=Incrementan%20presupuesto%20para%20dise%C3%B1o%20del%20Centro%20Artesanal%20Coyhaique&#038;url=https:\/\/radiorevelacionfm.cl\/?p=7377' aria-hidden='false' data-av_icon='\ue8fc' data-av_iconfont='entypo-fontello' title='' data-avia-related-tooltip='Compartir en LinkedIn' rel=\"noopener\"><span class='avia_hidden_link_text'>Compartir en LinkedIn<\/span><\/a><\/li><li class='av-share-link av-social-link-mail' ><a  aria-label=\"Compartir por correo\" href='mailto:?subject=Incrementan%20presupuesto%20para%20dise%C3%B1o%20del%20Centro%20Artesanal%20Coyhaique&#038;body=https:\/\/radiorevelacionfm.cl\/?p=7377' aria-hidden='false' data-av_icon='\ue805' data-av_iconfont='entypo-fontello' title='' data-avia-related-tooltip='Compartir por correo'><span class='avia_hidden_link_text'>Compartir por correo<\/span><\/a><\/li><\/ul><\/div><\/div>\n<div  style='height:50px' class='hr hr-invisible   avia-builder-el-8  el_after_av_social_share  el_before_av_comments_list '><span class='hr-inner ' ><span class='hr-inner-style'><\/span><\/span><\/div>\n<div  class='av-buildercomment  av-blog-meta-html-info-disabled av-blog-meta-tag-disabled  '><\/div>\n","protected":false},"excerpt":{"rendered":"","protected":false},"author":1,"featured_media":7378,"comment_status":"open","ping_status":"open","sticky":false,"template":"","format":"standard","meta":{"footnotes":""},"categories":[38],"tags":[],"class_list":["post-7377","post","type-post","status-publish","format-standard","has-post-thumbnail","hentry","category-regional"],"jetpack_featured_media_url":"https:\/\/radiorevelacionfm.cl\/wp-content\/uploads\/2021\/08\/feria-artesanal-Coyh-1-1.jpg","_links":{"self":[{"href":"https:\/\/radiorevelacionfm.cl\/index.php?rest_route=\/wp\/v2\/posts\/7377","targetHints":{"allow":["GET"]}}],"collection":[{"href":"https:\/\/radiorevelacionfm.cl\/index.php?rest_route=\/wp\/v2\/posts"}],"about":[{"href":"https:\/\/radiorevelacionfm.cl\/index.php?rest_route=\/wp\/v2\/types\/post"}],"author":[{"embeddable":true,"href":"https:\/\/radiorevelacionfm.cl\/index.php?rest_route=\/wp\/v2\/users\/1"}],"replies":[{"embeddable":true,"href":"https:\/\/radiorevelacionfm.cl\/index.php?rest_route=%2Fwp%2Fv2%2Fcomments&post=7377"}],"version-history":[{"count":1,"href":"https:\/\/radiorevelacionfm.cl\/index.php?rest_route=\/wp\/v2\/posts\/7377\/revisions"}],"predecessor-version":[{"id":7379,"href":"https:\/\/radiorevelacionfm.cl\/index.php?rest_route=\/wp\/v2\/posts\/7377\/revisions\/7379"}],"wp:featuredmedia":[{"embeddable":true,"href":"https:\/\/radiorevelacionfm.cl\/index.php?rest_route=\/wp\/v2\/media\/7378"}],"wp:attachment":[{"href":"https:\/\/radiorevelacionfm.cl\/index.php?rest_route=%2Fwp%2Fv2%2Fmedia&parent=7377"}],"wp:term":[{"taxonomy":"category","embeddable":true,"href":"https:\/\/radiorevelacionfm.cl\/index.php?rest_route=%2Fwp%2Fv2%2Fcategories&post=7377"},{"taxonomy":"post_tag","embeddable":true,"href":"https:\/\/radiorevelacionfm.cl\/index.php?rest_route=%2Fwp%2Fv2%2Ftags&post=7377"}],"curies":[{"name":"wp","href":"https:\/\/api.w.org\/{rel}","templated":true}]}}