{"id":7374,"date":"2021-08-12T10:20:46","date_gmt":"2021-08-12T13:20:46","guid":{"rendered":"https:\/\/radiorevelacionfm.cl\/?p=7374"},"modified":"2021-08-12T10:30:25","modified_gmt":"2021-08-12T13:30:25","slug":"hoy-inicia-periodo-de-postulacion-a-colegios-a-traves-de-sistema-de-admision-escolar-tramite-podra-hacerse-100-online","status":"publish","type":"post","link":"https:\/\/radiorevelacionfm.cl\/?p=7374","title":{"rendered":"Hoy comienza periodo de postulaci\u00f3n a colegios a trav\u00e9s de Sistema de Admisi\u00f3n Escolar, tr\u00e1mite podr\u00e1 hacerse 100% online"},"content":{"rendered":"<div class=\"flex_column av_one_full  flex_column_div av-zero-column-padding first  avia-builder-el-0  el_before_av_one_full  avia-builder-el-first  \" style='border-radius:0px; '><div  class='avia-image-container  av-styling-    avia-builder-el-1  avia-builder-el-no-sibling  avia-align-center '  itemprop=\"image\" itemscope=\"itemscope\" itemtype=\"https:\/\/schema.org\/ImageObject\"  ><div class='avia-image-container-inner'><div class='avia-image-overlay-wrap'><img decoding=\"async\" class='wp-image-7393 avia-img-lazy-loading-not-7393 avia_image' src=\"https:\/\/radiorevelacionfm.cl\/wp-content\/uploads\/2021\/08\/SAE1-2-1.jpeg\" alt='' title='SAE1 (2) (1)' height=\"600\" width=\"1007\"  itemprop=\"thumbnailUrl\" srcset=\"https:\/\/radiorevelacionfm.cl\/wp-content\/uploads\/2021\/08\/SAE1-2-1.jpeg 1007w, https:\/\/radiorevelacionfm.cl\/wp-content\/uploads\/2021\/08\/SAE1-2-1-300x179.jpeg 300w, https:\/\/radiorevelacionfm.cl\/wp-content\/uploads\/2021\/08\/SAE1-2-1-768x458.jpeg 768w, https:\/\/radiorevelacionfm.cl\/wp-content\/uploads\/2021\/08\/SAE1-2-1-705x420.jpeg 705w, https:\/\/radiorevelacionfm.cl\/wp-content\/uploads\/2021\/08\/SAE1-2-1-600x357.jpeg 600w\" sizes=\"(max-width: 1007px) 100vw, 1007px\" \/><\/div><\/div><\/div><\/div>\n<div class=\"flex_column av_one_full  flex_column_div av-zero-column-padding first  avia-builder-el-2  el_after_av_one_full  el_before_av_one_full  column-top-margin\" style='border-radius:0px; '><section class=\"av_textblock_section \"  itemscope=\"itemscope\" itemtype=\"https:\/\/schema.org\/BlogPosting\" itemprop=\"blogPost\" ><div class='avia_textblock  '   itemprop=\"text\" ><p style=\"text-align: center;\"><strong><span style=\"font-size: 18pt;\">Hoy comienza periodo de postulaci\u00f3n a colegios a trav\u00e9s de Sistema de Admisi\u00f3n Escolar, tr\u00e1mite podr\u00e1 hacerse 100% online<\/span><\/strong><\/p>\n<div id=\"gtx-trans\" style=\"position: absolute; left: -50px; top: 4.31534px;\">\n<div class=\"gtx-trans-icon\"><\/div>\n<\/div>\n<\/div><\/section><\/div><div class=\"flex_column av_one_full  flex_column_div av-zero-column-padding first  avia-builder-el-4  el_after_av_one_full  el_before_av_hr  column-top-margin\" style='border-radius:0px; '><section class=\"av_textblock_section \"  itemscope=\"itemscope\" itemtype=\"https:\/\/schema.org\/BlogPosting\" itemprop=\"blogPost\" ><div class='avia_textblock  '   itemprop=\"text\" ><p class=\"v1MsoNormal\" style=\"text-align: justify;\"><span lang=\"ES\">En todas las regiones habr\u00e1 puntos f\u00edsicos de apoyo a la postulaci\u00f3n para quienes tengan dudas sobre el proceso o baja conexi\u00f3n a internet.<\/span><\/p>\n<p class=\"v1MsoNormal\" style=\"text-align: justify;\"><span lang=\"ES\">El Subsecretario de Educaci\u00f3n, Jorge Poblete, anunci\u00f3 que desde este jueves 12 de agosto hasta el mi\u00e9rcoles 8 de septiembre todas las familias que deseen postular a sus hijos a colegios que reciben aportes del Estado podr\u00e1n hacerlo a trav\u00e9s de la plataforma web\u00a0<\/span><a href=\"http:\/\/www.sistemadeadmisionescolar.cl\/\" target=\"_blank\" rel=\"noopener noreferrer\"><span lang=\"ES\">www.sistemadeadmisionescolar.cl<\/span><\/a><span class=\"v1gmail-MsoHyperlink\"><span lang=\"ES\">.<\/span><\/span><\/p>\n<p class=\"v1MsoNormal\" style=\"text-align: justify;\"><span lang=\"ES\">Este sistema de admisi\u00f3n opera para aquellos apoderados que postulan a sus hijos por primera vez a un establecimiento p\u00fablico (Municipal o de Servicio Local de Educaci\u00f3n -SLE-) o Particular Subvencionado; para quienes deseen cambiar a sus hijos de establecimiento; quienes quieran reingresarlos al sistema educativo despu\u00e9s de haberlo abandonado; y para quienes actualmente asisten a un establecimiento que no ofrece continuidad para el nivel siguiente.<\/span><\/p>\n<p class=\"v1MsoNormal\" style=\"text-align: justify;\"><span lang=\"ES\">\u00abYa hay m\u00e1s de 30 mil familias que se han registrado de forma anticipada en la plataforma para familiarizarse con ella y revisar todos los proyectos educativos a los que pueden postular. Creemos que es muy importante que los apoderados cuenten con la mayor cantidad de informaci\u00f3n posible para tomar esta decisi\u00f3n tan importante para la educaci\u00f3n de sus hijos, y para esto, hemos puesto a disposici\u00f3n en el perfil de cada colegio informaci\u00f3n como indicadores de la Agencia de Calidad, convivencia escolar, qu\u00e9 talleres extraprogram\u00e1ticos ofrece el establecimiento, entre muchas otras variables que pueden interesar a los apoderados y alumnos\u00bb, coment\u00f3 el Subsecretario Jorge Poblete.<\/span><\/p>\n<p class=\"v1MsoNormal\" style=\"text-align: justify;\"><span lang=\"ES\">Por su parte, el Seremi de Educaci\u00f3n de Ays\u00e9n Sergio Becerra Mera detall\u00f3 que la postulaci\u00f3n se podr\u00e1 hacer de forma 100% digital en el mismo sitio web, pero si alguna familia tiene dudas sobre el proceso o tiene escaso acceso a internet, podr\u00e1 hacerlo en los puntos de apoyo a la postulaci\u00f3n f\u00edsicos que habr\u00e1 en todas las regiones del pa\u00eds.<\/span><\/p>\n<p class=\"v1MsoNormal\" style=\"text-align: justify;\"><span lang=\"ES\">\u00abEn nuestra regi\u00f3n contamos con puntos de apoyo a la postulaci\u00f3n que funcionan en las delegaciones provinciales, en la Secretar\u00eda Regional Ministerial, Oficina Ayuda Mineduc y Departamento Provincial de Educaci\u00f3n Coyhaique. Tambi\u00e9n realizaremos atenciones m\u00f3viles en terreno a apoderados en el centro de Coyhaique y en Puerto Ays\u00e9n. Si por alg\u00fan motivo los apoderados no pueden acceder a punto de postulaci\u00f3n, podr\u00e1n hacerlo v\u00eda telef\u00f3nica llamando a Ayuda Mineduc al 600 600 2626\u00bb, indic\u00f3 el seremi<\/span><\/p>\n<p class=\"v1MsoNormal\" style=\"text-align: justify;\"><b><span lang=\"ES\">Fechas importantes<\/span><\/b><\/p>\n<p class=\"v1MsoNormal\" style=\"text-align: justify;\">12 de agosto al 8 de septiembre: periodo principal de postulaci\u00f3n.<\/p>\n<p class=\"v1MsoNormal\" style=\"text-align: justify;\">20 de septiembre al 5 de octubre: procedimientos especiales de admisi\u00f3n (establecimientos que cuentan con Programa de Integraci\u00f3n Escolar (PIE), alta exigencia, o de especializaci\u00f3n temprana.<\/p>\n<p class=\"v1MsoNormal\" style=\"text-align: justify;\">25 al 29 de octubre: publicaci\u00f3n de resultado.<\/p>\n<p class=\"v1MsoNormal\" style=\"text-align: justify;\">23 al 30 de noviembre: periodo complementario de postulaci\u00f3n.<\/p>\n<p class=\"v1MsoNormal\" style=\"text-align: justify;\">14 de diciembre: publicaci\u00f3n de resultados del periodo complementario.<\/p>\n<p class=\"v1MsoNormal\" style=\"text-align: justify;\">15 al 27 de diciembre: periodo de matr\u00edcula en los establecimientos.<\/p>\n<\/div><\/section><\/div><\/p>\n<div  style='height:50px' class='hr hr-invisible   avia-builder-el-6  el_after_av_one_full  el_before_av_social_share '><span class='hr-inner ' ><span class='hr-inner-style'><\/span><\/span><\/div>\n<div  class='av-social-sharing-box  avia-builder-el-7  el_after_av_hr  el_before_av_hr  '><div class='av-share-box'><h5 class='av-share-link-description av-no-toc '>Compartir esta noticia<\/h5><ul class='av-share-box-list noLightbox'><li class='av-share-link av-social-link-facebook' ><a target=\"_blank\" aria-label=\"Compartir en Facebook\" href='https:\/\/www.facebook.com\/sharer.php?u=https:\/\/radiorevelacionfm.cl\/?p=7374&#038;t=Hoy%20comienza%20periodo%20de%20postulaci%C3%B3n%20a%20colegios%20a%20trav%C3%A9s%20de%20Sistema%20de%20Admisi%C3%B3n%20Escolar%2C%20tr%C3%A1mite%20podr%C3%A1%20hacerse%20100%25%20online' aria-hidden='false' data-av_icon='\ue8f3' data-av_iconfont='entypo-fontello' title='' data-avia-related-tooltip='Compartir en Facebook' rel=\"noopener\"><span class='avia_hidden_link_text'>Compartir en Facebook<\/span><\/a><\/li><li class='av-share-link av-social-link-twitter' ><a target=\"_blank\" aria-label=\"Compartir en Twitter\" href='https:\/\/twitter.com\/share?text=Hoy%20comienza%20periodo%20de%20postulaci%C3%B3n%20a%20colegios%20a%20trav%C3%A9s%20de%20Sistema%20de%20Admisi%C3%B3n%20Escolar%2C%20tr%C3%A1mite%20podr%C3%A1%20hacerse%20100%25%20online&#038;url=https:\/\/radiorevelacionfm.cl\/?p=7374' aria-hidden='false' data-av_icon='\ue8f1' data-av_iconfont='entypo-fontello' title='' data-avia-related-tooltip='Compartir en Twitter' rel=\"noopener\"><span class='avia_hidden_link_text'>Compartir en Twitter<\/span><\/a><\/li><li class='av-share-link av-social-link-whatsapp' ><a target=\"_blank\" aria-label=\"Compartir en Whatsapp\" href='https:\/\/api.whatsapp.com\/send?text=https:\/\/radiorevelacionfm.cl\/?p=7374' aria-hidden='false' data-av_icon='\uf232' data-av_iconfont='entypo-fontello' title='' data-avia-related-tooltip='Compartir en Whatsapp' rel=\"noopener\"><span class='avia_hidden_link_text'>Compartir en Whatsapp<\/span><\/a><\/li><li class='av-share-link av-social-link-linkedin' ><a target=\"_blank\" aria-label=\"Compartir en LinkedIn\" href='https:\/\/linkedin.com\/shareArticle?mini=true&#038;title=Hoy%20comienza%20periodo%20de%20postulaci%C3%B3n%20a%20colegios%20a%20trav%C3%A9s%20de%20Sistema%20de%20Admisi%C3%B3n%20Escolar%2C%20tr%C3%A1mite%20podr%C3%A1%20hacerse%20100%25%20online&#038;url=https:\/\/radiorevelacionfm.cl\/?p=7374' aria-hidden='false' data-av_icon='\ue8fc' data-av_iconfont='entypo-fontello' title='' data-avia-related-tooltip='Compartir en LinkedIn' rel=\"noopener\"><span class='avia_hidden_link_text'>Compartir en LinkedIn<\/span><\/a><\/li><li class='av-share-link av-social-link-mail' ><a  aria-label=\"Compartir por correo\" href='mailto:?subject=Hoy%20comienza%20periodo%20de%20postulaci%C3%B3n%20a%20colegios%20a%20trav%C3%A9s%20de%20Sistema%20de%20Admisi%C3%B3n%20Escolar%2C%20tr%C3%A1mite%20podr%C3%A1%20hacerse%20100%25%20online&#038;body=https:\/\/radiorevelacionfm.cl\/?p=7374' aria-hidden='false' data-av_icon='\ue805' data-av_iconfont='entypo-fontello' title='' data-avia-related-tooltip='Compartir por correo'><span class='avia_hidden_link_text'>Compartir por correo<\/span><\/a><\/li><\/ul><\/div><\/div>\n<div  style='height:50px' class='hr hr-invisible   avia-builder-el-8  el_after_av_social_share  el_before_av_comments_list '><span class='hr-inner ' ><span class='hr-inner-style'><\/span><\/span><\/div>\n<div  class='av-buildercomment  av-blog-meta-html-info-disabled av-blog-meta-tag-disabled  '><\/div>\n","protected":false},"excerpt":{"rendered":"","protected":false},"author":1,"featured_media":7393,"comment_status":"open","ping_status":"open","sticky":false,"template":"","format":"standard","meta":{"footnotes":""},"categories":[49],"tags":[],"class_list":["post-7374","post","type-post","status-publish","format-standard","has-post-thumbnail","hentry","category-educacion"],"jetpack_featured_media_url":"https:\/\/radiorevelacionfm.cl\/wp-content\/uploads\/2021\/08\/SAE1-2-1.jpeg","_links":{"self":[{"href":"https:\/\/radiorevelacionfm.cl\/index.php?rest_route=\/wp\/v2\/posts\/7374","targetHints":{"allow":["GET"]}}],"collection":[{"href":"https:\/\/radiorevelacionfm.cl\/index.php?rest_route=\/wp\/v2\/posts"}],"about":[{"href":"https:\/\/radiorevelacionfm.cl\/index.php?rest_route=\/wp\/v2\/types\/post"}],"author":[{"embeddable":true,"href":"https:\/\/radiorevelacionfm.cl\/index.php?rest_route=\/wp\/v2\/users\/1"}],"replies":[{"embeddable":true,"href":"https:\/\/radiorevelacionfm.cl\/index.php?rest_route=%2Fwp%2Fv2%2Fcomments&post=7374"}],"version-history":[{"count":4,"href":"https:\/\/radiorevelacionfm.cl\/index.php?rest_route=\/wp\/v2\/posts\/7374\/revisions"}],"predecessor-version":[{"id":7396,"href":"https:\/\/radiorevelacionfm.cl\/index.php?rest_route=\/wp\/v2\/posts\/7374\/revisions\/7396"}],"wp:featuredmedia":[{"embeddable":true,"href":"https:\/\/radiorevelacionfm.cl\/index.php?rest_route=\/wp\/v2\/media\/7393"}],"wp:attachment":[{"href":"https:\/\/radiorevelacionfm.cl\/index.php?rest_route=%2Fwp%2Fv2%2Fmedia&parent=7374"}],"wp:term":[{"taxonomy":"category","embeddable":true,"href":"https:\/\/radiorevelacionfm.cl\/index.php?rest_route=%2Fwp%2Fv2%2Fcategories&post=7374"},{"taxonomy":"post_tag","embeddable":true,"href":"https:\/\/radiorevelacionfm.cl\/index.php?rest_route=%2Fwp%2Fv2%2Ftags&post=7374"}],"curies":[{"name":"wp","href":"https:\/\/api.w.org\/{rel}","templated":true}]}}