{"id":7367,"date":"2021-08-11T20:05:38","date_gmt":"2021-08-11T23:05:38","guid":{"rendered":"https:\/\/radiorevelacionfm.cl\/?p=7367"},"modified":"2021-08-11T20:05:38","modified_gmt":"2021-08-11T23:05:38","slug":"alcalde-y-consejeros-de-la-provincia-aysen-se-reunieron-para-proyectar-desafios-comunes","status":"publish","type":"post","link":"https:\/\/radiorevelacionfm.cl\/?p=7367","title":{"rendered":"Alcalde y Consejeros de la Provincia Ays\u00e9n se reunieron para proyectar desaf\u00edos comunes"},"content":{"rendered":"<div class=\"flex_column av_one_full  flex_column_div av-zero-column-padding first  avia-builder-el-0  el_before_av_one_full  avia-builder-el-first  \" style='border-radius:0px; '><div  class='avia-image-container  av-styling-    avia-builder-el-1  avia-builder-el-no-sibling  avia-align-center '  itemprop=\"image\" itemscope=\"itemscope\" itemtype=\"https:\/\/schema.org\/ImageObject\"  ><div class='avia-image-container-inner'><div class='avia-image-overlay-wrap'><img decoding=\"async\" class='wp-image-7369 avia-img-lazy-loading-not-7369 avia_image' src=\"https:\/\/radiorevelacionfm.cl\/wp-content\/uploads\/2021\/08\/IMG-cores-muni2-1-1.jpeg\" alt='' title='IMG-cores-muni2 (1) (1)' height=\"600\" width=\"969\"  itemprop=\"thumbnailUrl\" srcset=\"https:\/\/radiorevelacionfm.cl\/wp-content\/uploads\/2021\/08\/IMG-cores-muni2-1-1.jpeg 969w, https:\/\/radiorevelacionfm.cl\/wp-content\/uploads\/2021\/08\/IMG-cores-muni2-1-1-300x186.jpeg 300w, https:\/\/radiorevelacionfm.cl\/wp-content\/uploads\/2021\/08\/IMG-cores-muni2-1-1-768x476.jpeg 768w, https:\/\/radiorevelacionfm.cl\/wp-content\/uploads\/2021\/08\/IMG-cores-muni2-1-1-705x437.jpeg 705w, https:\/\/radiorevelacionfm.cl\/wp-content\/uploads\/2021\/08\/IMG-cores-muni2-1-1-600x372.jpeg 600w\" sizes=\"(max-width: 969px) 100vw, 969px\" \/><\/div><\/div><\/div><\/div><div class=\"flex_column av_one_full  flex_column_div av-zero-column-padding first  avia-builder-el-2  el_after_av_one_full  el_before_av_one_full  column-top-margin\" style='border-radius:0px; '><section class=\"av_textblock_section \"  itemscope=\"itemscope\" itemtype=\"https:\/\/schema.org\/BlogPosting\" itemprop=\"blogPost\" ><div class='avia_textblock  '   itemprop=\"text\" ><p style=\"text-align: center;\"><strong><span style=\"font-size: 18pt;\">Alcalde y Consejeros de la Provincia Ays\u00e9n se reunieron para proyectar desaf\u00edos comunes <\/span><\/strong><\/p>\n<div id=\"gtx-trans\" style=\"position: absolute; left: -50px; top: 4.31534px;\">\n<div class=\"gtx-trans-icon\"><\/div>\n<\/div>\n<\/div><\/section><\/div><div class=\"flex_column av_one_full  flex_column_div av-zero-column-padding first  avia-builder-el-4  el_after_av_one_full  el_before_av_hr  column-top-margin\" style='border-radius:0px; '><section class=\"av_textblock_section \"  itemscope=\"itemscope\" itemtype=\"https:\/\/schema.org\/BlogPosting\" itemprop=\"blogPost\" ><div class='avia_textblock  '   itemprop=\"text\" ><p style=\"text-align: justify;\">Hasta el despacho del alcalde, Julio Uribe Alvarado, llegaron los Consejeros Regionales de la Provincia de Ays\u00e9n; Marcia Nahuelqu\u00edn, Eligio Montecinos, Sergio Gonz\u00e1lez y Luis Co\u00f1uecar para conversar con la primera autoridad comunal y abordar juntos los desaf\u00edos presentan los vecinos y vecinas que residen en las distintas localidades que componen la comuna de Ays\u00e9n. En la instancia, valorada por todos los asistentes, se destac\u00f3 la necesidad de avanzar en materia de transporte, conectividad y demandas sociales. Esto con el fin de contribuir mancomunadamente una agenda que responda a las necesidades que han plasmado los habitantes en los distintos di\u00e1logos sostenidos en sus comunidades.<\/p>\n<p style=\"text-align: justify;\">Ante esto, el alcalde de Ays\u00e9n, Julio Uribe destac\u00f3 la importancia del encuentro agregando que \u201cconstruimos una agenda de trabajo, nos vamos a juntar mensualmente para ver diferentes tem\u00e1ticas que tienen que ver con el Core y que beneficien al municipio para hacer gestiones tambi\u00e9n tanto a nivel regional como nacional. As\u00ed es que, muy contento esperar que este trabajo rinda los frutos y disponible al cien por ciento para poder trabajar\u201d.<\/p>\n<p style=\"text-align: justify;\">Para el consejero, Sergio Gonz\u00e1lez B\u00f3rquez, en este encuentro adem\u00e1s de realizar el respectivo saludo protocolar, el inter\u00e9s estuvo marcado en \u201cconcretar e ir trabajando ya en algunas tareas importantes que tienen que ver con el desarrollo y presentaci\u00f3n de proyectos\u201d. Recalcando que los cuatro representantes provinciales se encuentran disponibles para trabajar por la comuna de Ays\u00e9n e ir revisando las prioridades que presenta la zona.<\/p>\n<p style=\"text-align: justify;\">En tanto, la consejera, Marcia Nahuelqu\u00edn Delgado, coment\u00f3 que entre los aspectos tratados se encontraban las problem\u00e1ticas de Islas Huichas, proyectos de electrificaci\u00f3n y la generaci\u00f3n de una Casa de Acogida para los pacientes que provienen de las localidades apartadas y deben someterse a tratamiento en el Hospital de Puerto Ays\u00e9n. Por lo que manifest\u00f3 su disposici\u00f3n a trabajar en favor de la comunidad en las materias que pueda aportar.<\/p>\n<p style=\"text-align: justify;\">Mientras que, el consejero Eligio Montecinos Araya, detall\u00f3 que \u201cfue una conversaci\u00f3n franca en general de los proyectos, de las prioridades que tiene el alcalde y su concejo para enfrentar los desaf\u00edos de los a\u00f1os que deber\u00e1 administrar la comuna, por lo tanto, una reuni\u00f3n importante. Se abordaron algunas iniciativas y proyectos relevantes y como consejeros estamos atentos para defender, ayudar, hacer gesti\u00f3n ante el Core, la Gobernadora y el nivel central\u201d.<\/p>\n<p style=\"text-align: justify;\">Finalmente, el consejero Luis Co\u00f1uecar Lagos, realiz\u00f3 hincapi\u00e9 en la necesidad de realizar proyectos con la premura que se requiere, ya que en sus palabras \u201cno siempre ocurre porque existen diferentes razones o motivos por los cuales se van atrasando\u201d, pero para el integrante del m\u00e1ximo \u00f3rgano de deliberaci\u00f3n regional es importante materializar los requerimientos y anhelos de los vecinos que viven en la comuna de Ays\u00e9n y de los cuales la alcald\u00eda tambi\u00e9n ha sumado su compromiso.<\/p>\n<\/div><\/section><\/div><div  style='height:50px' class='hr hr-invisible   avia-builder-el-6  el_after_av_one_full  el_before_av_social_share '><span class='hr-inner ' ><span class='hr-inner-style'><\/span><\/span><\/div><\/p>\n<div  class='av-social-sharing-box  avia-builder-el-7  el_after_av_hr  el_before_av_hr  '><div class='av-share-box'><h5 class='av-share-link-description av-no-toc '>Compartir esta noticia<\/h5><ul class='av-share-box-list noLightbox'><li class='av-share-link av-social-link-facebook' ><a target=\"_blank\" aria-label=\"Compartir en Facebook\" href='https:\/\/www.facebook.com\/sharer.php?u=https:\/\/radiorevelacionfm.cl\/?p=7367&#038;t=Alcalde%20y%20Consejeros%20de%20la%20Provincia%20Ays%C3%A9n%20se%20reunieron%20para%20proyectar%20desaf%C3%ADos%20comunes' aria-hidden='false' data-av_icon='\ue8f3' data-av_iconfont='entypo-fontello' title='' data-avia-related-tooltip='Compartir en Facebook' rel=\"noopener\"><span class='avia_hidden_link_text'>Compartir en Facebook<\/span><\/a><\/li><li class='av-share-link av-social-link-twitter' ><a target=\"_blank\" aria-label=\"Compartir en Twitter\" href='https:\/\/twitter.com\/share?text=Alcalde%20y%20Consejeros%20de%20la%20Provincia%20Ays%C3%A9n%20se%20reunieron%20para%20proyectar%20desaf%C3%ADos%20comunes&#038;url=https:\/\/radiorevelacionfm.cl\/?p=7367' aria-hidden='false' data-av_icon='\ue8f1' data-av_iconfont='entypo-fontello' title='' data-avia-related-tooltip='Compartir en Twitter' rel=\"noopener\"><span class='avia_hidden_link_text'>Compartir en Twitter<\/span><\/a><\/li><li class='av-share-link av-social-link-whatsapp' ><a target=\"_blank\" aria-label=\"Compartir en Whatsapp\" href='https:\/\/api.whatsapp.com\/send?text=https:\/\/radiorevelacionfm.cl\/?p=7367' aria-hidden='false' data-av_icon='\uf232' data-av_iconfont='entypo-fontello' title='' data-avia-related-tooltip='Compartir en Whatsapp' rel=\"noopener\"><span class='avia_hidden_link_text'>Compartir en Whatsapp<\/span><\/a><\/li><li class='av-share-link av-social-link-linkedin' ><a target=\"_blank\" aria-label=\"Compartir en LinkedIn\" href='https:\/\/linkedin.com\/shareArticle?mini=true&#038;title=Alcalde%20y%20Consejeros%20de%20la%20Provincia%20Ays%C3%A9n%20se%20reunieron%20para%20proyectar%20desaf%C3%ADos%20comunes&#038;url=https:\/\/radiorevelacionfm.cl\/?p=7367' aria-hidden='false' data-av_icon='\ue8fc' data-av_iconfont='entypo-fontello' title='' data-avia-related-tooltip='Compartir en LinkedIn' rel=\"noopener\"><span class='avia_hidden_link_text'>Compartir en LinkedIn<\/span><\/a><\/li><li class='av-share-link av-social-link-mail' ><a  aria-label=\"Compartir por correo\" href='mailto:?subject=Alcalde%20y%20Consejeros%20de%20la%20Provincia%20Ays%C3%A9n%20se%20reunieron%20para%20proyectar%20desaf%C3%ADos%20comunes&#038;body=https:\/\/radiorevelacionfm.cl\/?p=7367' aria-hidden='false' data-av_icon='\ue805' data-av_iconfont='entypo-fontello' title='' data-avia-related-tooltip='Compartir por correo'><span class='avia_hidden_link_text'>Compartir por correo<\/span><\/a><\/li><\/ul><\/div><\/div>\n<div  style='height:50px' class='hr hr-invisible   avia-builder-el-8  el_after_av_social_share  el_before_av_comments_list '><span class='hr-inner ' ><span class='hr-inner-style'><\/span><\/span><\/div>\n<div  class='av-buildercomment  av-blog-meta-html-info-disabled av-blog-meta-tag-disabled  '><\/div>\n","protected":false},"excerpt":{"rendered":"","protected":false},"author":1,"featured_media":7369,"comment_status":"open","ping_status":"open","sticky":false,"template":"","format":"standard","meta":{"footnotes":""},"categories":[38],"tags":[],"class_list":["post-7367","post","type-post","status-publish","format-standard","has-post-thumbnail","hentry","category-regional"],"jetpack_featured_media_url":"https:\/\/radiorevelacionfm.cl\/wp-content\/uploads\/2021\/08\/IMG-cores-muni2-1-1.jpeg","_links":{"self":[{"href":"https:\/\/radiorevelacionfm.cl\/index.php?rest_route=\/wp\/v2\/posts\/7367","targetHints":{"allow":["GET"]}}],"collection":[{"href":"https:\/\/radiorevelacionfm.cl\/index.php?rest_route=\/wp\/v2\/posts"}],"about":[{"href":"https:\/\/radiorevelacionfm.cl\/index.php?rest_route=\/wp\/v2\/types\/post"}],"author":[{"embeddable":true,"href":"https:\/\/radiorevelacionfm.cl\/index.php?rest_route=\/wp\/v2\/users\/1"}],"replies":[{"embeddable":true,"href":"https:\/\/radiorevelacionfm.cl\/index.php?rest_route=%2Fwp%2Fv2%2Fcomments&post=7367"}],"version-history":[{"count":1,"href":"https:\/\/radiorevelacionfm.cl\/index.php?rest_route=\/wp\/v2\/posts\/7367\/revisions"}],"predecessor-version":[{"id":7370,"href":"https:\/\/radiorevelacionfm.cl\/index.php?rest_route=\/wp\/v2\/posts\/7367\/revisions\/7370"}],"wp:featuredmedia":[{"embeddable":true,"href":"https:\/\/radiorevelacionfm.cl\/index.php?rest_route=\/wp\/v2\/media\/7369"}],"wp:attachment":[{"href":"https:\/\/radiorevelacionfm.cl\/index.php?rest_route=%2Fwp%2Fv2%2Fmedia&parent=7367"}],"wp:term":[{"taxonomy":"category","embeddable":true,"href":"https:\/\/radiorevelacionfm.cl\/index.php?rest_route=%2Fwp%2Fv2%2Fcategories&post=7367"},{"taxonomy":"post_tag","embeddable":true,"href":"https:\/\/radiorevelacionfm.cl\/index.php?rest_route=%2Fwp%2Fv2%2Ftags&post=7367"}],"curies":[{"name":"wp","href":"https:\/\/api.w.org\/{rel}","templated":true}]}}