{"id":7364,"date":"2021-08-11T18:03:01","date_gmt":"2021-08-11T21:03:01","guid":{"rendered":"https:\/\/radiorevelacionfm.cl\/?p=7364"},"modified":"2021-08-11T18:03:01","modified_gmt":"2021-08-11T21:03:01","slug":"condenan-a-9-anos-de-presidio-efectivo-a-autor-de-tenencia-ilegal-de-armas-de-fuego-y-municiones","status":"publish","type":"post","link":"https:\/\/radiorevelacionfm.cl\/?p=7364","title":{"rendered":"Condenan a 9 a\u00f1os de presidio efectivo a autor de tenencia ilegal de armas de fuego y municiones"},"content":{"rendered":"<div class=\"flex_column av_one_full  flex_column_div av-zero-column-padding first  avia-builder-el-0  el_before_av_one_full  avia-builder-el-first  \" style='border-radius:0px; '><div  class='avia-image-container  av-styling-    avia-builder-el-1  avia-builder-el-no-sibling  avia-align-center '  itemprop=\"image\" itemscope=\"itemscope\" itemtype=\"https:\/\/schema.org\/ImageObject\"  ><div class='avia-image-container-inner'><div class='avia-image-overlay-wrap'><img decoding=\"async\" class='wp-image-7365 avia-img-lazy-loading-not-7365 avia_image' src=\"https:\/\/radiorevelacionfm.cl\/wp-content\/uploads\/2021\/08\/Foto-audiencia-virtual-08-1-1.jpg\" alt='' title='Foto audiencia virtual 08 (1) (1)' height=\"600\" width=\"1049\"  itemprop=\"thumbnailUrl\" srcset=\"https:\/\/radiorevelacionfm.cl\/wp-content\/uploads\/2021\/08\/Foto-audiencia-virtual-08-1-1.jpg 1049w, https:\/\/radiorevelacionfm.cl\/wp-content\/uploads\/2021\/08\/Foto-audiencia-virtual-08-1-1-300x172.jpg 300w, https:\/\/radiorevelacionfm.cl\/wp-content\/uploads\/2021\/08\/Foto-audiencia-virtual-08-1-1-1030x589.jpg 1030w, https:\/\/radiorevelacionfm.cl\/wp-content\/uploads\/2021\/08\/Foto-audiencia-virtual-08-1-1-768x439.jpg 768w, https:\/\/radiorevelacionfm.cl\/wp-content\/uploads\/2021\/08\/Foto-audiencia-virtual-08-1-1-705x403.jpg 705w, https:\/\/radiorevelacionfm.cl\/wp-content\/uploads\/2021\/08\/Foto-audiencia-virtual-08-1-1-600x343.jpg 600w\" sizes=\"(max-width: 1049px) 100vw, 1049px\" \/><\/div><\/div><\/div><\/div><div class=\"flex_column av_one_full  flex_column_div av-zero-column-padding first  avia-builder-el-2  el_after_av_one_full  el_before_av_one_full  column-top-margin\" style='border-radius:0px; '><section class=\"av_textblock_section \"  itemscope=\"itemscope\" itemtype=\"https:\/\/schema.org\/BlogPosting\" itemprop=\"blogPost\" ><div class='avia_textblock  '   itemprop=\"text\" ><p style=\"text-align: center;\"><strong><span style=\"font-size: 18pt;\">Condenan a 9 a\u00f1os de presidio efectivo a autor de tenencia ilegal de armas de fuego y municiones <\/span><\/strong><\/p>\n<div id=\"gtx-trans\" style=\"position: absolute; left: -50px; top: 4.31534px;\">\n<div class=\"gtx-trans-icon\"><\/div>\n<\/div>\n<\/div><\/section><\/div><div class=\"flex_column av_one_full  flex_column_div av-zero-column-padding first  avia-builder-el-4  el_after_av_one_full  el_before_av_hr  column-top-margin\" style='border-radius:0px; '><section class=\"av_textblock_section \"  itemscope=\"itemscope\" itemtype=\"https:\/\/schema.org\/BlogPosting\" itemprop=\"blogPost\" ><div class='avia_textblock  '   itemprop=\"text\" ><p style=\"font-weight: 400; text-align: justify;\">El Tribunal de Juicio Oral en lo Penal de Coyhaique conden\u00f3 a J.C.E.V.R. a las penas efectivas de 4 a\u00f1os, 3 a\u00f1os y un d\u00eda y 2 a\u00f1os de presidio, en calidad de autor de los delitos consumados de tenencia ilegal de armas de fuego, tenencia ilegal de arma de fuego con n\u00famero de serie borrado y tenencia ilegal de municiones, respectivamente. Il\u00edcitos perpetrados en octubre del a\u00f1o pasado, en la comuna.<\/p>\n<p style=\"font-weight: 400; text-align: justify;\">En fallo un\u00e1nime (causa rol 13-2021), el tribunal \u2013integrado por los magistrados Patricio Z\u00fa\u00f1iga Valenzuela (presidente), Pablo Freire Gavil\u00e1n y M\u00f3nica Coloma Pulgar (redactora)\u2013 aplic\u00f3, adem\u00e1s, las accesorias legales de\u00a0inhabilitaci\u00f3n absoluta perpetua para derechos pol\u00edticos y la inhabilitaci\u00f3n absoluta para cargos y oficios p\u00fablicos mientras duren las condenas por tenencia de\u00a0armas; m\u00e1s la suspensi\u00f3n de cargos y oficios p\u00fablicos mientras dure la condena por la tenencia de municiones.<\/p>\n<p style=\"font-weight: 400; text-align: justify;\">En la causa, el tribunal decret\u00f3 la absoluci\u00f3n de\u00a0J.C.E.V.R.\u00a0de los cargos formulados en su contra por el Ministerio P\u00fablico, que lo sindicaban como autor de los delitos de tr\u00e1fico il\u00edcito de drogas y receptaci\u00f3n de arma de fuego, al no haberse acreditado la comisi\u00f3n de los il\u00edcitos y, consecuencialmente, la participaci\u00f3n culpable del acusado.\u00a0Asimismo, se orden\u00f3 el comiso de las armas y municiones incautadas.<\/p>\n<p style=\"font-weight: 400; text-align: justify;\">El tribunal dio por acreditado, m\u00e1s all\u00e1 de toda duda razonable, que en horas de la tarde del 19 de octubre de 2020, personal de la Brigada Antinarc\u00f3ticos de la Polic\u00eda de Investigaciones de Coyhaique ingres\u00f3 al domicilio del acusado, lugar en que pose\u00eda y manten\u00eda en el segundo piso del inmueble, una escopeta calibre 12, marca Sarrasqueta, y una escopeta calibre 16, marca CBC\/Magtech. En tanto, en la cocina del inmueble se incaut\u00f3 una pistola marca Taurus modelo PT99 AF, calibre 9 mil\u00edmetros con el n\u00famero de serie borrado, preparada con una munici\u00f3n en la rec\u00e1mara y con 15 municiones en el cargador, m\u00e1s una caja con 25 cartuchos en su interior, calibre 16.<\/p>\n<p style=\"font-weight: 400; text-align: justify;\">Asimismo, en la bodega del inmueble la polic\u00eda descubri\u00f3 una caja de cart\u00f3n contenedora de 154 cartuchos de escopeta calibre 16; 100 cartuchos de escopeta calibre 12; 250 cartuchos calibre 22; 200 cartuchos calibre 9 mil\u00edmetros y 80 cartuchos calibre 38. M\u00e1s una caja de cart\u00f3n con la leyenda \u201cFederal Ammunition\u201d contenedora de 392 cartuchos calibre 9 mil\u00edmetros y un cartucho calibre 308.<\/p>\n<p style=\"font-weight: 400; text-align: justify;\">Finalmente, en un cielo falso de la bodega,\u00a0J.C.E.V.R.\u00a0ocultaba un rev\u00f3lver marca Pasper, calibre 22, con ocho municiones en el tambor; y en una c\u00f3moda de la dependencia destinada a dormitorio, se hall\u00f3 un cargador de arma de fuego contenedor de 16 cartuchos calibre 9 mil\u00edmetros y un cartucho del mismo calibre, en el velador de la habitaci\u00f3n.<\/p>\n<\/div><\/section><\/div><div  style='height:50px' class='hr hr-invisible   avia-builder-el-6  el_after_av_one_full  el_before_av_social_share '><span class='hr-inner ' ><span class='hr-inner-style'><\/span><\/span><\/div><\/p>\n<div  class='av-social-sharing-box  avia-builder-el-7  el_after_av_hr  el_before_av_hr  '><div class='av-share-box'><h5 class='av-share-link-description av-no-toc '>Compartir esta noticia<\/h5><ul class='av-share-box-list noLightbox'><li class='av-share-link av-social-link-facebook' ><a target=\"_blank\" aria-label=\"Compartir en Facebook\" href='https:\/\/www.facebook.com\/sharer.php?u=https:\/\/radiorevelacionfm.cl\/?p=7364&#038;t=Condenan%20a%209%20a%C3%B1os%20de%20presidio%20efectivo%20a%20autor%20de%20tenencia%20ilegal%20de%20armas%20de%20fuego%20y%20municiones' aria-hidden='false' data-av_icon='\ue8f3' data-av_iconfont='entypo-fontello' title='' data-avia-related-tooltip='Compartir en Facebook' rel=\"noopener\"><span class='avia_hidden_link_text'>Compartir en Facebook<\/span><\/a><\/li><li class='av-share-link av-social-link-twitter' ><a target=\"_blank\" aria-label=\"Compartir en Twitter\" href='https:\/\/twitter.com\/share?text=Condenan%20a%209%20a%C3%B1os%20de%20presidio%20efectivo%20a%20autor%20de%20tenencia%20ilegal%20de%20armas%20de%20fuego%20y%20municiones&#038;url=https:\/\/radiorevelacionfm.cl\/?p=7364' aria-hidden='false' data-av_icon='\ue8f1' data-av_iconfont='entypo-fontello' title='' data-avia-related-tooltip='Compartir en Twitter' rel=\"noopener\"><span class='avia_hidden_link_text'>Compartir en Twitter<\/span><\/a><\/li><li class='av-share-link av-social-link-whatsapp' ><a target=\"_blank\" aria-label=\"Compartir en Whatsapp\" href='https:\/\/api.whatsapp.com\/send?text=https:\/\/radiorevelacionfm.cl\/?p=7364' aria-hidden='false' data-av_icon='\uf232' data-av_iconfont='entypo-fontello' title='' data-avia-related-tooltip='Compartir en Whatsapp' rel=\"noopener\"><span class='avia_hidden_link_text'>Compartir en Whatsapp<\/span><\/a><\/li><li class='av-share-link av-social-link-linkedin' ><a target=\"_blank\" aria-label=\"Compartir en LinkedIn\" href='https:\/\/linkedin.com\/shareArticle?mini=true&#038;title=Condenan%20a%209%20a%C3%B1os%20de%20presidio%20efectivo%20a%20autor%20de%20tenencia%20ilegal%20de%20armas%20de%20fuego%20y%20municiones&#038;url=https:\/\/radiorevelacionfm.cl\/?p=7364' aria-hidden='false' data-av_icon='\ue8fc' data-av_iconfont='entypo-fontello' title='' data-avia-related-tooltip='Compartir en LinkedIn' rel=\"noopener\"><span class='avia_hidden_link_text'>Compartir en LinkedIn<\/span><\/a><\/li><li class='av-share-link av-social-link-mail' ><a  aria-label=\"Compartir por correo\" href='mailto:?subject=Condenan%20a%209%20a%C3%B1os%20de%20presidio%20efectivo%20a%20autor%20de%20tenencia%20ilegal%20de%20armas%20de%20fuego%20y%20municiones&#038;body=https:\/\/radiorevelacionfm.cl\/?p=7364' aria-hidden='false' data-av_icon='\ue805' data-av_iconfont='entypo-fontello' title='' data-avia-related-tooltip='Compartir por correo'><span class='avia_hidden_link_text'>Compartir por correo<\/span><\/a><\/li><\/ul><\/div><\/div>\n<div  style='height:50px' class='hr hr-invisible   avia-builder-el-8  el_after_av_social_share  el_before_av_comments_list '><span class='hr-inner ' ><span class='hr-inner-style'><\/span><\/span><\/div>\n<div  class='av-buildercomment  av-blog-meta-html-info-disabled av-blog-meta-tag-disabled  '><\/div>\n","protected":false},"excerpt":{"rendered":"","protected":false},"author":1,"featured_media":7365,"comment_status":"open","ping_status":"open","sticky":false,"template":"","format":"standard","meta":{"footnotes":""},"categories":[55],"tags":[],"class_list":["post-7364","post","type-post","status-publish","format-standard","has-post-thumbnail","hentry","category-justicia"],"jetpack_featured_media_url":"https:\/\/radiorevelacionfm.cl\/wp-content\/uploads\/2021\/08\/Foto-audiencia-virtual-08-1-1.jpg","_links":{"self":[{"href":"https:\/\/radiorevelacionfm.cl\/index.php?rest_route=\/wp\/v2\/posts\/7364","targetHints":{"allow":["GET"]}}],"collection":[{"href":"https:\/\/radiorevelacionfm.cl\/index.php?rest_route=\/wp\/v2\/posts"}],"about":[{"href":"https:\/\/radiorevelacionfm.cl\/index.php?rest_route=\/wp\/v2\/types\/post"}],"author":[{"embeddable":true,"href":"https:\/\/radiorevelacionfm.cl\/index.php?rest_route=\/wp\/v2\/users\/1"}],"replies":[{"embeddable":true,"href":"https:\/\/radiorevelacionfm.cl\/index.php?rest_route=%2Fwp%2Fv2%2Fcomments&post=7364"}],"version-history":[{"count":1,"href":"https:\/\/radiorevelacionfm.cl\/index.php?rest_route=\/wp\/v2\/posts\/7364\/revisions"}],"predecessor-version":[{"id":7366,"href":"https:\/\/radiorevelacionfm.cl\/index.php?rest_route=\/wp\/v2\/posts\/7364\/revisions\/7366"}],"wp:featuredmedia":[{"embeddable":true,"href":"https:\/\/radiorevelacionfm.cl\/index.php?rest_route=\/wp\/v2\/media\/7365"}],"wp:attachment":[{"href":"https:\/\/radiorevelacionfm.cl\/index.php?rest_route=%2Fwp%2Fv2%2Fmedia&parent=7364"}],"wp:term":[{"taxonomy":"category","embeddable":true,"href":"https:\/\/radiorevelacionfm.cl\/index.php?rest_route=%2Fwp%2Fv2%2Fcategories&post=7364"},{"taxonomy":"post_tag","embeddable":true,"href":"https:\/\/radiorevelacionfm.cl\/index.php?rest_route=%2Fwp%2Fv2%2Ftags&post=7364"}],"curies":[{"name":"wp","href":"https:\/\/api.w.org\/{rel}","templated":true}]}}