{"id":7358,"date":"2021-08-11T17:39:19","date_gmt":"2021-08-11T20:39:19","guid":{"rendered":"https:\/\/radiorevelacionfm.cl\/?p=7358"},"modified":"2021-08-11T17:42:28","modified_gmt":"2021-08-11T20:42:28","slug":"senado-respalda-iniciativa-de-sandoval-que-solicita-declarar-la-obesidad-como-enfermedad-cronica","status":"publish","type":"post","link":"https:\/\/radiorevelacionfm.cl\/?p=7358","title":{"rendered":"Senado respalda iniciativa de Sandoval que solicita declarar la Obesidad como enfermedad cr\u00f3nica"},"content":{"rendered":"<div class=\"flex_column av_one_full  flex_column_div av-zero-column-padding first  avia-builder-el-0  el_before_av_one_full  avia-builder-el-first  \" style='border-radius:0px; '><div  class='avia-image-container  av-styling-    avia-builder-el-1  avia-builder-el-no-sibling  avia-align-center '  itemprop=\"image\" itemscope=\"itemscope\" itemtype=\"https:\/\/schema.org\/ImageObject\"  ><div class='avia-image-container-inner'><div class='avia-image-overlay-wrap'><img decoding=\"async\" class='wp-image-7361 avia-img-lazy-loading-not-7361 avia_image' src=\"https:\/\/radiorevelacionfm.cl\/wp-content\/uploads\/2021\/08\/APROBADO-PROYECTO-ACUERDOI-1-1.jpg\" alt='' title='APROBADO PROYECTO ACUERDOI (1) (1)' height=\"600\" width=\"1064\"  itemprop=\"thumbnailUrl\" srcset=\"https:\/\/radiorevelacionfm.cl\/wp-content\/uploads\/2021\/08\/APROBADO-PROYECTO-ACUERDOI-1-1.jpg 1064w, https:\/\/radiorevelacionfm.cl\/wp-content\/uploads\/2021\/08\/APROBADO-PROYECTO-ACUERDOI-1-1-300x169.jpg 300w, https:\/\/radiorevelacionfm.cl\/wp-content\/uploads\/2021\/08\/APROBADO-PROYECTO-ACUERDOI-1-1-1030x581.jpg 1030w, https:\/\/radiorevelacionfm.cl\/wp-content\/uploads\/2021\/08\/APROBADO-PROYECTO-ACUERDOI-1-1-768x433.jpg 768w, https:\/\/radiorevelacionfm.cl\/wp-content\/uploads\/2021\/08\/APROBADO-PROYECTO-ACUERDOI-1-1-705x398.jpg 705w, https:\/\/radiorevelacionfm.cl\/wp-content\/uploads\/2021\/08\/APROBADO-PROYECTO-ACUERDOI-1-1-600x338.jpg 600w\" sizes=\"(max-width: 1064px) 100vw, 1064px\" \/><\/div><\/div><\/div><\/div><div class=\"flex_column av_one_full  flex_column_div av-zero-column-padding first  avia-builder-el-2  el_after_av_one_full  el_before_av_one_full  column-top-margin\" style='border-radius:0px; '><section class=\"av_textblock_section \"  itemscope=\"itemscope\" itemtype=\"https:\/\/schema.org\/BlogPosting\" itemprop=\"blogPost\" ><div class='avia_textblock  '   itemprop=\"text\" ><p style=\"text-align: center;\"><strong><span style=\"font-size: 18pt;\">Senado respalda iniciativa de Sandoval que solicita declarar la Obesidad como enfermedad cr\u00f3nica <\/span><\/strong><\/p>\n<div id=\"gtx-trans\" style=\"position: absolute; left: -50px; top: 4.31534px;\">\n<div class=\"gtx-trans-icon\"><\/div>\n<\/div>\n<\/div><\/section><\/div><\/p>\n<div class=\"flex_column av_one_full  flex_column_div av-zero-column-padding first  avia-builder-el-4  el_after_av_one_full  el_before_av_hr  column-top-margin\" style='border-radius:0px; '><section class=\"av_textblock_section \"  itemscope=\"itemscope\" itemtype=\"https:\/\/schema.org\/BlogPosting\" itemprop=\"blogPost\" ><div class='avia_textblock  '   itemprop=\"text\" ><p style=\"text-align: justify;\">Por unanimidad, la Sala de la C\u00e1mara Alta, aprob\u00f3 un proyecto de acuerdo del senador David Sandoval que busca declarar la obesidad como una enfermedad cr\u00f3nica y que se elabore un programa interdisciplinario de prevenci\u00f3n, alimentaci\u00f3n sana, pr\u00e1ctica del deporte y promoci\u00f3n de h\u00e1bitos saludables.<\/p>\n<p style=\"text-align: justify;\">Seg\u00fan datos publicados por la Organizaci\u00f3n Mundial de la Salud -OMS- en 2016, tres de cada diez habitantes del planeta -m\u00e1s de 2.200 millones de personas- ten\u00edan sobrepeso, de las cuales casi 800 millones sufr\u00edan obesidad. Seg\u00fan la OMS, semejante alcance convierte a la obesidad en algo no solo est\u00e9tico, sino que mucho m\u00e1s grave, calificando a la obesidad como \u00abuna epidemia global del siglo XXI\u00bb, pues es la causa para que se desencadenen numerosos y peligrosos problemas de salud.<\/p>\n<p style=\"text-align: justify;\">Por su parte, en su reporte de 2019 sobre la Salud P\u00fablica de Chile, la OCDE indicaba que en el a\u00f1o 2016, un 40% de la poblaci\u00f3n chilena ten\u00eda sobrepeso y que un 34,4% era obeso. De acuerdo a sus estad\u00edsticas, tales \u00edndices ser\u00edan de los m\u00e1s altos dentro de los pa\u00edses OCDE.<\/p>\n<p style=\"text-align: justify;\">Al respecto, la Encuesta Nacional de Salud realizada por el Ministerio de Salud ha mostrado que no se han conseguido progresos en la reducci\u00f3n en la prevalencia del sobrepeso y la obesidad en los \u00faltimos 15 a\u00f1os.<\/p>\n<p style=\"text-align: justify;\">Adem\u00e1s, un Informe elaborado por la propia Biblioteca del Congreso Nacional, destaca las cifras derivadas de la Encuesta Nacional de Salud durante el per\u00edodo 2016 \u2013 2017 y publicada en 2018, concluyendo que cerca de dos tercios de la poblaci\u00f3n de Chile tiene \u201c<em>malnutrici\u00f3n por exceso<\/em>\u201d.<\/p>\n<p style=\"text-align: justify;\">De ah\u00ed la importancia que el senador Sandoval le da al desarrollo de esta iniciativa, destacando el consenso transversal respecto a que la obesidad debe abordarse como una enfermedad cr\u00f3nica, problem\u00e1tica que ha abordado en reuniones con dirigentes de la agrupaci\u00f3n Esperanza y Vida de Puerto Ays\u00e9n, presidida por Jaqueline Melinao, quienes junto a la ONG 300 mil M\u00f3rbidos, han insistido en la importancia de poder avanzar en la concreci\u00f3n de este tema.<\/p>\n<p style=\"text-align: justify;\"><strong>Programa interdisciplinario de prevenci\u00f3n <\/strong><\/p>\n<p style=\"text-align: justify;\">En el mismo proyecto de acuerdo, se hace referencia a la necesidad de que junto con declarar la obesidad como una enfermedad cr\u00f3nica, tambi\u00e9n se tiene que poner en marcha el dise\u00f1o, promoci\u00f3n, ejecuci\u00f3n y acompa\u00f1amiento de un conjunto de programas que impulsen las acciones preventivas en salud, centrados en la promoci\u00f3n de h\u00e1bitos de vida saludables en los entornos familiares, escuela, trabajo y comunidades, en los distintos niveles de la esfera p\u00fablica, privada y de la sociedad civil.<\/p>\n<p style=\"text-align: justify;\">Asimismo, articular programas saludables de alimentaci\u00f3n en los distintos niveles de la educaci\u00f3n, que incentiven a los infantes, ni\u00f1os y j\u00f3venes a reconocer el valor de consumir alimentos saludables, que aporten la energ\u00eda y nutrientes que aporten los elementos necesarios para un mejor desarrollo y funcionamiento f\u00edsico e intelectual.<\/p>\n<p style=\"text-align: justify;\">Finalmente, se plantea incorporar y financiar programas y prestaciones de salud preventiva en los sistemas de salud previsional y de seguridad laboral, con metas anuales y trienales de cobertura en la atenci\u00f3n de salud, con cuentas p\u00fablicas que informen de los acciones y resultados por sub-sistemas, regiones, municipios y sectores de la poblaci\u00f3n, que den cuenta de relaciones eficientes de costo \u2013 efectividad de las pol\u00edticas.<\/p>\n<\/div><\/section><\/div>\n<div  style='height:50px' class='hr hr-invisible   avia-builder-el-6  el_after_av_one_full  el_before_av_social_share '><span class='hr-inner ' ><span class='hr-inner-style'><\/span><\/span><\/div>\n<div  class='av-social-sharing-box  avia-builder-el-7  el_after_av_hr  el_before_av_hr  '><div class='av-share-box'><h5 class='av-share-link-description av-no-toc '>Compartir esta noticia<\/h5><ul class='av-share-box-list noLightbox'><li class='av-share-link av-social-link-facebook' ><a target=\"_blank\" aria-label=\"Compartir en Facebook\" href='https:\/\/www.facebook.com\/sharer.php?u=https:\/\/radiorevelacionfm.cl\/?p=7358&#038;t=Senado%20respalda%20iniciativa%20de%20Sandoval%20que%20solicita%20declarar%20la%20Obesidad%20como%20enfermedad%20cr%C3%B3nica' aria-hidden='false' data-av_icon='\ue8f3' data-av_iconfont='entypo-fontello' title='' data-avia-related-tooltip='Compartir en Facebook' rel=\"noopener\"><span class='avia_hidden_link_text'>Compartir en Facebook<\/span><\/a><\/li><li class='av-share-link av-social-link-twitter' ><a target=\"_blank\" aria-label=\"Compartir en Twitter\" href='https:\/\/twitter.com\/share?text=Senado%20respalda%20iniciativa%20de%20Sandoval%20que%20solicita%20declarar%20la%20Obesidad%20como%20enfermedad%20cr%C3%B3nica&#038;url=https:\/\/radiorevelacionfm.cl\/?p=7358' aria-hidden='false' data-av_icon='\ue8f1' data-av_iconfont='entypo-fontello' title='' data-avia-related-tooltip='Compartir en Twitter' rel=\"noopener\"><span class='avia_hidden_link_text'>Compartir en Twitter<\/span><\/a><\/li><li class='av-share-link av-social-link-whatsapp' ><a target=\"_blank\" aria-label=\"Compartir en Whatsapp\" href='https:\/\/api.whatsapp.com\/send?text=https:\/\/radiorevelacionfm.cl\/?p=7358' aria-hidden='false' data-av_icon='\uf232' data-av_iconfont='entypo-fontello' title='' data-avia-related-tooltip='Compartir en Whatsapp' rel=\"noopener\"><span class='avia_hidden_link_text'>Compartir en Whatsapp<\/span><\/a><\/li><li class='av-share-link av-social-link-linkedin' ><a target=\"_blank\" aria-label=\"Compartir en LinkedIn\" href='https:\/\/linkedin.com\/shareArticle?mini=true&#038;title=Senado%20respalda%20iniciativa%20de%20Sandoval%20que%20solicita%20declarar%20la%20Obesidad%20como%20enfermedad%20cr%C3%B3nica&#038;url=https:\/\/radiorevelacionfm.cl\/?p=7358' aria-hidden='false' data-av_icon='\ue8fc' data-av_iconfont='entypo-fontello' title='' data-avia-related-tooltip='Compartir en LinkedIn' rel=\"noopener\"><span class='avia_hidden_link_text'>Compartir en LinkedIn<\/span><\/a><\/li><li class='av-share-link av-social-link-mail' ><a  aria-label=\"Compartir por correo\" href='mailto:?subject=Senado%20respalda%20iniciativa%20de%20Sandoval%20que%20solicita%20declarar%20la%20Obesidad%20como%20enfermedad%20cr%C3%B3nica&#038;body=https:\/\/radiorevelacionfm.cl\/?p=7358' aria-hidden='false' data-av_icon='\ue805' data-av_iconfont='entypo-fontello' title='' data-avia-related-tooltip='Compartir por correo'><span class='avia_hidden_link_text'>Compartir por correo<\/span><\/a><\/li><\/ul><\/div><\/div>\n<div  style='height:50px' class='hr hr-invisible   avia-builder-el-8  el_after_av_social_share  el_before_av_comments_list '><span class='hr-inner ' ><span class='hr-inner-style'><\/span><\/span><\/div>\n<div  class='av-buildercomment  av-blog-meta-html-info-disabled av-blog-meta-tag-disabled  '><\/div>\n","protected":false},"excerpt":{"rendered":"","protected":false},"author":1,"featured_media":7361,"comment_status":"open","ping_status":"open","sticky":false,"template":"","format":"standard","meta":{"footnotes":""},"categories":[35],"tags":[],"class_list":["post-7358","post","type-post","status-publish","format-standard","has-post-thumbnail","hentry","category-politica"],"jetpack_featured_media_url":"https:\/\/radiorevelacionfm.cl\/wp-content\/uploads\/2021\/08\/APROBADO-PROYECTO-ACUERDOI-1-1.jpg","_links":{"self":[{"href":"https:\/\/radiorevelacionfm.cl\/index.php?rest_route=\/wp\/v2\/posts\/7358","targetHints":{"allow":["GET"]}}],"collection":[{"href":"https:\/\/radiorevelacionfm.cl\/index.php?rest_route=\/wp\/v2\/posts"}],"about":[{"href":"https:\/\/radiorevelacionfm.cl\/index.php?rest_route=\/wp\/v2\/types\/post"}],"author":[{"embeddable":true,"href":"https:\/\/radiorevelacionfm.cl\/index.php?rest_route=\/wp\/v2\/users\/1"}],"replies":[{"embeddable":true,"href":"https:\/\/radiorevelacionfm.cl\/index.php?rest_route=%2Fwp%2Fv2%2Fcomments&post=7358"}],"version-history":[{"count":3,"href":"https:\/\/radiorevelacionfm.cl\/index.php?rest_route=\/wp\/v2\/posts\/7358\/revisions"}],"predecessor-version":[{"id":7363,"href":"https:\/\/radiorevelacionfm.cl\/index.php?rest_route=\/wp\/v2\/posts\/7358\/revisions\/7363"}],"wp:featuredmedia":[{"embeddable":true,"href":"https:\/\/radiorevelacionfm.cl\/index.php?rest_route=\/wp\/v2\/media\/7361"}],"wp:attachment":[{"href":"https:\/\/radiorevelacionfm.cl\/index.php?rest_route=%2Fwp%2Fv2%2Fmedia&parent=7358"}],"wp:term":[{"taxonomy":"category","embeddable":true,"href":"https:\/\/radiorevelacionfm.cl\/index.php?rest_route=%2Fwp%2Fv2%2Fcategories&post=7358"},{"taxonomy":"post_tag","embeddable":true,"href":"https:\/\/radiorevelacionfm.cl\/index.php?rest_route=%2Fwp%2Fv2%2Ftags&post=7358"}],"curies":[{"name":"wp","href":"https:\/\/api.w.org\/{rel}","templated":true}]}}