{"id":7350,"date":"2021-08-11T16:38:18","date_gmt":"2021-08-11T19:38:18","guid":{"rendered":"https:\/\/radiorevelacionfm.cl\/?p=7350"},"modified":"2021-08-11T16:38:18","modified_gmt":"2021-08-11T19:38:18","slug":"abren-nueva-convocatoria-de-academia-acuicola-para-apoyar-a-mipes-afectadas-economicamente-por-la-crisis-sanitaria","status":"publish","type":"post","link":"https:\/\/radiorevelacionfm.cl\/?p=7350","title":{"rendered":"Abren nueva convocatoria de \u201cAcademia Acu\u00edcola\u201d para apoyar a Mipes afectadas econ\u00f3micamente por la crisis sanitaria"},"content":{"rendered":"<div class=\"flex_column av_one_full  flex_column_div av-zero-column-padding first  avia-builder-el-0  el_before_av_one_full  avia-builder-el-first  \" style='border-radius:0px; '><div  class='avia-image-container  av-styling-    avia-builder-el-1  avia-builder-el-no-sibling  avia-align-center '  itemprop=\"image\" itemscope=\"itemscope\" itemtype=\"https:\/\/schema.org\/ImageObject\"  ><div class='avia-image-container-inner'><div class='avia-image-overlay-wrap'><img decoding=\"async\" class='wp-image-7351 avia-img-lazy-loading-not-7351 avia_image' src=\"https:\/\/radiorevelacionfm.cl\/wp-content\/uploads\/2021\/08\/Acuicultura-01-1-1.jpg\" alt='' title='Acuicultura - 01 (1) (1)' height=\"600\" width=\"900\"  itemprop=\"thumbnailUrl\" srcset=\"https:\/\/radiorevelacionfm.cl\/wp-content\/uploads\/2021\/08\/Acuicultura-01-1-1.jpg 900w, https:\/\/radiorevelacionfm.cl\/wp-content\/uploads\/2021\/08\/Acuicultura-01-1-1-300x200.jpg 300w, https:\/\/radiorevelacionfm.cl\/wp-content\/uploads\/2021\/08\/Acuicultura-01-1-1-768x512.jpg 768w, https:\/\/radiorevelacionfm.cl\/wp-content\/uploads\/2021\/08\/Acuicultura-01-1-1-705x470.jpg 705w, https:\/\/radiorevelacionfm.cl\/wp-content\/uploads\/2021\/08\/Acuicultura-01-1-1-600x400.jpg 600w\" sizes=\"(max-width: 900px) 100vw, 900px\" \/><\/div><\/div><\/div><\/div><div class=\"flex_column av_one_full  flex_column_div av-zero-column-padding first  avia-builder-el-2  el_after_av_one_full  el_before_av_one_full  column-top-margin\" style='border-radius:0px; '><section class=\"av_textblock_section \"  itemscope=\"itemscope\" itemtype=\"https:\/\/schema.org\/BlogPosting\" itemprop=\"blogPost\" ><div class='avia_textblock  '   itemprop=\"text\" ><p style=\"text-align: center;\"><strong><span style=\"font-size: 18pt;\">Abren nueva convocatoria de \u201cAcademia Acu\u00edcola\u201d para apoyar a Mipes afectadas econ\u00f3micamente por la crisis sanitaria<\/span><\/strong><\/p>\n<div id=\"gtx-trans\" style=\"position: absolute; left: -50px; top: 4.31534px;\">\n<div class=\"gtx-trans-icon\"><\/div>\n<\/div>\n<\/div><\/section><\/div><div class=\"flex_column av_one_full  flex_column_div av-zero-column-padding first  avia-builder-el-4  el_after_av_one_full  el_before_av_hr  column-top-margin\" style='border-radius:0px; '><section class=\"av_textblock_section \"  itemscope=\"itemscope\" itemtype=\"https:\/\/schema.org\/BlogPosting\" itemprop=\"blogPost\" ><div class='avia_textblock  '   itemprop=\"text\" ><p style=\"font-weight: 400; text-align: justify;\">Luego de una exitosa participaci\u00f3n de empresarios y empresarias acu\u00edcolas en el llamado anterior, el proyecto Viraliza denominado \u201cAcademia Acu\u00edcola\u201d, que es financiado con aportes de Corfo, se abri\u00f3 una nueva convocatoria para sumar a nuevas micro y peque\u00f1as empresas (Mipes) de la regi\u00f3n de Ays\u00e9n que se hayan visto afectadas por los efectos de la crisis sanitaria y econ\u00f3mica, con el prop\u00f3sito de apoyarlas mediante contenidos y herramientas de alto impacto en sus negocios.<\/p>\n<p style=\"font-weight: 400; text-align: justify;\">Esta\u00a0convocatoria es impulsada por\u00a0IncubatecUFRO\u00a0-con presencia en la regi\u00f3n de Ays\u00e9n- la principal aceleradora, incubadora y consultora de innovaci\u00f3n y emprendimiento del sur de Chile, con 20 a\u00f1os de trayectoria apoyando a m\u00e1s de 400 emprendimientos y startups en sus distintas etapas, potenci\u00e1ndolas en su internacionalizaci\u00f3n y crecimiento.<\/p>\n<p style=\"font-weight: 400; text-align: justify;\">\u201cQueremos contribuir a fortalecer las competencias de micro y peque\u00f1as empresas regionales del sector acu\u00edcola que se han visto afectadas por la crisis econ\u00f3mica derivada de la situaci\u00f3n sanitaria que atraviesa el pa\u00eds, por medio de un programa de formaci\u00f3n especializado y de acompa\u00f1amiento que permita la reactivaci\u00f3n de ventas en un contexto de triple h\u00e9lice, que involucre la participaci\u00f3n del sector p\u00fablico, la academia y el sector productivo\u201d, agreg\u00f3 Mario N\u00fa\u00f1ez desde IncubatecUFRO<\/p>\n<p style=\"font-weight: 400; text-align: justify;\">Omar Mu\u00f1oz, director de Corfo Ays\u00e9n, destac\u00f3 que \u201cesta iniciativa empalma con los lineamientos de nuestro programa PTI Fiordos y Canales, que busca el mejoramiento de la competitividad de los proveedores de la industria en la Regi\u00f3n de Ays\u00e9n. Uno de los objetivos del programa Viraliza es fortalecer el ecosistema de emprendimiento, mejorando su desarrollo y potencialidad. Creemos que Academia Acu\u00edcola es una oportunidad para los proveedores, para remirar su modelo de negocio y ampliar las redes de colaboraci\u00f3n entre quienes participan\u201d.<\/p>\n<p style=\"font-weight: 400; text-align: justify;\">En tanto, el Seremi de Econom\u00eda Carlos Pacheco explic\u00f3 que \u201cEn la actualidad estamos impulsando como Ministerio diversos programas e incentivos a las Mipes y s\u00f3lo por el concepto de la entrega del Bono de Alivio en nuestra regi\u00f3n ya se han inyectado m\u00e1s de 9.300 millones de pesos. As\u00ed que seguiremos apoyando las diversas iniciativas que colaboran en apalancar a este sector, esta vez por medio de Corfo y con la ejecuci\u00f3n de Incubatec que van directamente en ayuda a las Mipes del sector acu\u00edcola\u201d.<\/p>\n<p style=\"font-weight: 400; text-align: justify;\">\u201cAcademia Acu\u00edcola\u201d es un programa formativo que cuenta con el apoyo de distintos gremios e instituciones ligadas a la industria, entre ellas, SalmonChile, Atared y Arasemar, adem\u00e1s de iniciativas Corfo, como son el Programa Estrat\u00e9gico Mesoregional Salm\u00f3n M\u00e1s Sustentable, el Programa Estrat\u00e9gico Regional Mejill\u00f3n de Chile y el Programa Territorial Integrado Fiordos y Canales de Ays\u00e9n.<\/p>\n<p style=\"font-weight: 400; text-align: justify;\">Esta iniciativa que se ejecutar\u00e1 en toda la macrozona Sur, donde est\u00e1 el epicentro de la acuicultura nacional, realizar\u00e1 una primera actividad informativa tipo webinar este jueves 12 de agosto a las 17:00 horas junto a Mario N\u00fa\u00f1ez, representante de IncubatecUFRO en la Regi\u00f3n de Los Lagos.<\/p>\n<p style=\"font-weight: 400; text-align: justify;\">Este webinar busca promover este ciclo formativo a las empresas que requieran herramientas enfocadas en el redise\u00f1o y\/o adaptaci\u00f3n del modelo de negocios, procesos de bancarizaci\u00f3n y financiamiento, estrategias de digitalizaci\u00f3n, adecuaci\u00f3n de canales digitales u otras materias que permitan impulsar las ventas luego de la situaci\u00f3n sanitaria derivada del Covid-19.<\/p>\n<\/div><\/section><\/div><div  style='height:50px' class='hr hr-invisible   avia-builder-el-6  el_after_av_one_full  el_before_av_social_share '><span class='hr-inner ' ><span class='hr-inner-style'><\/span><\/span><\/div><\/p>\n<div  class='av-social-sharing-box  avia-builder-el-7  el_after_av_hr  el_before_av_hr  '><div class='av-share-box'><h5 class='av-share-link-description av-no-toc '>Compartir esta noticia<\/h5><ul class='av-share-box-list noLightbox'><li class='av-share-link av-social-link-facebook' ><a target=\"_blank\" aria-label=\"Compartir en Facebook\" href='https:\/\/www.facebook.com\/sharer.php?u=https:\/\/radiorevelacionfm.cl\/?p=7350&#038;t=Abren%20nueva%20convocatoria%20de%20%E2%80%9CAcademia%20Acu%C3%ADcola%E2%80%9D%20para%20apoyar%20a%20Mipes%20afectadas%20econ%C3%B3micamente%20por%20la%20crisis%20sanitaria' aria-hidden='false' data-av_icon='\ue8f3' data-av_iconfont='entypo-fontello' title='' data-avia-related-tooltip='Compartir en Facebook' rel=\"noopener\"><span class='avia_hidden_link_text'>Compartir en Facebook<\/span><\/a><\/li><li class='av-share-link av-social-link-twitter' ><a target=\"_blank\" aria-label=\"Compartir en Twitter\" href='https:\/\/twitter.com\/share?text=Abren%20nueva%20convocatoria%20de%20%E2%80%9CAcademia%20Acu%C3%ADcola%E2%80%9D%20para%20apoyar%20a%20Mipes%20afectadas%20econ%C3%B3micamente%20por%20la%20crisis%20sanitaria&#038;url=https:\/\/radiorevelacionfm.cl\/?p=7350' aria-hidden='false' data-av_icon='\ue8f1' data-av_iconfont='entypo-fontello' title='' data-avia-related-tooltip='Compartir en Twitter' rel=\"noopener\"><span class='avia_hidden_link_text'>Compartir en Twitter<\/span><\/a><\/li><li class='av-share-link av-social-link-whatsapp' ><a target=\"_blank\" aria-label=\"Compartir en Whatsapp\" href='https:\/\/api.whatsapp.com\/send?text=https:\/\/radiorevelacionfm.cl\/?p=7350' aria-hidden='false' data-av_icon='\uf232' data-av_iconfont='entypo-fontello' title='' data-avia-related-tooltip='Compartir en Whatsapp' rel=\"noopener\"><span class='avia_hidden_link_text'>Compartir en Whatsapp<\/span><\/a><\/li><li class='av-share-link av-social-link-linkedin' ><a target=\"_blank\" aria-label=\"Compartir en LinkedIn\" href='https:\/\/linkedin.com\/shareArticle?mini=true&#038;title=Abren%20nueva%20convocatoria%20de%20%E2%80%9CAcademia%20Acu%C3%ADcola%E2%80%9D%20para%20apoyar%20a%20Mipes%20afectadas%20econ%C3%B3micamente%20por%20la%20crisis%20sanitaria&#038;url=https:\/\/radiorevelacionfm.cl\/?p=7350' aria-hidden='false' data-av_icon='\ue8fc' data-av_iconfont='entypo-fontello' title='' data-avia-related-tooltip='Compartir en LinkedIn' rel=\"noopener\"><span class='avia_hidden_link_text'>Compartir en LinkedIn<\/span><\/a><\/li><li class='av-share-link av-social-link-mail' ><a  aria-label=\"Compartir por correo\" href='mailto:?subject=Abren%20nueva%20convocatoria%20de%20%E2%80%9CAcademia%20Acu%C3%ADcola%E2%80%9D%20para%20apoyar%20a%20Mipes%20afectadas%20econ%C3%B3micamente%20por%20la%20crisis%20sanitaria&#038;body=https:\/\/radiorevelacionfm.cl\/?p=7350' aria-hidden='false' data-av_icon='\ue805' data-av_iconfont='entypo-fontello' title='' data-avia-related-tooltip='Compartir por correo'><span class='avia_hidden_link_text'>Compartir por correo<\/span><\/a><\/li><\/ul><\/div><\/div>\n<div  style='height:50px' class='hr hr-invisible   avia-builder-el-8  el_after_av_social_share  el_before_av_comments_list '><span class='hr-inner ' ><span class='hr-inner-style'><\/span><\/span><\/div>\n<div  class='av-buildercomment  av-blog-meta-html-info-disabled av-blog-meta-tag-disabled  '><\/div>\n","protected":false},"excerpt":{"rendered":"","protected":false},"author":1,"featured_media":7351,"comment_status":"open","ping_status":"open","sticky":false,"template":"","format":"standard","meta":{"footnotes":""},"categories":[60,38],"tags":[],"class_list":["post-7350","post","type-post","status-publish","format-standard","has-post-thumbnail","hentry","category-pesca","category-regional"],"jetpack_featured_media_url":"https:\/\/radiorevelacionfm.cl\/wp-content\/uploads\/2021\/08\/Acuicultura-01-1-1.jpg","_links":{"self":[{"href":"https:\/\/radiorevelacionfm.cl\/index.php?rest_route=\/wp\/v2\/posts\/7350","targetHints":{"allow":["GET"]}}],"collection":[{"href":"https:\/\/radiorevelacionfm.cl\/index.php?rest_route=\/wp\/v2\/posts"}],"about":[{"href":"https:\/\/radiorevelacionfm.cl\/index.php?rest_route=\/wp\/v2\/types\/post"}],"author":[{"embeddable":true,"href":"https:\/\/radiorevelacionfm.cl\/index.php?rest_route=\/wp\/v2\/users\/1"}],"replies":[{"embeddable":true,"href":"https:\/\/radiorevelacionfm.cl\/index.php?rest_route=%2Fwp%2Fv2%2Fcomments&post=7350"}],"version-history":[{"count":2,"href":"https:\/\/radiorevelacionfm.cl\/index.php?rest_route=\/wp\/v2\/posts\/7350\/revisions"}],"predecessor-version":[{"id":7353,"href":"https:\/\/radiorevelacionfm.cl\/index.php?rest_route=\/wp\/v2\/posts\/7350\/revisions\/7353"}],"wp:featuredmedia":[{"embeddable":true,"href":"https:\/\/radiorevelacionfm.cl\/index.php?rest_route=\/wp\/v2\/media\/7351"}],"wp:attachment":[{"href":"https:\/\/radiorevelacionfm.cl\/index.php?rest_route=%2Fwp%2Fv2%2Fmedia&parent=7350"}],"wp:term":[{"taxonomy":"category","embeddable":true,"href":"https:\/\/radiorevelacionfm.cl\/index.php?rest_route=%2Fwp%2Fv2%2Fcategories&post=7350"},{"taxonomy":"post_tag","embeddable":true,"href":"https:\/\/radiorevelacionfm.cl\/index.php?rest_route=%2Fwp%2Fv2%2Ftags&post=7350"}],"curies":[{"name":"wp","href":"https:\/\/api.w.org\/{rel}","templated":true}]}}