{"id":7347,"date":"2021-08-11T14:11:45","date_gmt":"2021-08-11T17:11:45","guid":{"rendered":"https:\/\/radiorevelacionfm.cl\/?p=7347"},"modified":"2021-08-11T14:11:45","modified_gmt":"2021-08-11T17:11:45","slug":"sag-levanta-alerta-y-redobla-inspeccion-en-frontera-tras-foco-de-peste-porcina-africana-en-republica-dominicana","status":"publish","type":"post","link":"https:\/\/radiorevelacionfm.cl\/?p=7347","title":{"rendered":"SAG levanta alerta y redobla inspecci\u00f3n en frontera tras foco de Peste Porcina Africana en Rep\u00fablica Dominicana"},"content":{"rendered":"<div class=\"flex_column av_one_full  flex_column_div av-zero-column-padding first  avia-builder-el-0  el_before_av_one_full  avia-builder-el-first  \" style='border-radius:0px; '><div  class='avia-image-container  av-styling-    avia-builder-el-1  avia-builder-el-no-sibling  avia-align-center '  itemprop=\"image\" itemscope=\"itemscope\" itemtype=\"https:\/\/schema.org\/ImageObject\"  ><div class='avia-image-container-inner'><div class='avia-image-overlay-wrap'><img decoding=\"async\" class='wp-image-7348 avia-img-lazy-loading-not-7348 avia_image' src=\"https:\/\/radiorevelacionfm.cl\/wp-content\/uploads\/2021\/08\/cerdos1-1-1.jpg\" alt='' title='cerdos1 (1) (1)' height=\"600\" width=\"899\"  itemprop=\"thumbnailUrl\" srcset=\"https:\/\/radiorevelacionfm.cl\/wp-content\/uploads\/2021\/08\/cerdos1-1-1.jpg 899w, https:\/\/radiorevelacionfm.cl\/wp-content\/uploads\/2021\/08\/cerdos1-1-1-300x200.jpg 300w, https:\/\/radiorevelacionfm.cl\/wp-content\/uploads\/2021\/08\/cerdos1-1-1-768x513.jpg 768w, https:\/\/radiorevelacionfm.cl\/wp-content\/uploads\/2021\/08\/cerdos1-1-1-705x471.jpg 705w, https:\/\/radiorevelacionfm.cl\/wp-content\/uploads\/2021\/08\/cerdos1-1-1-600x400.jpg 600w\" sizes=\"(max-width: 899px) 100vw, 899px\" \/><\/div><\/div><\/div><\/div><div class=\"flex_column av_one_full  flex_column_div av-zero-column-padding first  avia-builder-el-2  el_after_av_one_full  el_before_av_one_full  column-top-margin\" style='border-radius:0px; '><section class=\"av_textblock_section \"  itemscope=\"itemscope\" itemtype=\"https:\/\/schema.org\/BlogPosting\" itemprop=\"blogPost\" ><div class='avia_textblock  '   itemprop=\"text\" ><p style=\"text-align: center;\"><strong><span style=\"font-size: 18pt;\">SAG levanta alerta y redobla inspecci\u00f3n en frontera tras foco de Peste Porcina Africana <\/span><\/strong><span style=\"font-size: 18pt;\"><strong>en Rep\u00fablica Dominicana<\/strong><\/span><\/p>\n<div id=\"gtx-trans\" style=\"position: absolute; left: -50px; top: 4.31534px;\">\n<div class=\"gtx-trans-icon\"><\/div>\n<\/div>\n<\/div><\/section><\/div><div class=\"flex_column av_one_full  flex_column_div av-zero-column-padding first  avia-builder-el-4  el_after_av_one_full  el_before_av_hr  column-top-margin\" style='border-radius:0px; '><section class=\"av_textblock_section \"  itemscope=\"itemscope\" itemtype=\"https:\/\/schema.org\/BlogPosting\" itemprop=\"blogPost\" ><div class='avia_textblock  '   itemprop=\"text\" ><p style=\"text-align: justify;\">El Servicio Agr\u00edcola y Ganadero se encuentra en alerta y ha activado todos los protocolos establecidos tras el ingreso de Peste Porcina Africana, PPA, a Rep\u00fablica Dominicana, primer pa\u00eds en Am\u00e9rica que reporta la presencia de esta enfermedad animal en 11 de sus provincias. Si bien la PPA no pone en riesgo la salud de las personas al no ser una zoonosis, el Servicio hace un llamado a que los pasajeros\/as que ingresan al pa\u00eds no traigan productos de origen animal, pues Chile est\u00e1 libre de esta enfermedad que ha provocado graves p\u00e9rdidas econ\u00f3micas en todo el mundo.<\/p>\n<p style=\"text-align: justify;\">Hasta la semana pasada, cuando Rep\u00fablica Dominicana inform\u00f3 de la presencia de PPA en su territorio, Am\u00e9rica era el \u00fanico continente que se encontraba libre de este virus que tiene un gran impacto sanitario y productivo, causando una alt\u00edsima mortalidad en porcinos (cerdos y jabal\u00edes), llegando incluso al 100% de los animales afectados.<\/p>\n<p style=\"text-align: justify;\">En el marco de esta alerta, el SAG est\u00e1 redoblando la inspecci\u00f3n realizada en los controles fronterizos, en especial a los vuelos provenientes de Rep\u00fablica Dominicana, Panam\u00e1 y el Caribe. Esto, ya que, si bien Chile no importa productos porcinos desde Rep\u00fablica Dominicana, la enfermedad pudiera ingresar a nuestro territorio a trav\u00e9s de productos infectados que transportan viajeros internacionales. Cabe se\u00f1alar que las exportaciones chilenas de cerdos el a\u00f1o pasado llegaron a m\u00e1s de 465 mil toneladas y a 858.733 MUS$.<\/p>\n<p style=\"text-align: justify;\">Junto con ello, se han intensificado las acciones de vigilancia cl\u00ednica en cerdos industriales, de traspatio y en plantas faenadoras. Adem\u00e1s, se sigue trabajando con el sector privado en la mesa constituida hace ya un tiempo, para coordinar acciones respecto a esta enfermedad, con el fin de realizar seguimiento a su evoluci\u00f3n en el continente y tomar medidas de manera conjunta para proteger a nuestro pa\u00eds de este virus.<\/p>\n<p style=\"text-align: justify;\">Desde que se levant\u00f3 la alerta mundial por PPA en 2019, el SAG ha trabajado con la Organizaci\u00f3n Internacional de Sanidad Animal (OIE);\u00a0 la Organizaci\u00f3n de las Naciones Unidad para la Alimentaci\u00f3n y la Agricultura, FAO, y otros organismos internacionales reforzando la cooperaci\u00f3n y el di\u00e1logo internacional en torno a la prevenci\u00f3n y el control de la peste porcina africana, intercambiando informaci\u00f3n sobre pol\u00edticas sanitarias, diagn\u00f3sticos de laboratorio, investigaci\u00f3n cient\u00edfica, buenas pr\u00e1cticas y estrategias de comunicaci\u00f3n, entre otros temas.<\/p>\n<p style=\"text-align: justify;\">El SAG hace un llamado a los propietarios de cerdos a estar atentos ya que se trata de una enfermedad de denuncia obligatoria, para cualquier informaci\u00f3n escribir a: <a href=\"mailto:oficina.informaciones@sag.gob.cl\">oficina.informaciones@sag.gob.cl<\/a>.<\/p>\n<\/div><\/section><\/div><div  style='height:50px' class='hr hr-invisible   avia-builder-el-6  el_after_av_one_full  el_before_av_social_share '><span class='hr-inner ' ><span class='hr-inner-style'><\/span><\/span><\/div><\/p>\n<div  class='av-social-sharing-box  avia-builder-el-7  el_after_av_hr  el_before_av_hr  '><div class='av-share-box'><h5 class='av-share-link-description av-no-toc '>Compartir esta noticia<\/h5><ul class='av-share-box-list noLightbox'><li class='av-share-link av-social-link-facebook' ><a target=\"_blank\" aria-label=\"Compartir en Facebook\" href='https:\/\/www.facebook.com\/sharer.php?u=https:\/\/radiorevelacionfm.cl\/?p=7347&#038;t=SAG%20levanta%20alerta%20y%20redobla%20inspecci%C3%B3n%20en%20frontera%20tras%20foco%20de%20Peste%20Porcina%20Africana%20en%20Rep%C3%BAblica%20Dominicana' aria-hidden='false' data-av_icon='\ue8f3' data-av_iconfont='entypo-fontello' title='' data-avia-related-tooltip='Compartir en Facebook' rel=\"noopener\"><span class='avia_hidden_link_text'>Compartir en Facebook<\/span><\/a><\/li><li class='av-share-link av-social-link-twitter' ><a target=\"_blank\" aria-label=\"Compartir en Twitter\" href='https:\/\/twitter.com\/share?text=SAG%20levanta%20alerta%20y%20redobla%20inspecci%C3%B3n%20en%20frontera%20tras%20foco%20de%20Peste%20Porcina%20Africana%20en%20Rep%C3%BAblica%20Dominicana&#038;url=https:\/\/radiorevelacionfm.cl\/?p=7347' aria-hidden='false' data-av_icon='\ue8f1' data-av_iconfont='entypo-fontello' title='' data-avia-related-tooltip='Compartir en Twitter' rel=\"noopener\"><span class='avia_hidden_link_text'>Compartir en Twitter<\/span><\/a><\/li><li class='av-share-link av-social-link-whatsapp' ><a target=\"_blank\" aria-label=\"Compartir en Whatsapp\" href='https:\/\/api.whatsapp.com\/send?text=https:\/\/radiorevelacionfm.cl\/?p=7347' aria-hidden='false' data-av_icon='\uf232' data-av_iconfont='entypo-fontello' title='' data-avia-related-tooltip='Compartir en Whatsapp' rel=\"noopener\"><span class='avia_hidden_link_text'>Compartir en Whatsapp<\/span><\/a><\/li><li class='av-share-link av-social-link-linkedin' ><a target=\"_blank\" aria-label=\"Compartir en LinkedIn\" href='https:\/\/linkedin.com\/shareArticle?mini=true&#038;title=SAG%20levanta%20alerta%20y%20redobla%20inspecci%C3%B3n%20en%20frontera%20tras%20foco%20de%20Peste%20Porcina%20Africana%20en%20Rep%C3%BAblica%20Dominicana&#038;url=https:\/\/radiorevelacionfm.cl\/?p=7347' aria-hidden='false' data-av_icon='\ue8fc' data-av_iconfont='entypo-fontello' title='' data-avia-related-tooltip='Compartir en LinkedIn' rel=\"noopener\"><span class='avia_hidden_link_text'>Compartir en LinkedIn<\/span><\/a><\/li><li class='av-share-link av-social-link-mail' ><a  aria-label=\"Compartir por correo\" href='mailto:?subject=SAG%20levanta%20alerta%20y%20redobla%20inspecci%C3%B3n%20en%20frontera%20tras%20foco%20de%20Peste%20Porcina%20Africana%20en%20Rep%C3%BAblica%20Dominicana&#038;body=https:\/\/radiorevelacionfm.cl\/?p=7347' aria-hidden='false' data-av_icon='\ue805' data-av_iconfont='entypo-fontello' title='' data-avia-related-tooltip='Compartir por correo'><span class='avia_hidden_link_text'>Compartir por correo<\/span><\/a><\/li><\/ul><\/div><\/div>\n<div  style='height:50px' class='hr hr-invisible   avia-builder-el-8  el_after_av_social_share  el_before_av_comments_list '><span class='hr-inner ' ><span class='hr-inner-style'><\/span><\/span><\/div>\n<div  class='av-buildercomment  av-blog-meta-html-info-disabled av-blog-meta-tag-disabled  '><\/div>\n","protected":false},"excerpt":{"rendered":"","protected":false},"author":1,"featured_media":7348,"comment_status":"open","ping_status":"open","sticky":false,"template":"","format":"standard","meta":{"footnotes":""},"categories":[58],"tags":[],"class_list":["post-7347","post","type-post","status-publish","format-standard","has-post-thumbnail","hentry","category-agricultura"],"jetpack_featured_media_url":"https:\/\/radiorevelacionfm.cl\/wp-content\/uploads\/2021\/08\/cerdos1-1-1.jpg","_links":{"self":[{"href":"https:\/\/radiorevelacionfm.cl\/index.php?rest_route=\/wp\/v2\/posts\/7347","targetHints":{"allow":["GET"]}}],"collection":[{"href":"https:\/\/radiorevelacionfm.cl\/index.php?rest_route=\/wp\/v2\/posts"}],"about":[{"href":"https:\/\/radiorevelacionfm.cl\/index.php?rest_route=\/wp\/v2\/types\/post"}],"author":[{"embeddable":true,"href":"https:\/\/radiorevelacionfm.cl\/index.php?rest_route=\/wp\/v2\/users\/1"}],"replies":[{"embeddable":true,"href":"https:\/\/radiorevelacionfm.cl\/index.php?rest_route=%2Fwp%2Fv2%2Fcomments&post=7347"}],"version-history":[{"count":1,"href":"https:\/\/radiorevelacionfm.cl\/index.php?rest_route=\/wp\/v2\/posts\/7347\/revisions"}],"predecessor-version":[{"id":7349,"href":"https:\/\/radiorevelacionfm.cl\/index.php?rest_route=\/wp\/v2\/posts\/7347\/revisions\/7349"}],"wp:featuredmedia":[{"embeddable":true,"href":"https:\/\/radiorevelacionfm.cl\/index.php?rest_route=\/wp\/v2\/media\/7348"}],"wp:attachment":[{"href":"https:\/\/radiorevelacionfm.cl\/index.php?rest_route=%2Fwp%2Fv2%2Fmedia&parent=7347"}],"wp:term":[{"taxonomy":"category","embeddable":true,"href":"https:\/\/radiorevelacionfm.cl\/index.php?rest_route=%2Fwp%2Fv2%2Fcategories&post=7347"},{"taxonomy":"post_tag","embeddable":true,"href":"https:\/\/radiorevelacionfm.cl\/index.php?rest_route=%2Fwp%2Fv2%2Ftags&post=7347"}],"curies":[{"name":"wp","href":"https:\/\/api.w.org\/{rel}","templated":true}]}}