{"id":7344,"date":"2021-08-11T13:49:15","date_gmt":"2021-08-11T16:49:15","guid":{"rendered":"https:\/\/radiorevelacionfm.cl\/?p=7344"},"modified":"2021-08-11T13:49:15","modified_gmt":"2021-08-11T16:49:15","slug":"un-total-de-1-179-computadores-entregaran-a-estudiantes-de-septimo-ano-basico-de-aysen","status":"publish","type":"post","link":"https:\/\/radiorevelacionfm.cl\/?p=7344","title":{"rendered":"Un total de 1.179 computadores entregar\u00e1n a estudiantes de S\u00e9ptimo A\u00f1o B\u00e1sico de Ays\u00e9n"},"content":{"rendered":"<div class=\"flex_column av_one_full  flex_column_div av-zero-column-padding first  avia-builder-el-0  el_before_av_one_full  avia-builder-el-first  \" style='border-radius:0px; '><div  class='avia-image-container  av-styling-    avia-builder-el-1  avia-builder-el-no-sibling  avia-align-center '  itemprop=\"image\" itemscope=\"itemscope\" itemtype=\"https:\/\/schema.org\/ImageObject\"  ><div class='avia-image-container-inner'><div class='avia-image-overlay-wrap'><img decoding=\"async\" class='wp-image-7345 avia-img-lazy-loading-not-7345 avia_image' src=\"https:\/\/radiorevelacionfm.cl\/wp-content\/uploads\/2021\/08\/Computadores-1-1.jpg\" alt='' title='Computadores (1) (1)' height=\"600\" width=\"1065\"  itemprop=\"thumbnailUrl\" srcset=\"https:\/\/radiorevelacionfm.cl\/wp-content\/uploads\/2021\/08\/Computadores-1-1.jpg 1065w, https:\/\/radiorevelacionfm.cl\/wp-content\/uploads\/2021\/08\/Computadores-1-1-300x169.jpg 300w, https:\/\/radiorevelacionfm.cl\/wp-content\/uploads\/2021\/08\/Computadores-1-1-1030x580.jpg 1030w, https:\/\/radiorevelacionfm.cl\/wp-content\/uploads\/2021\/08\/Computadores-1-1-768x433.jpg 768w, https:\/\/radiorevelacionfm.cl\/wp-content\/uploads\/2021\/08\/Computadores-1-1-705x397.jpg 705w, https:\/\/radiorevelacionfm.cl\/wp-content\/uploads\/2021\/08\/Computadores-1-1-600x338.jpg 600w\" sizes=\"(max-width: 1065px) 100vw, 1065px\" \/><\/div><\/div><\/div><\/div><div class=\"flex_column av_one_full  flex_column_div av-zero-column-padding first  avia-builder-el-2  el_after_av_one_full  el_before_av_one_full  column-top-margin\" style='border-radius:0px; '><section class=\"av_textblock_section \"  itemscope=\"itemscope\" itemtype=\"https:\/\/schema.org\/BlogPosting\" itemprop=\"blogPost\" ><div class='avia_textblock  '   itemprop=\"text\" ><p style=\"text-align: center;\"><strong><span style=\"font-size: 18pt;\">Un total de 1.179 computadores entregar\u00e1n a estudiantes de S\u00e9ptimo A\u00f1o B\u00e1sico de Ays\u00e9n<\/span><\/strong><\/p>\n<div id=\"gtx-trans\" style=\"position: absolute; left: -50px; top: 4.31534px;\">\n<div class=\"gtx-trans-icon\"><\/div>\n<\/div>\n<\/div><\/section><\/div><div class=\"flex_column av_one_full  flex_column_div av-zero-column-padding first  avia-builder-el-4  el_after_av_one_full  el_before_av_hr  column-top-margin\" style='border-radius:0px; '><section class=\"av_textblock_section \"  itemscope=\"itemscope\" itemtype=\"https:\/\/schema.org\/BlogPosting\" itemprop=\"blogPost\" ><div class='avia_textblock  '   itemprop=\"text\" ><p class=\"v1MsoNormal\" style=\"text-align: justify;\">Para el pr\u00f3ximo lunes 16 de Agosto est\u00e1 programado iniciar la entrega de computadores del Programa de Becas de Acceso a TIC, de Junaeb, proceso que se extender\u00e1 hasta el 06 de septiembre inicialmente.<\/p>\n<p class=\"v1MsoNormal\" style=\"text-align: justify;\">As\u00ed lo informaron el Seremi de Educaci\u00f3n Sergio Becerra Mera y el Director Regional de Junaeb Patrice Van De Maele Silva, quienes se reunieron para ver detalles de la log\u00edstica de entrega a los estudiantes beneficiados.<\/p>\n<p class=\"v1MsoNormal\" style=\"text-align: justify;\">\u00abAgradecemos al Gobierno, al Ministerio de Educaci\u00f3n y a Junaeb que logr\u00f3 priorizar a nuestra regi\u00f3n en esta primera etapa de entrega. Estos notebooks son para ni\u00f1os de 7mo b\u00e1sico, lo que significa un tremendo logro, porque estos computadores deber\u00edan haberse entregado antes, pero como sabemos, la pandemia ha impactado fuertemente el mercado tecnol\u00f3gico, afectando adem\u00e1s la disponibilidad de estos equipos. Lo importante es que a comienzos de la pr\u00f3xima semana iniciamos la entrega en la comuna de R\u00edo Ib\u00e1\u00f1ez\u00bb, se\u00f1al\u00f3 Sergio Becerra.<\/p>\n<p class=\"v1MsoNormal\" style=\"text-align: justify;\">Junto a lo anterior, el Seremi record\u00f3 el aporte que estos computadores tendr\u00e1n en el proceso de clases h\u00edbridas, apoyando aquellos estudiantes que deben continuar con sus clases en el hogar, mientras los dem\u00e1s asisten a la sala de clases.<\/p>\n<p class=\"v1MsoNormal\" style=\"text-align: justify;\">Por su parte, el Director Regional de Junaeb Patrice Van De Maele se refiri\u00f3 al proceso de entrega de estos esperados equipos.<\/p>\n<p class=\"v1MsoNormal\" style=\"text-align: justify;\">\u00abEs muy importante se\u00f1alar que ante el quiebre de stock mundial, hubo retrasos en la llegada a Chile de los computadores, pero somos junto a tres (3) regiones m\u00e1s, la prioridad en la entrega, proceso que esperamos iniciar el lunes 16 pr\u00f3ximo entregando la totalidad de los computadores asignados a la regi\u00f3n, 1.179, es decir 263 equipos m\u00e1s que el a\u00f1o 2020. Cabe destacar que la cobertura para este a\u00f1o a nivel nacional aument\u00f3 de 130.000 a 150.000 computadores\u00bb.<\/p>\n<p class=\"v1MsoNormal\" style=\"text-align: justify;\">Patrice Van de Maele detall\u00f3 que la entrega se est\u00e1 coordinando con distintas autoridades y establecimientos educacionales, y producto de la pandemia, entregaremos a los padres, no a los ni\u00f1os, bajo protocolos de salud y aforos, seg\u00fan corresponda.<\/p>\n<p class=\"v1MsoNormal\" style=\"text-align: justify;\">El equipo computacional, adem\u00e1s del plan de internet m\u00f3vil (BAM), \u2013cuya vigencia se mantiene por los siguientes doce meses desde que el o la estudiante reciben el computador, incorpora recursos educativos instalados\u00a0(ingl\u00e9s, ciencias naturales, arte y m\u00fasica, entre otros), as\u00ed como al portal Aprendo en L\u00ednea.<\/p>\n<p class=\"v1MsoNormal\" style=\"text-align: justify;\"><b>\u00bfC\u00f3mo retirarlo?<\/b><\/p>\n<p class=\"v1MsoNormal\" style=\"text-align: justify;\">Los padres de los\u00a0\u00a0alumnos que hayan sido seleccionados, para recibir un equipo ser\u00e1n contactados por sus establecimientos y ser\u00e1n citados en un horario espec\u00edfico, para asegurar el total cumplimiento de las medidas de higiene relacionadas con la pandemia, respetando el aforo y el distanciamiento f\u00edsico.<\/p>\n<p class=\"v1MsoNormal\" style=\"text-align: justify;\">Podr\u00e1 concurrir s\u00f3lo un apoderado (padres, hermano mayor o tutor legal), con la documentaci\u00f3n necesaria para poder recibir el computador. Los establecimientos contar\u00e1n con alcohol gel y m\u00f3dulos distanciados entre ellos, y ser\u00e1 obligaci\u00f3n acudir con mascarilla, tal como lo exige la autoridad sanitaria.<\/p>\n<\/div><\/section><\/div><div  style='height:50px' class='hr hr-invisible   avia-builder-el-6  el_after_av_one_full  el_before_av_social_share '><span class='hr-inner ' ><span class='hr-inner-style'><\/span><\/span><\/div><\/p>\n<div  class='av-social-sharing-box  avia-builder-el-7  el_after_av_hr  el_before_av_hr  '><div class='av-share-box'><h5 class='av-share-link-description av-no-toc '>Compartir esta noticia<\/h5><ul class='av-share-box-list noLightbox'><li class='av-share-link av-social-link-facebook' ><a target=\"_blank\" aria-label=\"Compartir en Facebook\" href='https:\/\/www.facebook.com\/sharer.php?u=https:\/\/radiorevelacionfm.cl\/?p=7344&#038;t=Un%20total%20de%201.179%20computadores%20entregar%C3%A1n%20a%20estudiantes%20de%20S%C3%A9ptimo%20A%C3%B1o%20B%C3%A1sico%20de%20Ays%C3%A9n' aria-hidden='false' data-av_icon='\ue8f3' data-av_iconfont='entypo-fontello' title='' data-avia-related-tooltip='Compartir en Facebook' rel=\"noopener\"><span class='avia_hidden_link_text'>Compartir en Facebook<\/span><\/a><\/li><li class='av-share-link av-social-link-twitter' ><a target=\"_blank\" aria-label=\"Compartir en Twitter\" href='https:\/\/twitter.com\/share?text=Un%20total%20de%201.179%20computadores%20entregar%C3%A1n%20a%20estudiantes%20de%20S%C3%A9ptimo%20A%C3%B1o%20B%C3%A1sico%20de%20Ays%C3%A9n&#038;url=https:\/\/radiorevelacionfm.cl\/?p=7344' aria-hidden='false' data-av_icon='\ue8f1' data-av_iconfont='entypo-fontello' title='' data-avia-related-tooltip='Compartir en Twitter' rel=\"noopener\"><span class='avia_hidden_link_text'>Compartir en Twitter<\/span><\/a><\/li><li class='av-share-link av-social-link-whatsapp' ><a target=\"_blank\" aria-label=\"Compartir en Whatsapp\" href='https:\/\/api.whatsapp.com\/send?text=https:\/\/radiorevelacionfm.cl\/?p=7344' aria-hidden='false' data-av_icon='\uf232' data-av_iconfont='entypo-fontello' title='' data-avia-related-tooltip='Compartir en Whatsapp' rel=\"noopener\"><span class='avia_hidden_link_text'>Compartir en Whatsapp<\/span><\/a><\/li><li class='av-share-link av-social-link-linkedin' ><a target=\"_blank\" aria-label=\"Compartir en LinkedIn\" href='https:\/\/linkedin.com\/shareArticle?mini=true&#038;title=Un%20total%20de%201.179%20computadores%20entregar%C3%A1n%20a%20estudiantes%20de%20S%C3%A9ptimo%20A%C3%B1o%20B%C3%A1sico%20de%20Ays%C3%A9n&#038;url=https:\/\/radiorevelacionfm.cl\/?p=7344' aria-hidden='false' data-av_icon='\ue8fc' data-av_iconfont='entypo-fontello' title='' data-avia-related-tooltip='Compartir en LinkedIn' rel=\"noopener\"><span class='avia_hidden_link_text'>Compartir en LinkedIn<\/span><\/a><\/li><li class='av-share-link av-social-link-mail' ><a  aria-label=\"Compartir por correo\" href='mailto:?subject=Un%20total%20de%201.179%20computadores%20entregar%C3%A1n%20a%20estudiantes%20de%20S%C3%A9ptimo%20A%C3%B1o%20B%C3%A1sico%20de%20Ays%C3%A9n&#038;body=https:\/\/radiorevelacionfm.cl\/?p=7344' aria-hidden='false' data-av_icon='\ue805' data-av_iconfont='entypo-fontello' title='' data-avia-related-tooltip='Compartir por correo'><span class='avia_hidden_link_text'>Compartir por correo<\/span><\/a><\/li><\/ul><\/div><\/div>\n<div  style='height:50px' class='hr hr-invisible   avia-builder-el-8  el_after_av_social_share  el_before_av_comments_list '><span class='hr-inner ' ><span class='hr-inner-style'><\/span><\/span><\/div>\n<div  class='av-buildercomment  av-blog-meta-html-info-disabled av-blog-meta-tag-disabled  '><\/div>\n","protected":false},"excerpt":{"rendered":"","protected":false},"author":1,"featured_media":7345,"comment_status":"open","ping_status":"open","sticky":false,"template":"","format":"standard","meta":{"footnotes":""},"categories":[49],"tags":[],"class_list":["post-7344","post","type-post","status-publish","format-standard","has-post-thumbnail","hentry","category-educacion"],"jetpack_featured_media_url":"https:\/\/radiorevelacionfm.cl\/wp-content\/uploads\/2021\/08\/Computadores-1-1.jpg","_links":{"self":[{"href":"https:\/\/radiorevelacionfm.cl\/index.php?rest_route=\/wp\/v2\/posts\/7344","targetHints":{"allow":["GET"]}}],"collection":[{"href":"https:\/\/radiorevelacionfm.cl\/index.php?rest_route=\/wp\/v2\/posts"}],"about":[{"href":"https:\/\/radiorevelacionfm.cl\/index.php?rest_route=\/wp\/v2\/types\/post"}],"author":[{"embeddable":true,"href":"https:\/\/radiorevelacionfm.cl\/index.php?rest_route=\/wp\/v2\/users\/1"}],"replies":[{"embeddable":true,"href":"https:\/\/radiorevelacionfm.cl\/index.php?rest_route=%2Fwp%2Fv2%2Fcomments&post=7344"}],"version-history":[{"count":1,"href":"https:\/\/radiorevelacionfm.cl\/index.php?rest_route=\/wp\/v2\/posts\/7344\/revisions"}],"predecessor-version":[{"id":7346,"href":"https:\/\/radiorevelacionfm.cl\/index.php?rest_route=\/wp\/v2\/posts\/7344\/revisions\/7346"}],"wp:featuredmedia":[{"embeddable":true,"href":"https:\/\/radiorevelacionfm.cl\/index.php?rest_route=\/wp\/v2\/media\/7345"}],"wp:attachment":[{"href":"https:\/\/radiorevelacionfm.cl\/index.php?rest_route=%2Fwp%2Fv2%2Fmedia&parent=7344"}],"wp:term":[{"taxonomy":"category","embeddable":true,"href":"https:\/\/radiorevelacionfm.cl\/index.php?rest_route=%2Fwp%2Fv2%2Fcategories&post=7344"},{"taxonomy":"post_tag","embeddable":true,"href":"https:\/\/radiorevelacionfm.cl\/index.php?rest_route=%2Fwp%2Fv2%2Ftags&post=7344"}],"curies":[{"name":"wp","href":"https:\/\/api.w.org\/{rel}","templated":true}]}}