{"id":7339,"date":"2021-08-11T12:21:11","date_gmt":"2021-08-11T15:21:11","guid":{"rendered":"https:\/\/radiorevelacionfm.cl\/?p=7339"},"modified":"2021-08-11T12:25:11","modified_gmt":"2021-08-11T15:25:11","slug":"alumna-manihualina-de-la-orquesta-escolar-recibe-valioso-instrumento-musical-de-profesor-que-partio-al-extranjero","status":"publish","type":"post","link":"https:\/\/radiorevelacionfm.cl\/?p=7339","title":{"rendered":"Alumna ma\u00f1ihualina de la Orquesta Escolar recibe valioso instrumento musical de profesor que parti\u00f3 al extranjero"},"content":{"rendered":"<div class=\"flex_column av_one_full  flex_column_div av-zero-column-padding first  avia-builder-el-0  el_before_av_one_full  avia-builder-el-first  \" style='border-radius:0px; '><div  class='avia-image-container  av-styling-    avia-builder-el-1  avia-builder-el-no-sibling  avia-align-center '  itemprop=\"image\" itemscope=\"itemscope\" itemtype=\"https:\/\/schema.org\/ImageObject\"  ><div class='avia-image-container-inner'><div class='avia-image-overlay-wrap'><img decoding=\"async\" class='wp-image-7340 avia-img-lazy-loading-not-7340 avia_image' src=\"https:\/\/radiorevelacionfm.cl\/wp-content\/uploads\/2021\/08\/IMG_Instrumento0-1-1.jpg\" alt='' title='IMG_Instrumento0 (1) (1)' height=\"600\" width=\"905\"  itemprop=\"thumbnailUrl\" srcset=\"https:\/\/radiorevelacionfm.cl\/wp-content\/uploads\/2021\/08\/IMG_Instrumento0-1-1.jpg 905w, https:\/\/radiorevelacionfm.cl\/wp-content\/uploads\/2021\/08\/IMG_Instrumento0-1-1-300x199.jpg 300w, https:\/\/radiorevelacionfm.cl\/wp-content\/uploads\/2021\/08\/IMG_Instrumento0-1-1-768x509.jpg 768w, https:\/\/radiorevelacionfm.cl\/wp-content\/uploads\/2021\/08\/IMG_Instrumento0-1-1-705x467.jpg 705w, https:\/\/radiorevelacionfm.cl\/wp-content\/uploads\/2021\/08\/IMG_Instrumento0-1-1-600x398.jpg 600w\" sizes=\"(max-width: 905px) 100vw, 905px\" \/><\/div><\/div><\/div><\/div><div class=\"flex_column av_one_full  flex_column_div av-zero-column-padding first  avia-builder-el-2  el_after_av_one_full  el_before_av_one_full  column-top-margin\" style='border-radius:0px; '><section class=\"av_textblock_section \"  itemscope=\"itemscope\" itemtype=\"https:\/\/schema.org\/BlogPosting\" itemprop=\"blogPost\" ><div class='avia_textblock  '   itemprop=\"text\" ><p style=\"text-align: center;\"><strong><span style=\"font-size: 18pt;\">Alumna ma\u00f1ihualina de la Orquesta Escolar recibe valioso instrumento musical de profesor que parti\u00f3 al extranjero<\/span><\/strong><\/p>\n<div id=\"gtx-trans\" style=\"position: absolute; left: -50px; top: 4.31534px;\">\n<div class=\"gtx-trans-icon\"><\/div>\n<\/div>\n<\/div><\/section><\/div><div class=\"flex_column av_one_full  flex_column_div av-zero-column-padding first  avia-builder-el-4  el_after_av_one_full  el_before_av_hr  column-top-margin\" style='border-radius:0px; '><section class=\"av_textblock_section \"  itemscope=\"itemscope\" itemtype=\"https:\/\/schema.org\/BlogPosting\" itemprop=\"blogPost\" ><div class='avia_textblock  '   itemprop=\"text\" ><p style=\"text-align: justify;\">Emocionada se mostr\u00f3 Kiara, alumna de octavo a\u00f1o b\u00e1sico del liceo Ma\u00f1ihuales en la localidad del mismo nombre. Ello, luego de que este lunes recibiera de manos de la directora de la Orquesta Escolar Comunal, Patricia Araya, una viola. La cual, a su vez, fue obsequiada por quien fuese su profesor musical, Johan D\u00edaz, quien en las \u00faltimas semanas parti\u00f3 hacia el extranjero, siempre en el af\u00e1n de perfeccionarse.<\/p>\n<p style=\"text-align: justify;\">En este sentido, la directora de la orquesta &#8211; creada al alero de la Direcci\u00f3n de Educaci\u00f3n Municipal, DEM Ays\u00e9n &#8211; transmiti\u00f3 a Kiara que, dado su talento y responsabilidad, su ex profesor de viola determin\u00f3 entregarle su propio instrumento, que le permitir\u00e1 continuar aprendiendo y transmitiendo a trav\u00e9s de la m\u00fasica.<\/p>\n<p style=\"text-align: justify;\">\u201cLa verdad es que esta es una entrega muy especial porque tuvimos un grupo de profesores muy trascendentales en la creaci\u00f3n de esta iniciativa. Nos ayudaron a fundar este programa y fue as\u00ed que fuimos descubriendo talento. En este caso, Kiara Mansilla, quien tiene una trayectoria impecable en la viola\u201d, explic\u00f3 la directora musical agregando que \u201cpor ese motivo, su profesor ante de irse decidi\u00f3 dejar un instrumento de calidad a uno de sus mejores alumnos. Es as\u00ed que entreg\u00f3 esta viola a Kiara, para que pueda continuar potenciando su talento y, adem\u00e1s, compartiendo la m\u00fasica con muchos ni\u00f1os ac\u00e1 en Villa Ma\u00f1ihuales, donde ella es una embajadora de este instrumento\u201d.<\/p>\n<p style=\"text-align: justify;\">Al respecto, la estudiante de 13 a\u00f1os de edad, dio cuenta de su alegr\u00eda al recibir este regalo, en compa\u00f1\u00eda adem\u00e1s de su mam\u00e1, profesores, la directora del establecimiento, Sandra Rubilar y el director (S) de la Educaci\u00f3n Municipal, DEM, Freddy Moraga.<\/p>\n<p style=\"text-align: justify;\">\u201cEstoy feliz, lo que s\u00ed lo voy a extra\u00f1ar mucho, me gust\u00f3 mucho aprender con \u00e9l. Me gustar\u00eda de grande poder ense\u00f1arles a otras personas y posiblemente hacer lo mismo que hizo \u00e9l. Me gusta mucho la m\u00fasica y, de hecho, he fortalecido ese amor que tengo por la m\u00fasica. Ser parte de la orquesta y tocar la viola me ha ayudado tambi\u00e9n en otras \u00e1reas, como la confianza en m\u00ed misma, dir\u00eda yo\u201d, manifest\u00f3 la joven ma\u00f1ihualina.<\/p>\n<p style=\"text-align: justify;\">Por su parte, Alejandra Ruiz -mam\u00e1 de Kiara-, no pudo esconder su orgullo ante la determinaci\u00f3n del profesor de obsequiar este valioso instrumento musical a su hija. \u201cNosotros como familia estamos muy contentos con que nuestra hija pueda desarrollar estas habilidades, calza justo con su personalidad. Ella es as\u00ed, muy calmada, y que haya venido este grupo de profesores a ense\u00f1arle esta bonita habilidad que, finalmente, ella ha adquirido con el tiempo, hace que como familia estamos muy contentos, muy agradecidos\u201d.<\/p>\n<p style=\"text-align: justify;\">A\u00f1adi\u00f3 que \u201cal estar aqu\u00ed en Villa Ma\u00f1ihuales estas oportunidades no se dan tan f\u00e1cilmente. Por supuesto, seguiremos apoyando a nuestra hija y le ayudaremos a potenciar todo lo que se pueda en este talento que ella ha desarrollado de a poquitito\u201d.<\/p>\n<\/div><\/section><\/div><div  style='height:50px' class='hr hr-invisible   avia-builder-el-6  el_after_av_one_full  el_before_av_social_share '><span class='hr-inner ' ><span class='hr-inner-style'><\/span><\/span><\/div><\/p>\n<div  class='av-social-sharing-box  avia-builder-el-7  el_after_av_hr  el_before_av_hr  '><div class='av-share-box'><h5 class='av-share-link-description av-no-toc '>Compartir esta noticia<\/h5><ul class='av-share-box-list noLightbox'><li class='av-share-link av-social-link-facebook' ><a target=\"_blank\" aria-label=\"Compartir en Facebook\" href='https:\/\/www.facebook.com\/sharer.php?u=https:\/\/radiorevelacionfm.cl\/?p=7339&#038;t=Alumna%20ma%C3%B1ihualina%20de%20la%20Orquesta%20Escolar%20recibe%20valioso%20instrumento%20musical%20de%20profesor%20que%20parti%C3%B3%20al%20extranjero' aria-hidden='false' data-av_icon='\ue8f3' data-av_iconfont='entypo-fontello' title='' data-avia-related-tooltip='Compartir en Facebook' rel=\"noopener\"><span class='avia_hidden_link_text'>Compartir en Facebook<\/span><\/a><\/li><li class='av-share-link av-social-link-twitter' ><a target=\"_blank\" aria-label=\"Compartir en Twitter\" href='https:\/\/twitter.com\/share?text=Alumna%20ma%C3%B1ihualina%20de%20la%20Orquesta%20Escolar%20recibe%20valioso%20instrumento%20musical%20de%20profesor%20que%20parti%C3%B3%20al%20extranjero&#038;url=https:\/\/radiorevelacionfm.cl\/?p=7339' aria-hidden='false' data-av_icon='\ue8f1' data-av_iconfont='entypo-fontello' title='' data-avia-related-tooltip='Compartir en Twitter' rel=\"noopener\"><span class='avia_hidden_link_text'>Compartir en Twitter<\/span><\/a><\/li><li class='av-share-link av-social-link-whatsapp' ><a target=\"_blank\" aria-label=\"Compartir en Whatsapp\" href='https:\/\/api.whatsapp.com\/send?text=https:\/\/radiorevelacionfm.cl\/?p=7339' aria-hidden='false' data-av_icon='\uf232' data-av_iconfont='entypo-fontello' title='' data-avia-related-tooltip='Compartir en Whatsapp' rel=\"noopener\"><span class='avia_hidden_link_text'>Compartir en Whatsapp<\/span><\/a><\/li><li class='av-share-link av-social-link-linkedin' ><a target=\"_blank\" aria-label=\"Compartir en LinkedIn\" href='https:\/\/linkedin.com\/shareArticle?mini=true&#038;title=Alumna%20ma%C3%B1ihualina%20de%20la%20Orquesta%20Escolar%20recibe%20valioso%20instrumento%20musical%20de%20profesor%20que%20parti%C3%B3%20al%20extranjero&#038;url=https:\/\/radiorevelacionfm.cl\/?p=7339' aria-hidden='false' data-av_icon='\ue8fc' data-av_iconfont='entypo-fontello' title='' data-avia-related-tooltip='Compartir en LinkedIn' rel=\"noopener\"><span class='avia_hidden_link_text'>Compartir en LinkedIn<\/span><\/a><\/li><li class='av-share-link av-social-link-mail' ><a  aria-label=\"Compartir por correo\" href='mailto:?subject=Alumna%20ma%C3%B1ihualina%20de%20la%20Orquesta%20Escolar%20recibe%20valioso%20instrumento%20musical%20de%20profesor%20que%20parti%C3%B3%20al%20extranjero&#038;body=https:\/\/radiorevelacionfm.cl\/?p=7339' aria-hidden='false' data-av_icon='\ue805' data-av_iconfont='entypo-fontello' title='' data-avia-related-tooltip='Compartir por correo'><span class='avia_hidden_link_text'>Compartir por correo<\/span><\/a><\/li><\/ul><\/div><\/div>\n<div  style='height:50px' class='hr hr-invisible   avia-builder-el-8  el_after_av_social_share  el_before_av_comments_list '><span class='hr-inner ' ><span class='hr-inner-style'><\/span><\/span><\/div>\n<div  class='av-buildercomment  av-blog-meta-html-info-disabled av-blog-meta-tag-disabled  '><\/div>\n","protected":false},"excerpt":{"rendered":"","protected":false},"author":1,"featured_media":7342,"comment_status":"open","ping_status":"open","sticky":false,"template":"","format":"standard","meta":{"footnotes":""},"categories":[52],"tags":[],"class_list":["post-7339","post","type-post","status-publish","format-standard","has-post-thumbnail","hentry","category-cultura"],"jetpack_featured_media_url":"https:\/\/radiorevelacionfm.cl\/wp-content\/uploads\/2021\/08\/img_instrumento01-1_optimized.jpg","_links":{"self":[{"href":"https:\/\/radiorevelacionfm.cl\/index.php?rest_route=\/wp\/v2\/posts\/7339","targetHints":{"allow":["GET"]}}],"collection":[{"href":"https:\/\/radiorevelacionfm.cl\/index.php?rest_route=\/wp\/v2\/posts"}],"about":[{"href":"https:\/\/radiorevelacionfm.cl\/index.php?rest_route=\/wp\/v2\/types\/post"}],"author":[{"embeddable":true,"href":"https:\/\/radiorevelacionfm.cl\/index.php?rest_route=\/wp\/v2\/users\/1"}],"replies":[{"embeddable":true,"href":"https:\/\/radiorevelacionfm.cl\/index.php?rest_route=%2Fwp%2Fv2%2Fcomments&post=7339"}],"version-history":[{"count":1,"href":"https:\/\/radiorevelacionfm.cl\/index.php?rest_route=\/wp\/v2\/posts\/7339\/revisions"}],"predecessor-version":[{"id":7341,"href":"https:\/\/radiorevelacionfm.cl\/index.php?rest_route=\/wp\/v2\/posts\/7339\/revisions\/7341"}],"wp:featuredmedia":[{"embeddable":true,"href":"https:\/\/radiorevelacionfm.cl\/index.php?rest_route=\/wp\/v2\/media\/7342"}],"wp:attachment":[{"href":"https:\/\/radiorevelacionfm.cl\/index.php?rest_route=%2Fwp%2Fv2%2Fmedia&parent=7339"}],"wp:term":[{"taxonomy":"category","embeddable":true,"href":"https:\/\/radiorevelacionfm.cl\/index.php?rest_route=%2Fwp%2Fv2%2Fcategories&post=7339"},{"taxonomy":"post_tag","embeddable":true,"href":"https:\/\/radiorevelacionfm.cl\/index.php?rest_route=%2Fwp%2Fv2%2Ftags&post=7339"}],"curies":[{"name":"wp","href":"https:\/\/api.w.org\/{rel}","templated":true}]}}