{"id":7336,"date":"2021-08-11T12:02:15","date_gmt":"2021-08-11T15:02:15","guid":{"rendered":"https:\/\/radiorevelacionfm.cl\/?p=7336"},"modified":"2021-08-11T12:02:15","modified_gmt":"2021-08-11T15:02:15","slug":"en-aysen-invitan-a-la-comunidad-a-sumarse-a-investigacion-para-la-deteccion-precoz-de-helicobacter-pylori","status":"publish","type":"post","link":"https:\/\/radiorevelacionfm.cl\/?p=7336","title":{"rendered":"En Ays\u00e9n invitan a la comunidad a sumarse a investigaci\u00f3n para la detecci\u00f3n precoz de Helicobacter Pylori"},"content":{"rendered":"<div class=\"flex_column av_one_full  flex_column_div av-zero-column-padding first  avia-builder-el-0  el_before_av_one_full  avia-builder-el-first  \" style='border-radius:0px; '><div  class='avia-image-container  av-styling-    avia-builder-el-1  avia-builder-el-no-sibling  avia-align-center '  itemprop=\"image\" itemscope=\"itemscope\" itemtype=\"https:\/\/schema.org\/ImageObject\"  ><div class='avia-image-container-inner'><div class='avia-image-overlay-wrap'><img decoding=\"async\" class='wp-image-7337 avia-img-lazy-loading-not-7337 avia_image' src=\"https:\/\/radiorevelacionfm.cl\/wp-content\/uploads\/2021\/08\/IMG-Examen-1-1.jpg\" alt='' title='IMG-Examen (1) (1)' height=\"600\" width=\"1067\"  itemprop=\"thumbnailUrl\" srcset=\"https:\/\/radiorevelacionfm.cl\/wp-content\/uploads\/2021\/08\/IMG-Examen-1-1.jpg 1067w, https:\/\/radiorevelacionfm.cl\/wp-content\/uploads\/2021\/08\/IMG-Examen-1-1-300x169.jpg 300w, https:\/\/radiorevelacionfm.cl\/wp-content\/uploads\/2021\/08\/IMG-Examen-1-1-1030x579.jpg 1030w, https:\/\/radiorevelacionfm.cl\/wp-content\/uploads\/2021\/08\/IMG-Examen-1-1-768x432.jpg 768w, https:\/\/radiorevelacionfm.cl\/wp-content\/uploads\/2021\/08\/IMG-Examen-1-1-705x396.jpg 705w, https:\/\/radiorevelacionfm.cl\/wp-content\/uploads\/2021\/08\/IMG-Examen-1-1-600x337.jpg 600w\" sizes=\"(max-width: 1067px) 100vw, 1067px\" \/><\/div><\/div><\/div><\/div><div class=\"flex_column av_one_full  flex_column_div av-zero-column-padding first  avia-builder-el-2  el_after_av_one_full  el_before_av_one_full  column-top-margin\" style='border-radius:0px; '><section class=\"av_textblock_section \"  itemscope=\"itemscope\" itemtype=\"https:\/\/schema.org\/BlogPosting\" itemprop=\"blogPost\" ><div class='avia_textblock  '   itemprop=\"text\" ><p style=\"text-align: center;\"><strong><span style=\"font-size: 18pt;\">En Ays\u00e9n invitan a la comunidad a sumarse a investigaci\u00f3n para la detecci\u00f3n precoz de Helicobacter Pylori<\/span><\/strong><\/p>\n<div id=\"gtx-trans\" style=\"position: absolute; left: -50px; top: 4.31534px;\">\n<div class=\"gtx-trans-icon\"><\/div>\n<\/div>\n<\/div><\/section><\/div><div class=\"flex_column av_one_full  flex_column_div av-zero-column-padding first  avia-builder-el-4  el_after_av_one_full  el_before_av_hr  column-top-margin\" style='border-radius:0px; '><section class=\"av_textblock_section \"  itemscope=\"itemscope\" itemtype=\"https:\/\/schema.org\/BlogPosting\" itemprop=\"blogPost\" ><div class='avia_textblock  '   itemprop=\"text\" ><p style=\"text-align: justify;\">Con el objetivo contribuir a la salud de la poblaci\u00f3n que reside en la comuna porte\u00f1a. El alcalde de Ays\u00e9n, Julio Uribe Alvarado, en representaci\u00f3n de la Casa Edilicia invit\u00f3 a participar de la investigaci\u00f3n liderada por la acad\u00e9mica de la Universidad de Ays\u00e9n, Dra. Beatriz Zabala y que busca realizar, bajo un m\u00e9todo no invasivo, la detecci\u00f3n temprana de la bacteria \u201cHelicobacter Pylori\u201d. Pat\u00f3geno que est\u00e1 relacionado a la aparici\u00f3n de \u00falceras g\u00e1stricas y el c\u00e1ncer g\u00e1strico. Para ello, se ha dispuesto los s\u00e1bados del uso de la Oficina de Turismo ubicada en dependencias de la Biblioteca Municipal desde las 10:00 a las 14:30 horas.<\/p>\n<p style=\"text-align: justify;\">Ante esta situaci\u00f3n el Edil de la comuna porte\u00f1a, Julio Uribe Alvarado, relev\u00f3 su disposici\u00f3n a colaborar con la iniciativa, ya que este proyecto comenz\u00f3 hace un par de a\u00f1os atr\u00e1s cuando \u00e9l ejerci\u00f3 el cargo de presidente del Consejo Regional, \u201ceste estudio se est\u00e1 haciendo para ver si a trav\u00e9s de la bacteria H. Pylori se produce el c\u00e1ncer porque nosotros tenemos uno de los m\u00e1s altos \u00edndices de c\u00e1ncer al est\u00f3mago, el trabajo se est\u00e1 haciendo en base a una detecci\u00f3n temprana porque esta bacteria comienza a da\u00f1ar el organismo y se descubre solamente cuando ya estamos en edades avanzadas\u201d.<\/p>\n<p style=\"text-align: justify;\">Por lo que la autoridad comunal, abord\u00f3 el trabajo que est\u00e1 desarrollando el equipo de investigaci\u00f3n en materia de detecci\u00f3n \u201ctambi\u00e9n hago el llamado en que esto es muy importante, todav\u00eda quedan cupos, alrededor de 200 cupos para que vengan nuestros vecinos a tomarse los ex\u00e1menes los d\u00edas s\u00e1bados en la Oficina de Biblioteca para que asistan y podamos completar los cupos con ayseninos\u201d.<\/p>\n<p style=\"text-align: justify;\">Marco Acu\u00f1a, epidemi\u00f3logo de la Seremi de Salud de Ays\u00e9n, explic\u00f3 el objetivo que tiene esta iniciativa y que se traduce en buscar en la poblaci\u00f3n sin s\u00edntomas g\u00e1stricos, la presencia de esta bacteria. Todo esto, bajo criterios de participaci\u00f3n en los grupos etarios comprendidos entre 15 a 19, de 30 a 49 y de 60 a 64; siempre y cuando no cuenten con un diagn\u00f3stico previo de H. Pylori, no haber sido sometido a una endoscop\u00eda o a un tratamiento para Helicobacter pylori.<\/p>\n<p style=\"text-align: justify;\">Acu\u00f1a, quien participa activamente como investigador en el estudio destac\u00f3 que \u201cla importancia que tiene este estudio, es que le vamos a tomar una muestra que no es invasiva para buscar la bacteria. Porque hoy lo que tiene el sistema de salud p\u00fablico es hacer una endoscopia que s\u00ed es un procedimiento invasivo, si la persona sale positiva va a tener una evaluaci\u00f3n por gastroenter\u00f3logo y tratamiento con antibi\u00f3ticos de \u00faltima generaci\u00f3n por 14 d\u00edas y luego se le va a tomar una muestra de sangre para ver si adem\u00e1s existen unos biomarcadores que aparecen en sangre para saber si hay da\u00f1o ya en la mucosa g\u00e1strica\u201d.<\/p>\n<p style=\"text-align: justify;\">Finalmente, Nayaret Medina, Ingeniera en Alimentos y responsable del procesamiento de muestras, invit\u00f3 a la poblaci\u00f3n a participar \u201ces un proyecto totalmente gratuito, preventivo que es s\u00faper importante y es para evitar m\u00e1s adelante tener alg\u00fan problema estomacal. Por eso invitamos a todos los ayseninos que cumplan con los requisitos de inclusi\u00f3n a que participen, estamos a su disposici\u00f3n. En las redes sociales est\u00e1 nuestro contacto y muy agradecida por la participaci\u00f3n porque hoy d\u00eda tuvimos mucha gente y eso s\u00faper bien\u201d, sentenci\u00f3 la investigadora.<\/p>\n<\/div><\/section><\/div><div  style='height:50px' class='hr hr-invisible   avia-builder-el-6  el_after_av_one_full  el_before_av_social_share '><span class='hr-inner ' ><span class='hr-inner-style'><\/span><\/span><\/div><\/p>\n<div  class='av-social-sharing-box  avia-builder-el-7  el_after_av_hr  el_before_av_hr  '><div class='av-share-box'><h5 class='av-share-link-description av-no-toc '>Compartir esta noticia<\/h5><ul class='av-share-box-list noLightbox'><li class='av-share-link av-social-link-facebook' ><a target=\"_blank\" aria-label=\"Compartir en Facebook\" href='https:\/\/www.facebook.com\/sharer.php?u=https:\/\/radiorevelacionfm.cl\/?p=7336&#038;t=En%20Ays%C3%A9n%20invitan%20a%20la%20comunidad%20a%20sumarse%20a%20investigaci%C3%B3n%20para%20la%20detecci%C3%B3n%20precoz%20de%20Helicobacter%20Pylori' aria-hidden='false' data-av_icon='\ue8f3' data-av_iconfont='entypo-fontello' title='' data-avia-related-tooltip='Compartir en Facebook' rel=\"noopener\"><span class='avia_hidden_link_text'>Compartir en Facebook<\/span><\/a><\/li><li class='av-share-link av-social-link-twitter' ><a target=\"_blank\" aria-label=\"Compartir en Twitter\" href='https:\/\/twitter.com\/share?text=En%20Ays%C3%A9n%20invitan%20a%20la%20comunidad%20a%20sumarse%20a%20investigaci%C3%B3n%20para%20la%20detecci%C3%B3n%20precoz%20de%20Helicobacter%20Pylori&#038;url=https:\/\/radiorevelacionfm.cl\/?p=7336' aria-hidden='false' data-av_icon='\ue8f1' data-av_iconfont='entypo-fontello' title='' data-avia-related-tooltip='Compartir en Twitter' rel=\"noopener\"><span class='avia_hidden_link_text'>Compartir en Twitter<\/span><\/a><\/li><li class='av-share-link av-social-link-whatsapp' ><a target=\"_blank\" aria-label=\"Compartir en Whatsapp\" href='https:\/\/api.whatsapp.com\/send?text=https:\/\/radiorevelacionfm.cl\/?p=7336' aria-hidden='false' data-av_icon='\uf232' data-av_iconfont='entypo-fontello' title='' data-avia-related-tooltip='Compartir en Whatsapp' rel=\"noopener\"><span class='avia_hidden_link_text'>Compartir en Whatsapp<\/span><\/a><\/li><li class='av-share-link av-social-link-linkedin' ><a target=\"_blank\" aria-label=\"Compartir en LinkedIn\" href='https:\/\/linkedin.com\/shareArticle?mini=true&#038;title=En%20Ays%C3%A9n%20invitan%20a%20la%20comunidad%20a%20sumarse%20a%20investigaci%C3%B3n%20para%20la%20detecci%C3%B3n%20precoz%20de%20Helicobacter%20Pylori&#038;url=https:\/\/radiorevelacionfm.cl\/?p=7336' aria-hidden='false' data-av_icon='\ue8fc' data-av_iconfont='entypo-fontello' title='' data-avia-related-tooltip='Compartir en LinkedIn' rel=\"noopener\"><span class='avia_hidden_link_text'>Compartir en LinkedIn<\/span><\/a><\/li><li class='av-share-link av-social-link-mail' ><a  aria-label=\"Compartir por correo\" href='mailto:?subject=En%20Ays%C3%A9n%20invitan%20a%20la%20comunidad%20a%20sumarse%20a%20investigaci%C3%B3n%20para%20la%20detecci%C3%B3n%20precoz%20de%20Helicobacter%20Pylori&#038;body=https:\/\/radiorevelacionfm.cl\/?p=7336' aria-hidden='false' data-av_icon='\ue805' data-av_iconfont='entypo-fontello' title='' data-avia-related-tooltip='Compartir por correo'><span class='avia_hidden_link_text'>Compartir por correo<\/span><\/a><\/li><\/ul><\/div><\/div>\n<div  style='height:50px' class='hr hr-invisible   avia-builder-el-8  el_after_av_social_share  el_before_av_comments_list '><span class='hr-inner ' ><span class='hr-inner-style'><\/span><\/span><\/div>\n<div  class='av-buildercomment  av-blog-meta-html-info-disabled av-blog-meta-tag-disabled  '><\/div>\n","protected":false},"excerpt":{"rendered":"","protected":false},"author":1,"featured_media":7337,"comment_status":"open","ping_status":"open","sticky":false,"template":"","format":"standard","meta":{"footnotes":""},"categories":[46],"tags":[],"class_list":["post-7336","post","type-post","status-publish","format-standard","has-post-thumbnail","hentry","category-salud"],"jetpack_featured_media_url":"https:\/\/radiorevelacionfm.cl\/wp-content\/uploads\/2021\/08\/IMG-Examen-1-1.jpg","_links":{"self":[{"href":"https:\/\/radiorevelacionfm.cl\/index.php?rest_route=\/wp\/v2\/posts\/7336","targetHints":{"allow":["GET"]}}],"collection":[{"href":"https:\/\/radiorevelacionfm.cl\/index.php?rest_route=\/wp\/v2\/posts"}],"about":[{"href":"https:\/\/radiorevelacionfm.cl\/index.php?rest_route=\/wp\/v2\/types\/post"}],"author":[{"embeddable":true,"href":"https:\/\/radiorevelacionfm.cl\/index.php?rest_route=\/wp\/v2\/users\/1"}],"replies":[{"embeddable":true,"href":"https:\/\/radiorevelacionfm.cl\/index.php?rest_route=%2Fwp%2Fv2%2Fcomments&post=7336"}],"version-history":[{"count":1,"href":"https:\/\/radiorevelacionfm.cl\/index.php?rest_route=\/wp\/v2\/posts\/7336\/revisions"}],"predecessor-version":[{"id":7338,"href":"https:\/\/radiorevelacionfm.cl\/index.php?rest_route=\/wp\/v2\/posts\/7336\/revisions\/7338"}],"wp:featuredmedia":[{"embeddable":true,"href":"https:\/\/radiorevelacionfm.cl\/index.php?rest_route=\/wp\/v2\/media\/7337"}],"wp:attachment":[{"href":"https:\/\/radiorevelacionfm.cl\/index.php?rest_route=%2Fwp%2Fv2%2Fmedia&parent=7336"}],"wp:term":[{"taxonomy":"category","embeddable":true,"href":"https:\/\/radiorevelacionfm.cl\/index.php?rest_route=%2Fwp%2Fv2%2Fcategories&post=7336"},{"taxonomy":"post_tag","embeddable":true,"href":"https:\/\/radiorevelacionfm.cl\/index.php?rest_route=%2Fwp%2Fv2%2Ftags&post=7336"}],"curies":[{"name":"wp","href":"https:\/\/api.w.org\/{rel}","templated":true}]}}