{"id":7331,"date":"2021-08-10T21:58:34","date_gmt":"2021-08-11T00:58:34","guid":{"rendered":"https:\/\/radiorevelacionfm.cl\/?p=7331"},"modified":"2021-08-10T21:58:34","modified_gmt":"2021-08-11T00:58:34","slug":"academico-de-la-universidad-de-aysen-formalizado-por-violacion-es-destituido-de-su-cargo","status":"publish","type":"post","link":"https:\/\/radiorevelacionfm.cl\/?p=7331","title":{"rendered":"Acad\u00e9mico de la Universidad de Ays\u00e9n formalizado por violaci\u00f3n es destituido de su cargo"},"content":{"rendered":"<div class=\"flex_column av_one_full  flex_column_div av-zero-column-padding first  avia-builder-el-0  el_before_av_one_full  avia-builder-el-first  \" style='border-radius:0px; '><div  class='avia-image-container  av-styling-    avia-builder-el-1  avia-builder-el-no-sibling  avia-align-center '  itemprop=\"image\" itemscope=\"itemscope\" itemtype=\"https:\/\/schema.org\/ImageObject\"  ><div class='avia-image-container-inner'><div class='avia-image-overlay-wrap'><img decoding=\"async\" class='wp-image-7332 avia-img-lazy-loading-not-7332 avia_image' src=\"https:\/\/radiorevelacionfm.cl\/wp-content\/uploads\/2021\/08\/uaysen-1_optimized.jpg\" alt='' title='uaysen-(1)_optimized' height=\"600\" width=\"1096\"  itemprop=\"thumbnailUrl\" srcset=\"https:\/\/radiorevelacionfm.cl\/wp-content\/uploads\/2021\/08\/uaysen-1_optimized.jpg 1096w, https:\/\/radiorevelacionfm.cl\/wp-content\/uploads\/2021\/08\/uaysen-1_optimized-300x164.jpg 300w, https:\/\/radiorevelacionfm.cl\/wp-content\/uploads\/2021\/08\/uaysen-1_optimized-1030x564.jpg 1030w, https:\/\/radiorevelacionfm.cl\/wp-content\/uploads\/2021\/08\/uaysen-1_optimized-768x420.jpg 768w, https:\/\/radiorevelacionfm.cl\/wp-content\/uploads\/2021\/08\/uaysen-1_optimized-705x386.jpg 705w, https:\/\/radiorevelacionfm.cl\/wp-content\/uploads\/2021\/08\/uaysen-1_optimized-600x328.jpg 600w\" sizes=\"(max-width: 1096px) 100vw, 1096px\" \/><\/div><\/div><\/div><\/div><div class=\"flex_column av_one_full  flex_column_div av-zero-column-padding first  avia-builder-el-2  el_after_av_one_full  el_before_av_one_full  column-top-margin\" style='border-radius:0px; '><section class=\"av_textblock_section \"  itemscope=\"itemscope\" itemtype=\"https:\/\/schema.org\/BlogPosting\" itemprop=\"blogPost\" ><div class='avia_textblock  '   itemprop=\"text\" ><p style=\"text-align: center;\"><strong><span style=\"font-size: 18pt;\">Acad\u00e9mico de la Universidad de Ays\u00e9n formalizado por violaci\u00f3n es destituido de su cargo <\/span><\/strong><\/p>\n<div id=\"gtx-trans\" style=\"position: absolute; left: -50px; top: 4.31534px;\">\n<div class=\"gtx-trans-icon\"><\/div>\n<\/div>\n<\/div><\/section><\/div><div class=\"flex_column av_one_full  flex_column_div av-zero-column-padding first  avia-builder-el-4  el_after_av_one_full  el_before_av_hr  column-top-margin\" style='border-radius:0px; '><section class=\"av_textblock_section \"  itemscope=\"itemscope\" itemtype=\"https:\/\/schema.org\/BlogPosting\" itemprop=\"blogPost\" ><div class='avia_textblock  '   itemprop=\"text\" ><p style=\"text-align: justify;\">Esta tarde la casa de estudio a trav\u00e9s de una breve declaraci\u00f3n p\u00fablica inform\u00f3 la medida adoptada.<\/p>\n<p style=\"text-align: justify;\">El comunicado se\u00f1ala. La Universidad de Ays\u00e9n informa que respecto de la investigaci\u00f3n sumaria realizada en contra de N\u00e9stor \u00cdtalo Carrera Arenas, es necesario comunicar a la comunidad regional lo siguiente:<\/p>\n<p style=\"text-align: justify;\">En el mes de junio de 2021, concluy\u00f3 un exhaustivo proceso de sumario administrativo que permiti\u00f3 a la fiscal a cargo, realizar un proceso que cumpliera con la m\u00e1xima rigurosidad y responsabilidad que una situaci\u00f3n como esta ameritaba.<\/p>\n<p style=\"text-align: justify;\">Luego de finalizado el sumario administrativo, la m\u00e1xima autoridad universitaria instruy\u00f3 la aplicaci\u00f3n de la sanci\u00f3n de destituci\u00f3n del cargo de acad\u00e9mico de la Universidad de Ays\u00e9n a N\u00e9stor \u00cdtalo Carrera Arenas. Dicho proceso continuar\u00e1 su tramitaci\u00f3n administrativa correspondiente en la Contralor\u00eda Regional de Ays\u00e9n, para su toma de raz\u00f3n.<\/p>\n<p style=\"text-align: justify;\">Cabe recordar que el profesor hab\u00eda sido formalizado en audiencia efectuada el 25 de febrero de este a\u00f1o, (causa rol 3.532-2020), donde se orden\u00f3 el ingreso de Carrera Arenas al Centro de Cumplimiento Penitenciario de Puerto Montt, por considerar que la libertad del imputado constitu\u00eda un peligro para la seguridad de la sociedad.<\/p>\n<p style=\"text-align: justify;\">La ocurrencia de los hechos se remonta\u2013a mediados del a\u00f1o 2019\u2013 cuando la v\u00edctima denunci\u00f3 el ataque sexual, en dicha \u00e9poca, se desempe\u00f1aba como profesor en la Universidad de Ays\u00e9n y ten\u00eda a su cargo una asignatura en la carrera que cursaba la v\u00edctima.<\/p>\n<\/div><\/section><\/div><div  style='height:50px' class='hr hr-invisible   avia-builder-el-6  el_after_av_one_full  el_before_av_social_share '><span class='hr-inner ' ><span class='hr-inner-style'><\/span><\/span><\/div><\/p>\n<div  class='av-social-sharing-box  avia-builder-el-7  el_after_av_hr  el_before_av_hr  '><div class='av-share-box'><h5 class='av-share-link-description av-no-toc '>Compartir esta noticia<\/h5><ul class='av-share-box-list noLightbox'><li class='av-share-link av-social-link-facebook' ><a target=\"_blank\" aria-label=\"Compartir en Facebook\" href='https:\/\/www.facebook.com\/sharer.php?u=https:\/\/radiorevelacionfm.cl\/?p=7331&#038;t=Acad%C3%A9mico%20de%20la%20Universidad%20de%20Ays%C3%A9n%20formalizado%20por%20violaci%C3%B3n%20es%20destituido%20de%20su%20cargo' aria-hidden='false' data-av_icon='\ue8f3' data-av_iconfont='entypo-fontello' title='' data-avia-related-tooltip='Compartir en Facebook' rel=\"noopener\"><span class='avia_hidden_link_text'>Compartir en Facebook<\/span><\/a><\/li><li class='av-share-link av-social-link-twitter' ><a target=\"_blank\" aria-label=\"Compartir en Twitter\" href='https:\/\/twitter.com\/share?text=Acad%C3%A9mico%20de%20la%20Universidad%20de%20Ays%C3%A9n%20formalizado%20por%20violaci%C3%B3n%20es%20destituido%20de%20su%20cargo&#038;url=https:\/\/radiorevelacionfm.cl\/?p=7331' aria-hidden='false' data-av_icon='\ue8f1' data-av_iconfont='entypo-fontello' title='' data-avia-related-tooltip='Compartir en Twitter' rel=\"noopener\"><span class='avia_hidden_link_text'>Compartir en Twitter<\/span><\/a><\/li><li class='av-share-link av-social-link-whatsapp' ><a target=\"_blank\" aria-label=\"Compartir en Whatsapp\" href='https:\/\/api.whatsapp.com\/send?text=https:\/\/radiorevelacionfm.cl\/?p=7331' aria-hidden='false' data-av_icon='\uf232' data-av_iconfont='entypo-fontello' title='' data-avia-related-tooltip='Compartir en Whatsapp' rel=\"noopener\"><span class='avia_hidden_link_text'>Compartir en Whatsapp<\/span><\/a><\/li><li class='av-share-link av-social-link-linkedin' ><a target=\"_blank\" aria-label=\"Compartir en LinkedIn\" href='https:\/\/linkedin.com\/shareArticle?mini=true&#038;title=Acad%C3%A9mico%20de%20la%20Universidad%20de%20Ays%C3%A9n%20formalizado%20por%20violaci%C3%B3n%20es%20destituido%20de%20su%20cargo&#038;url=https:\/\/radiorevelacionfm.cl\/?p=7331' aria-hidden='false' data-av_icon='\ue8fc' data-av_iconfont='entypo-fontello' title='' data-avia-related-tooltip='Compartir en LinkedIn' rel=\"noopener\"><span class='avia_hidden_link_text'>Compartir en LinkedIn<\/span><\/a><\/li><li class='av-share-link av-social-link-mail' ><a  aria-label=\"Compartir por correo\" href='mailto:?subject=Acad%C3%A9mico%20de%20la%20Universidad%20de%20Ays%C3%A9n%20formalizado%20por%20violaci%C3%B3n%20es%20destituido%20de%20su%20cargo&#038;body=https:\/\/radiorevelacionfm.cl\/?p=7331' aria-hidden='false' data-av_icon='\ue805' data-av_iconfont='entypo-fontello' title='' data-avia-related-tooltip='Compartir por correo'><span class='avia_hidden_link_text'>Compartir por correo<\/span><\/a><\/li><\/ul><\/div><\/div>\n<div  style='height:50px' class='hr hr-invisible   avia-builder-el-8  el_after_av_social_share  el_before_av_comments_list '><span class='hr-inner ' ><span class='hr-inner-style'><\/span><\/span><\/div>\n<div  class='av-buildercomment  av-blog-meta-html-info-disabled av-blog-meta-tag-disabled  '><\/div>\n","protected":false},"excerpt":{"rendered":"","protected":false},"author":1,"featured_media":7332,"comment_status":"open","ping_status":"open","sticky":false,"template":"","format":"standard","meta":{"footnotes":""},"categories":[38],"tags":[],"class_list":["post-7331","post","type-post","status-publish","format-standard","has-post-thumbnail","hentry","category-regional"],"jetpack_featured_media_url":"https:\/\/radiorevelacionfm.cl\/wp-content\/uploads\/2021\/08\/uaysen-1_optimized.jpg","_links":{"self":[{"href":"https:\/\/radiorevelacionfm.cl\/index.php?rest_route=\/wp\/v2\/posts\/7331","targetHints":{"allow":["GET"]}}],"collection":[{"href":"https:\/\/radiorevelacionfm.cl\/index.php?rest_route=\/wp\/v2\/posts"}],"about":[{"href":"https:\/\/radiorevelacionfm.cl\/index.php?rest_route=\/wp\/v2\/types\/post"}],"author":[{"embeddable":true,"href":"https:\/\/radiorevelacionfm.cl\/index.php?rest_route=\/wp\/v2\/users\/1"}],"replies":[{"embeddable":true,"href":"https:\/\/radiorevelacionfm.cl\/index.php?rest_route=%2Fwp%2Fv2%2Fcomments&post=7331"}],"version-history":[{"count":1,"href":"https:\/\/radiorevelacionfm.cl\/index.php?rest_route=\/wp\/v2\/posts\/7331\/revisions"}],"predecessor-version":[{"id":7333,"href":"https:\/\/radiorevelacionfm.cl\/index.php?rest_route=\/wp\/v2\/posts\/7331\/revisions\/7333"}],"wp:featuredmedia":[{"embeddable":true,"href":"https:\/\/radiorevelacionfm.cl\/index.php?rest_route=\/wp\/v2\/media\/7332"}],"wp:attachment":[{"href":"https:\/\/radiorevelacionfm.cl\/index.php?rest_route=%2Fwp%2Fv2%2Fmedia&parent=7331"}],"wp:term":[{"taxonomy":"category","embeddable":true,"href":"https:\/\/radiorevelacionfm.cl\/index.php?rest_route=%2Fwp%2Fv2%2Fcategories&post=7331"},{"taxonomy":"post_tag","embeddable":true,"href":"https:\/\/radiorevelacionfm.cl\/index.php?rest_route=%2Fwp%2Fv2%2Ftags&post=7331"}],"curies":[{"name":"wp","href":"https:\/\/api.w.org\/{rel}","templated":true}]}}