{"id":7328,"date":"2021-08-10T20:06:15","date_gmt":"2021-08-10T23:06:15","guid":{"rendered":"https:\/\/radiorevelacionfm.cl\/?p=7328"},"modified":"2021-08-10T20:06:15","modified_gmt":"2021-08-10T23:06:15","slug":"acusan-fraude-en-eleccion-que-priorizo-a-patricio-aylwin-como-candidato-a-diputado-de-la-dc","status":"publish","type":"post","link":"https:\/\/radiorevelacionfm.cl\/?p=7328","title":{"rendered":"Acusan fraude en elecci\u00f3n que prioriz\u00f3 a Patricio Aylwin como candidato a diputado de la DC"},"content":{"rendered":"<div class=\"flex_column av_one_full  flex_column_div av-zero-column-padding first  avia-builder-el-0  el_before_av_one_full  avia-builder-el-first  \" style='border-radius:0px; '><div  class='avia-image-container  av-styling-    avia-builder-el-1  avia-builder-el-no-sibling  avia-align-center '  itemprop=\"image\" itemscope=\"itemscope\" itemtype=\"https:\/\/schema.org\/ImageObject\"  ><div class='avia-image-container-inner'><div class='avia-image-overlay-wrap'><img decoding=\"async\" class='wp-image-7329 avia-img-lazy-loading-not-7329 avia_image' src=\"https:\/\/radiorevelacionfm.cl\/wp-content\/uploads\/2021\/08\/PA2-1-1.jpg\" alt='' title='PA(2) (1) (1)' height=\"600\" width=\"856\"  itemprop=\"thumbnailUrl\" srcset=\"https:\/\/radiorevelacionfm.cl\/wp-content\/uploads\/2021\/08\/PA2-1-1.jpg 856w, https:\/\/radiorevelacionfm.cl\/wp-content\/uploads\/2021\/08\/PA2-1-1-300x210.jpg 300w, https:\/\/radiorevelacionfm.cl\/wp-content\/uploads\/2021\/08\/PA2-1-1-768x538.jpg 768w, https:\/\/radiorevelacionfm.cl\/wp-content\/uploads\/2021\/08\/PA2-1-1-705x494.jpg 705w, https:\/\/radiorevelacionfm.cl\/wp-content\/uploads\/2021\/08\/PA2-1-1-600x421.jpg 600w\" sizes=\"(max-width: 856px) 100vw, 856px\" \/><\/div><\/div><\/div><\/div><div class=\"flex_column av_one_full  flex_column_div av-zero-column-padding first  avia-builder-el-2  el_after_av_one_full  el_before_av_one_full  column-top-margin\" style='border-radius:0px; '><section class=\"av_textblock_section \"  itemscope=\"itemscope\" itemtype=\"https:\/\/schema.org\/BlogPosting\" itemprop=\"blogPost\" ><div class='avia_textblock  '   itemprop=\"text\" ><p style=\"text-align: center;\"><strong><span style=\"font-size: 18pt;\">Acusan fraude en elecci\u00f3n que prioriz\u00f3 a Patricio Aylwin como candidato a diputado de la DC<\/span><\/strong><\/p>\n<div id=\"gtx-trans\" style=\"position: absolute; left: -50px; top: 4.31534px;\">\n<div class=\"gtx-trans-icon\"><\/div>\n<\/div>\n<\/div><\/section><\/div><div class=\"flex_column av_one_full  flex_column_div av-zero-column-padding first  avia-builder-el-4  el_after_av_one_full  el_before_av_hr  column-top-margin\" style='border-radius:0px; '><section class=\"av_textblock_section \"  itemscope=\"itemscope\" itemtype=\"https:\/\/schema.org\/BlogPosting\" itemprop=\"blogPost\" ><div class='avia_textblock  '   itemprop=\"text\" ><p style=\"font-weight: 400; text-align: justify;\">Bastante molestos se encuentran un grupo de militantes de la Democracia Cristiana, quienes acusan un fraude en la elecci\u00f3n de Patricio Aylwin como candidato a diputado de ese partido por sobre el actual parlamentario en ejercicio Miguel \u00c1ngel Calisto. Seg\u00fan una carta que enviaron al Consejo Nacional de la DC, de las 9 personas que votaron por Aylwin en la Junta Regional del fin de semana, 5 estar\u00edan inhabilitadas para participar en esa elecci\u00f3n.<\/p>\n<p style=\"font-weight: 400; text-align: justify;\">La misiva est\u00e1 firmada, entre otros, por el alcalde de Villa O\u00b4Higgins, Jos\u00e9 Fica, los consejeros\u00a0Rocco Martiniello y Sergio Gonz\u00e1lez, los concejales\u00a0Rosa Gonz\u00e1lez de Ays\u00e9n,\u00a0Ariel Keim y Mario Figueroa\u00a0de Chile Chico,\u00a0Ang\u00e9lica Cruces de Villa O\u00b4Higgins y\u00a0Rub\u00e9n Sandoval\u00a0de Ib\u00e1\u00f1ez, el presidente de la comunal Ays\u00e9n,\u00a0Juan Alocilla, adem\u00e1s de cerca de 60 militantes del partido.<\/p>\n<p style=\"font-weight: 400; text-align: justify;\">El art\u00edculo 34 del estatuto interno de la DC establece que la Junta Regional estar\u00e1 integrada por quienes hayan sido elegidos delegados partidarios y que conjuntamente hayan resultado elegidos como las autoridades partidarias. Estos son la Directiva Regional, Presidentes Comunales, Presidentes Regionales de Frentes y Departamentos y los Delegados Territoriales de la Junta Nacional correspondientes a la Regi\u00f3n respectiva. Ellos tendr\u00e1n derecho a voz y voto en esta instancia partidaria. Sin embargo, en la votaci\u00f3n del s\u00e1bado, cinco de las personas que votaron por Aylwin eran s\u00f3lo militantes y no ten\u00edan ninguno de los cargos antes nombrados.<\/p>\n<p style=\"font-weight: 400; text-align: justify;\">En la carta se establece que \u201cla sesi\u00f3n fue iniciada v\u00eda zoom por Marcio Villouta, presidente regional DC, contando con la presencia de 19 camaradas, de los cuales solo 12 de los asistentes gozan de derecho a voto, seg\u00fan el art\u00edculo 34 de los estatutos DC, en el cumplimiento de la ley N\u00ba 18.603 que regula los Partidos pol\u00edticos\u201d.<\/p>\n<p style=\"font-weight: 400; text-align: justify;\">Adem\u00e1s, en la misiva se establece que \u201cen extra\u00f1as circunstancias, el Presidente Regional procede a realizar la votaci\u00f3n de priorizaci\u00f3n de candidaturas parlamentarias, permitiendo votar a todos los asistentes por el s\u00f3lo m\u00e9rito de haberse conectado, vulnerando todos los procesos democr\u00e1ticos internos que otorgan el derecho a sufragio en una junta regional. Tras la solicitud de aclaraci\u00f3n de quienes estaban habilitados para votar, se resguarda en una torcida interpretaci\u00f3n de la buena fe, apelando a ella para que todos pudiesen votar\u201d.<\/p>\n<p style=\"font-weight: 400; text-align: justify;\">\u201cLo anterior, no solo representa un detrimento irreversible al proceso de priorizaci\u00f3n de las candidaturas parlamentarias, ni al est\u00e1ndar que debiese tener nuestro partido seg\u00fan la moral y la \u00e9tica que nos representa y caracteriza, sino que adem\u00e1s vulnera la candidatura de nuestro actual diputado Sr. Miguel \u00c1ngel Calisto \u00c1guila, quien fue electo con primera mayor\u00eda regional y tercera mayor\u00eda nacional, y cuya omisi\u00f3n irregular por parte de la Directiva Regional de su postulaci\u00f3n, no hace m\u00e1s que representar una desconexi\u00f3n total con la ciudadan\u00eda\u201d.<\/p>\n<p style=\"font-weight: 400; text-align: justify;\">En el texto se indica que \u201cexigimos de forma inmediata la realizaci\u00f3n de una votaci\u00f3n acorde a nuestros estatutos, sin arbitrariedades y con garant\u00edas democr\u00e1ticas m\u00ednimas para elegir a nuestros candidatos y candidatas. As\u00ed como tambi\u00e9n solidarizamos con nuestro actual diputado, frente a las conductas fraudulentas cometidas por personeros pol\u00edticos sin sentido de realidad y que no tienen respeto alguno por nuestros estatutos ni principios\u201d.<\/p>\n<p style=\"font-weight: 400; text-align: justify;\">\u201cSolicitamos al actual diputado Miguel \u00c1ngel Calisto \u00c1guila, por nuestras vecinas y vecinos, por nuestro territorio y su gente, perseverar en la opci\u00f3n de ser nuestro candidato. Estamos convencidos que es la mejor opci\u00f3n para representar nuestros ideales sin ir m\u00e1s lejos, siendo el parlamentario de nuestra regi\u00f3n con m\u00e1s proyectos de ley presentados, oficios de fiscalizaci\u00f3n emitidos y proyectos de resoluci\u00f3n despachados, y que, adicionando a su constante trabajo en terreno, son se\u00f1ales que hablan por s\u00ed solas.\u201d<\/p>\n<p style=\"font-weight: 400; text-align: justify;\">Finalmente, el texto asegura que \u201cLas conductas reci\u00e9n descritas, son acreedoras de un fraude cuya voluntariedad y discernimiento representa todo aquello que el humanismo cristiano y nuestro partido buscan erradicar en el ejercicio de la pol\u00edtica y la b\u00fasqueda del bien com\u00fan\u201d.<\/p>\n<\/div><\/section><\/div><div  style='height:50px' class='hr hr-invisible   avia-builder-el-6  el_after_av_one_full  el_before_av_social_share '><span class='hr-inner ' ><span class='hr-inner-style'><\/span><\/span><\/div><\/p>\n<div  class='av-social-sharing-box  avia-builder-el-7  el_after_av_hr  el_before_av_hr  '><div class='av-share-box'><h5 class='av-share-link-description av-no-toc '>Compartir esta noticia<\/h5><ul class='av-share-box-list noLightbox'><li class='av-share-link av-social-link-facebook' ><a target=\"_blank\" aria-label=\"Compartir en Facebook\" href='https:\/\/www.facebook.com\/sharer.php?u=https:\/\/radiorevelacionfm.cl\/?p=7328&#038;t=Acusan%20fraude%20en%20elecci%C3%B3n%20que%20prioriz%C3%B3%20a%20Patricio%20Aylwin%20como%20candidato%20a%20diputado%20de%20la%20DC' aria-hidden='false' data-av_icon='\ue8f3' data-av_iconfont='entypo-fontello' title='' data-avia-related-tooltip='Compartir en Facebook' rel=\"noopener\"><span class='avia_hidden_link_text'>Compartir en Facebook<\/span><\/a><\/li><li class='av-share-link av-social-link-twitter' ><a target=\"_blank\" aria-label=\"Compartir en Twitter\" href='https:\/\/twitter.com\/share?text=Acusan%20fraude%20en%20elecci%C3%B3n%20que%20prioriz%C3%B3%20a%20Patricio%20Aylwin%20como%20candidato%20a%20diputado%20de%20la%20DC&#038;url=https:\/\/radiorevelacionfm.cl\/?p=7328' aria-hidden='false' data-av_icon='\ue8f1' data-av_iconfont='entypo-fontello' title='' data-avia-related-tooltip='Compartir en Twitter' rel=\"noopener\"><span class='avia_hidden_link_text'>Compartir en Twitter<\/span><\/a><\/li><li class='av-share-link av-social-link-whatsapp' ><a target=\"_blank\" aria-label=\"Compartir en Whatsapp\" href='https:\/\/api.whatsapp.com\/send?text=https:\/\/radiorevelacionfm.cl\/?p=7328' aria-hidden='false' data-av_icon='\uf232' data-av_iconfont='entypo-fontello' title='' data-avia-related-tooltip='Compartir en Whatsapp' rel=\"noopener\"><span class='avia_hidden_link_text'>Compartir en Whatsapp<\/span><\/a><\/li><li class='av-share-link av-social-link-linkedin' ><a target=\"_blank\" aria-label=\"Compartir en LinkedIn\" href='https:\/\/linkedin.com\/shareArticle?mini=true&#038;title=Acusan%20fraude%20en%20elecci%C3%B3n%20que%20prioriz%C3%B3%20a%20Patricio%20Aylwin%20como%20candidato%20a%20diputado%20de%20la%20DC&#038;url=https:\/\/radiorevelacionfm.cl\/?p=7328' aria-hidden='false' data-av_icon='\ue8fc' data-av_iconfont='entypo-fontello' title='' data-avia-related-tooltip='Compartir en LinkedIn' rel=\"noopener\"><span class='avia_hidden_link_text'>Compartir en LinkedIn<\/span><\/a><\/li><li class='av-share-link av-social-link-mail' ><a  aria-label=\"Compartir por correo\" href='mailto:?subject=Acusan%20fraude%20en%20elecci%C3%B3n%20que%20prioriz%C3%B3%20a%20Patricio%20Aylwin%20como%20candidato%20a%20diputado%20de%20la%20DC&#038;body=https:\/\/radiorevelacionfm.cl\/?p=7328' aria-hidden='false' data-av_icon='\ue805' data-av_iconfont='entypo-fontello' title='' data-avia-related-tooltip='Compartir por correo'><span class='avia_hidden_link_text'>Compartir por correo<\/span><\/a><\/li><\/ul><\/div><\/div>\n<div  style='height:50px' class='hr hr-invisible   avia-builder-el-8  el_after_av_social_share  el_before_av_comments_list '><span class='hr-inner ' ><span class='hr-inner-style'><\/span><\/span><\/div>\n<div  class='av-buildercomment  av-blog-meta-html-info-disabled av-blog-meta-tag-disabled  '><\/div>\n","protected":false},"excerpt":{"rendered":"","protected":false},"author":1,"featured_media":7329,"comment_status":"open","ping_status":"open","sticky":false,"template":"","format":"standard","meta":{"footnotes":""},"categories":[35],"tags":[],"class_list":["post-7328","post","type-post","status-publish","format-standard","has-post-thumbnail","hentry","category-politica"],"jetpack_featured_media_url":"https:\/\/radiorevelacionfm.cl\/wp-content\/uploads\/2021\/08\/PA2-1-1.jpg","_links":{"self":[{"href":"https:\/\/radiorevelacionfm.cl\/index.php?rest_route=\/wp\/v2\/posts\/7328","targetHints":{"allow":["GET"]}}],"collection":[{"href":"https:\/\/radiorevelacionfm.cl\/index.php?rest_route=\/wp\/v2\/posts"}],"about":[{"href":"https:\/\/radiorevelacionfm.cl\/index.php?rest_route=\/wp\/v2\/types\/post"}],"author":[{"embeddable":true,"href":"https:\/\/radiorevelacionfm.cl\/index.php?rest_route=\/wp\/v2\/users\/1"}],"replies":[{"embeddable":true,"href":"https:\/\/radiorevelacionfm.cl\/index.php?rest_route=%2Fwp%2Fv2%2Fcomments&post=7328"}],"version-history":[{"count":1,"href":"https:\/\/radiorevelacionfm.cl\/index.php?rest_route=\/wp\/v2\/posts\/7328\/revisions"}],"predecessor-version":[{"id":7330,"href":"https:\/\/radiorevelacionfm.cl\/index.php?rest_route=\/wp\/v2\/posts\/7328\/revisions\/7330"}],"wp:featuredmedia":[{"embeddable":true,"href":"https:\/\/radiorevelacionfm.cl\/index.php?rest_route=\/wp\/v2\/media\/7329"}],"wp:attachment":[{"href":"https:\/\/radiorevelacionfm.cl\/index.php?rest_route=%2Fwp%2Fv2%2Fmedia&parent=7328"}],"wp:term":[{"taxonomy":"category","embeddable":true,"href":"https:\/\/radiorevelacionfm.cl\/index.php?rest_route=%2Fwp%2Fv2%2Fcategories&post=7328"},{"taxonomy":"post_tag","embeddable":true,"href":"https:\/\/radiorevelacionfm.cl\/index.php?rest_route=%2Fwp%2Fv2%2Ftags&post=7328"}],"curies":[{"name":"wp","href":"https:\/\/api.w.org\/{rel}","templated":true}]}}