{"id":7325,"date":"2021-08-10T22:49:54","date_gmt":"2021-08-11T01:49:54","guid":{"rendered":"https:\/\/radiorevelacionfm.cl\/?p=7325"},"modified":"2021-08-10T22:49:54","modified_gmt":"2021-08-11T01:49:54","slug":"municipalidad-de-aysen-y-pdi-abordan-diversos-temas-medioambientales","status":"publish","type":"post","link":"https:\/\/radiorevelacionfm.cl\/?p=7325","title":{"rendered":"Municipalidad de Ays\u00e9n y PDI abordan diversos temas medioambientales"},"content":{"rendered":"<div class=\"flex_column av_one_full  flex_column_div av-zero-column-padding first  avia-builder-el-0  el_before_av_one_full  avia-builder-el-first  \" style='border-radius:0px; '><div  class='avia-image-container  av-styling-    avia-builder-el-1  avia-builder-el-no-sibling  avia-align-center '  itemprop=\"image\" itemscope=\"itemscope\" itemtype=\"https:\/\/schema.org\/ImageObject\"  ><div class='avia-image-container-inner'><div class='avia-image-overlay-wrap'><img decoding=\"async\" class='wp-image-7326 avia-img-lazy-loading-not-7326 avia_image' src=\"https:\/\/radiorevelacionfm.cl\/wp-content\/uploads\/2021\/08\/BIDEMA-Comite-Ambiental-Muni-Aysen-002-1-1.jpeg\" alt='' title='BIDEMA Comit\u00e9 Ambiental Muni Ays\u00e9n 002 (1) (1)' height=\"600\" width=\"802\"  itemprop=\"thumbnailUrl\" srcset=\"https:\/\/radiorevelacionfm.cl\/wp-content\/uploads\/2021\/08\/BIDEMA-Comite-Ambiental-Muni-Aysen-002-1-1.jpeg 802w, https:\/\/radiorevelacionfm.cl\/wp-content\/uploads\/2021\/08\/BIDEMA-Comite-Ambiental-Muni-Aysen-002-1-1-300x224.jpeg 300w, https:\/\/radiorevelacionfm.cl\/wp-content\/uploads\/2021\/08\/BIDEMA-Comite-Ambiental-Muni-Aysen-002-1-1-768x575.jpeg 768w, https:\/\/radiorevelacionfm.cl\/wp-content\/uploads\/2021\/08\/BIDEMA-Comite-Ambiental-Muni-Aysen-002-1-1-705x527.jpeg 705w, https:\/\/radiorevelacionfm.cl\/wp-content\/uploads\/2021\/08\/BIDEMA-Comite-Ambiental-Muni-Aysen-002-1-1-600x449.jpeg 600w\" sizes=\"(max-width: 802px) 100vw, 802px\" \/><\/div><\/div><\/div><\/div><div class=\"flex_column av_one_full  flex_column_div av-zero-column-padding first  avia-builder-el-2  el_after_av_one_full  el_before_av_one_full  column-top-margin\" style='border-radius:0px; '><section class=\"av_textblock_section \"  itemscope=\"itemscope\" itemtype=\"https:\/\/schema.org\/BlogPosting\" itemprop=\"blogPost\" ><div class='avia_textblock  '   itemprop=\"text\" ><p style=\"text-align: center;\"><strong><span style=\"font-size: 18pt;\">Municipalidad de Ays\u00e9n y PDI abordan diversos temas medioambientales<\/span><\/strong><\/p>\n<div id=\"gtx-trans\" style=\"position: absolute; left: -50px; top: 4.31534px;\">\n<div class=\"gtx-trans-icon\"><\/div>\n<\/div>\n<\/div><\/section><\/div><div class=\"flex_column av_one_full  flex_column_div av-zero-column-padding first  avia-builder-el-4  el_after_av_one_full  el_before_av_hr  column-top-margin\" style='border-radius:0px; '><section class=\"av_textblock_section \"  itemscope=\"itemscope\" itemtype=\"https:\/\/schema.org\/BlogPosting\" itemprop=\"blogPost\" ><div class='avia_textblock  '   itemprop=\"text\" ><p style=\"text-align: justify;\">Durante la semana reci\u00e9n pasada, la Polic\u00eda de Investigaciones de Chile fue invitada por la Municipalidad de Ays\u00e9n a participar en una nueva sesi\u00f3n del Comit\u00e9 Ambiental Comunal de Ays\u00e9n, instancia que tiene como finalidad integrar a la comunidad al quehacer municipal en el contexto de la ejecuci\u00f3n del Sistema de Certificaci\u00f3n Ambiental Municipal (SCAM) del Ministerio de Medio Ambiente.<\/p>\n<p style=\"text-align: justify;\">El jefe de la Brigada Investigadora de Delitos del Medio Ambiente y Patrimonio Cultural (BIDEMA) Ays\u00e9n, subprefecto Claudio Reyes, expuso sobre labor que desarrolla la instituci\u00f3n y la unidad especializada, los pasos para poder realizar una denuncia y diversos temas medioambientales para diferenciar los delitos y faltas en temas de contaminaci\u00f3n ambiental y vertido de basura, maltrato animal y tenencia responsable, entre otros temas del \u00e1rea.<\/p>\n<p style=\"text-align: justify;\">Al respecto, el subprefecto Claudio Reyes se\u00f1al\u00f3 que \u201cse est\u00e1n realizando diferentes trabajos junto al Comit\u00e9 Ambiental de la Municipalidad de Puerto Ays\u00e9n, instancia mediante la cual podemos dar a conocer la labor que realiza tanto la Polic\u00eda de Investigaciones como esta brigada especializada. Durante la semana reci\u00e9n pasada, participamos en una reuni\u00f3n donde se expuso la diferencia entre delitos y faltas y c\u00f3mo abordar ciertas situaciones que afecten a la ciudadan\u00eda. Adem\u00e1s, dar a conocer la injerencia de la polic\u00eda para poder investigar estas acciones que pueden revestir car\u00e1cter de delito\u201d.<\/p>\n<p style=\"text-align: justify;\">Desde la Municipalidad de Ays\u00e9n valoraron la participaci\u00f3n del \u00e1rea especializada de la PDI, \u201cpara nosotros es un agrado poder trabajar junto a las polic\u00edas en un tema tan relevante como el medio ambiente, es as\u00ed como naci\u00f3 esta necesidad de poder invitar a la Polic\u00eda de Investigaciones, sabiendo que hay algunas infracciones que revisten car\u00e1cter de delito ambiental y que son las que precisamente la PDI lleva adelante en los procesos judiciales\u201d, indic\u00f3 Juan Antonio Morales, encargado de Medio Ambiente del Municipio de Ays\u00e9n, agregando sobre el Comit\u00e9 Ambiental que \u201ces producto de la Certificaci\u00f3n Ambiental Municipal y conforma parte de las acciones que estamos efectuando para generar una conciencia ambiental en la comunidad, nosotros como municipalidad recepcionarlas y plasmarlas en proyectos o iniciativas medioambientales\u201d, acot\u00f3 el encargado del \u00e1rea municipal.<\/p>\n<p style=\"text-align: justify;\">Esta corresponde a una de las diferentes iniciativas medioambientales coordinadas entre ambas instituciones que buscan fortalecer un trabajo coordinado en materias del \u00e1rea, educando sobre los principales delitos contra el medio ambiente que investiga la PDI en la provincia, los que pueden ser denunciados mediante diversas v\u00edas, tanto en la Polic\u00eda de Investigaciones como en la Municipalidad de Ays\u00e9n.<\/p>\n<p style=\"text-align: justify;\">Finalmente, desde la PDI el subprefecto Reyes realiz\u00f3 un llamado a realizar las denuncias del \u00e1rea de manera presencial en los tres complejos policiales de la regi\u00f3n, llamando al nivel de emergencias 134 o directamente al correo de la unidad especializada: <a href=\"mailto:bidema.pay@investigaciones.cl\">bidema.pay@investigaciones.cl<\/a>.<\/p>\n<\/div><\/section><\/div><div  style='height:50px' class='hr hr-invisible   avia-builder-el-6  el_after_av_one_full  el_before_av_social_share '><span class='hr-inner ' ><span class='hr-inner-style'><\/span><\/span><\/div><\/p>\n<div  class='av-social-sharing-box  avia-builder-el-7  el_after_av_hr  el_before_av_hr  '><div class='av-share-box'><h5 class='av-share-link-description av-no-toc '>Compartir esta noticia<\/h5><ul class='av-share-box-list noLightbox'><li class='av-share-link av-social-link-facebook' ><a target=\"_blank\" aria-label=\"Compartir en Facebook\" href='https:\/\/www.facebook.com\/sharer.php?u=https:\/\/radiorevelacionfm.cl\/?p=7325&#038;t=Municipalidad%20de%20Ays%C3%A9n%20y%20PDI%20abordan%20diversos%20temas%20medioambientales' aria-hidden='false' data-av_icon='\ue8f3' data-av_iconfont='entypo-fontello' title='' data-avia-related-tooltip='Compartir en Facebook' rel=\"noopener\"><span class='avia_hidden_link_text'>Compartir en Facebook<\/span><\/a><\/li><li class='av-share-link av-social-link-twitter' ><a target=\"_blank\" aria-label=\"Compartir en Twitter\" href='https:\/\/twitter.com\/share?text=Municipalidad%20de%20Ays%C3%A9n%20y%20PDI%20abordan%20diversos%20temas%20medioambientales&#038;url=https:\/\/radiorevelacionfm.cl\/?p=7325' aria-hidden='false' data-av_icon='\ue8f1' data-av_iconfont='entypo-fontello' title='' data-avia-related-tooltip='Compartir en Twitter' rel=\"noopener\"><span class='avia_hidden_link_text'>Compartir en Twitter<\/span><\/a><\/li><li class='av-share-link av-social-link-whatsapp' ><a target=\"_blank\" aria-label=\"Compartir en Whatsapp\" href='https:\/\/api.whatsapp.com\/send?text=https:\/\/radiorevelacionfm.cl\/?p=7325' aria-hidden='false' data-av_icon='\uf232' data-av_iconfont='entypo-fontello' title='' data-avia-related-tooltip='Compartir en Whatsapp' rel=\"noopener\"><span class='avia_hidden_link_text'>Compartir en Whatsapp<\/span><\/a><\/li><li class='av-share-link av-social-link-linkedin' ><a target=\"_blank\" aria-label=\"Compartir en LinkedIn\" href='https:\/\/linkedin.com\/shareArticle?mini=true&#038;title=Municipalidad%20de%20Ays%C3%A9n%20y%20PDI%20abordan%20diversos%20temas%20medioambientales&#038;url=https:\/\/radiorevelacionfm.cl\/?p=7325' aria-hidden='false' data-av_icon='\ue8fc' data-av_iconfont='entypo-fontello' title='' data-avia-related-tooltip='Compartir en LinkedIn' rel=\"noopener\"><span class='avia_hidden_link_text'>Compartir en LinkedIn<\/span><\/a><\/li><li class='av-share-link av-social-link-mail' ><a  aria-label=\"Compartir por correo\" href='mailto:?subject=Municipalidad%20de%20Ays%C3%A9n%20y%20PDI%20abordan%20diversos%20temas%20medioambientales&#038;body=https:\/\/radiorevelacionfm.cl\/?p=7325' aria-hidden='false' data-av_icon='\ue805' data-av_iconfont='entypo-fontello' title='' data-avia-related-tooltip='Compartir por correo'><span class='avia_hidden_link_text'>Compartir por correo<\/span><\/a><\/li><\/ul><\/div><\/div>\n<div  style='height:50px' class='hr hr-invisible   avia-builder-el-8  el_after_av_social_share  el_before_av_comments_list '><span class='hr-inner ' ><span class='hr-inner-style'><\/span><\/span><\/div>\n<div  class='av-buildercomment  av-blog-meta-html-info-disabled av-blog-meta-tag-disabled  '><\/div>\n","protected":false},"excerpt":{"rendered":"","protected":false},"author":1,"featured_media":7326,"comment_status":"open","ping_status":"open","sticky":false,"template":"","format":"standard","meta":{"footnotes":""},"categories":[39],"tags":[],"class_list":["post-7325","post","type-post","status-publish","format-standard","has-post-thumbnail","hentry","category-medio-ambiente"],"jetpack_featured_media_url":"https:\/\/radiorevelacionfm.cl\/wp-content\/uploads\/2021\/08\/BIDEMA-Comite-Ambiental-Muni-Aysen-002-1-1.jpeg","_links":{"self":[{"href":"https:\/\/radiorevelacionfm.cl\/index.php?rest_route=\/wp\/v2\/posts\/7325","targetHints":{"allow":["GET"]}}],"collection":[{"href":"https:\/\/radiorevelacionfm.cl\/index.php?rest_route=\/wp\/v2\/posts"}],"about":[{"href":"https:\/\/radiorevelacionfm.cl\/index.php?rest_route=\/wp\/v2\/types\/post"}],"author":[{"embeddable":true,"href":"https:\/\/radiorevelacionfm.cl\/index.php?rest_route=\/wp\/v2\/users\/1"}],"replies":[{"embeddable":true,"href":"https:\/\/radiorevelacionfm.cl\/index.php?rest_route=%2Fwp%2Fv2%2Fcomments&post=7325"}],"version-history":[{"count":1,"href":"https:\/\/radiorevelacionfm.cl\/index.php?rest_route=\/wp\/v2\/posts\/7325\/revisions"}],"predecessor-version":[{"id":7327,"href":"https:\/\/radiorevelacionfm.cl\/index.php?rest_route=\/wp\/v2\/posts\/7325\/revisions\/7327"}],"wp:featuredmedia":[{"embeddable":true,"href":"https:\/\/radiorevelacionfm.cl\/index.php?rest_route=\/wp\/v2\/media\/7326"}],"wp:attachment":[{"href":"https:\/\/radiorevelacionfm.cl\/index.php?rest_route=%2Fwp%2Fv2%2Fmedia&parent=7325"}],"wp:term":[{"taxonomy":"category","embeddable":true,"href":"https:\/\/radiorevelacionfm.cl\/index.php?rest_route=%2Fwp%2Fv2%2Fcategories&post=7325"},{"taxonomy":"post_tag","embeddable":true,"href":"https:\/\/radiorevelacionfm.cl\/index.php?rest_route=%2Fwp%2Fv2%2Ftags&post=7325"}],"curies":[{"name":"wp","href":"https:\/\/api.w.org\/{rel}","templated":true}]}}