{"id":7322,"date":"2021-08-11T11:41:28","date_gmt":"2021-08-11T14:41:28","guid":{"rendered":"https:\/\/radiorevelacionfm.cl\/?p=7322"},"modified":"2021-08-11T11:41:28","modified_gmt":"2021-08-11T14:41:28","slug":"subdirector-de-la-direccion-general-de-aguas-realiza-intensa-agenda-de-actividades-en-la-region-de-aysen","status":"publish","type":"post","link":"https:\/\/radiorevelacionfm.cl\/?p=7322","title":{"rendered":"Subdirector de la direcci\u00f3n general de aguas realiza intensa agenda de actividades en la regi\u00f3n de Ays\u00e9n"},"content":{"rendered":"<div class=\"flex_column av_one_full  flex_column_div av-zero-column-padding first  avia-builder-el-0  el_before_av_one_full  avia-builder-el-first  \" style='border-radius:0px; '><div  class='avia-image-container  av-styling-    avia-builder-el-1  avia-builder-el-no-sibling  avia-align-center '  itemprop=\"image\" itemscope=\"itemscope\" itemtype=\"https:\/\/schema.org\/ImageObject\"  ><div class='avia-image-container-inner'><div class='avia-image-overlay-wrap'><img decoding=\"async\" class='wp-image-7323 avia-img-lazy-loading-not-7323 avia_image' src=\"https:\/\/radiorevelacionfm.cl\/wp-content\/uploads\/2021\/08\/Cristian-Nunez-Subdirector-DGA-MOP1-1-1.jpg\" alt='' title='Cristian N\u00fa\u00f1ez Subdirector DGA MOP1 (1) (1)' height=\"600\" width=\"1132\"  itemprop=\"thumbnailUrl\" srcset=\"https:\/\/radiorevelacionfm.cl\/wp-content\/uploads\/2021\/08\/Cristian-Nunez-Subdirector-DGA-MOP1-1-1.jpg 1132w, https:\/\/radiorevelacionfm.cl\/wp-content\/uploads\/2021\/08\/Cristian-Nunez-Subdirector-DGA-MOP1-1-1-300x159.jpg 300w, https:\/\/radiorevelacionfm.cl\/wp-content\/uploads\/2021\/08\/Cristian-Nunez-Subdirector-DGA-MOP1-1-1-1030x546.jpg 1030w, https:\/\/radiorevelacionfm.cl\/wp-content\/uploads\/2021\/08\/Cristian-Nunez-Subdirector-DGA-MOP1-1-1-768x407.jpg 768w, https:\/\/radiorevelacionfm.cl\/wp-content\/uploads\/2021\/08\/Cristian-Nunez-Subdirector-DGA-MOP1-1-1-710x375.jpg 710w, https:\/\/radiorevelacionfm.cl\/wp-content\/uploads\/2021\/08\/Cristian-Nunez-Subdirector-DGA-MOP1-1-1-705x374.jpg 705w, https:\/\/radiorevelacionfm.cl\/wp-content\/uploads\/2021\/08\/Cristian-Nunez-Subdirector-DGA-MOP1-1-1-600x318.jpg 600w\" sizes=\"(max-width: 1132px) 100vw, 1132px\" \/><\/div><\/div><\/div><\/div><div class=\"flex_column av_one_full  flex_column_div av-zero-column-padding first  avia-builder-el-2  el_after_av_one_full  el_before_av_one_full  column-top-margin\" style='border-radius:0px; '><section class=\"av_textblock_section \"  itemscope=\"itemscope\" itemtype=\"https:\/\/schema.org\/BlogPosting\" itemprop=\"blogPost\" ><div class='avia_textblock  '   itemprop=\"text\" ><p style=\"text-align: center;\"><strong><span style=\"font-size: 18pt;\">Subdirector de la direcci\u00f3n general de aguas realiza intensa agenda de actividades en la regi\u00f3n de Ays\u00e9n<\/span><\/strong><\/p>\n<div id=\"gtx-trans\" style=\"position: absolute; left: -50px; top: 4.31534px;\">\n<div class=\"gtx-trans-icon\"><\/div>\n<\/div>\n<\/div><\/section><\/div><div class=\"flex_column av_one_full  flex_column_div av-zero-column-padding first  avia-builder-el-4  el_after_av_one_full  el_before_av_hr  column-top-margin\" style='border-radius:0px; '><section class=\"av_textblock_section \"  itemscope=\"itemscope\" itemtype=\"https:\/\/schema.org\/BlogPosting\" itemprop=\"blogPost\" ><div class='avia_textblock  '   itemprop=\"text\" ><p style=\"text-align: justify;\">El Secretario Regional Ministerial de Obras P\u00fablicas, N\u00e9stor Mera Mu\u00f1oz, inform\u00f3 que el Subdirector de la Direcci\u00f3n General de Aguas del Ministerio de Obras P\u00fablicas Cristi\u00e1n N\u00fa\u00f1ez Riveros, realizar\u00e1 una intensa agenda de actividades en la regi\u00f3n de Ays\u00e9n durante los d\u00edas 11, 12 y 13 de agosto, entre las que destaca la firma de convenio que crea la primera Ruta de Nieve en la regi\u00f3n de Ays\u00e9n y difundir el C\u00f3digo de Aguas y nueva institucionalidad.<\/p>\n<p style=\"text-align: justify;\">Respecto a esta instancia, el SEREMI del MOP destac\u00f3 la importancia del trabajo que realiza la Direcci\u00f3n de Aguas en la regi\u00f3n de Ays\u00e9n. \u201cEstamos muy contentos con la llegada del Subdirector General de Aguas a nuestra regi\u00f3n, porque vemos instancias como estas como una oportunidad para mostrar la relevante labor que como Ministerio de Obras P\u00fablicas estamos haciendo en la regi\u00f3n de Ays\u00e9n en materias tan importantes como la mantenci\u00f3n de Estaciones Fluviom\u00e9tricas, la tramitaci\u00f3n de solicitudes de derechos de aprovechamiento de aguas, de solicitudes de modificaci\u00f3n de cauces, en fiscalizaci\u00f3n polic\u00eda y vigilancia de cauces naturales, la extracci\u00f3n de \u00e1ridos en donde a nivel nacional nuestra Direcci\u00f3n ha sido la \u00fanica regi\u00f3n del pa\u00eds que ha\u00a0 implementado un \u00a0Manual de Buenas Pr\u00e1cticas para la extracci\u00f3n de \u00c1ridos, logrando importantes acuerdos con el \u00e1rea tur\u00edstica, privada y el sector p\u00fablico de per\u00edodos extractivos para la pesca deportiva-extractores de \u00e1ridos en el R\u00edo Simpson, as\u00ed como tambi\u00e9n el trabajo permanente de investigaci\u00f3n y prevenci\u00f3n en nuestros glaciares a trav\u00e9s de su nueva Unidad de Glaciares y Nieves. Hoy contamos con una completa Direcci\u00f3n y un equipo cohesionado que trabaja mancomunadamente con el objetivo de servir de apoyo a la comunidad y a sus autoridades\u201d.<\/p>\n<p style=\"text-align: justify;\">Por su parte, el Director de Aguas en la regi\u00f3n de Ays\u00e9n (DGA), El\u00edas Fern\u00e1ndez-Ni\u00f1o, se\u00f1al\u00f3 estar muy\u00a0 contento por la visita del Subdirector General de Aguas a la regi\u00f3n. \u201cEsta es una\u00a0 muestra de la importancia que para el Servicio tienen todas las regiones y especialmente la nuestra, por la complejidad y cobertura territorial; todos los que habitamos esta zona sabemos lo complejo que muchas veces se vuelve el trabajo en terreno en las diferentes \u00e1reas que abarca la DGA, por ello, que nuestras autoridades nacionales vengan, conozcan a los funcionarios, vivan esta realidad geogr\u00e1fica, es importante porque permite visualizar y resaltar los temas relevantes que como Servicio estamos trabajando con la comunidad regional. Como DGA nosotros realizamos un trabajo silencioso, pero que no ha parado en Pandemia, -con todos los cuidados y recomendaciones indicadas por la autoridad sanitaria- lo que implica el despliegue en los territorios realizando aforos, aforos de caudales, manteniendo las estaciones que conforman nuestra red hidrometereol\u00f3gica en toda la regi\u00f3n, manteniendo nuestras estaciones glaciol\u00f3gicas, tomando muestras y extrayendo datos, visitando glaciares para verificar su evoluci\u00f3n a trav\u00e9s del tiempo; y particularmente relevante en nuestra regi\u00f3n \u00a0la presencia de nuestros 2 campos de hielo, la gran superficie glaciarizada y los efectos del cambio clim\u00e1tico; junto a ello la constante labor de polic\u00eda y vigilancia de los cauces naturales, la red de alerta de crecidas y monitoreo de eventos hidrometereol\u00f3gicos extremos como los ya conocidos r\u00edos atmosf\u00e9ricos con precipitaciones intensas y los eventos abruptos conocidos como Glof (descargas abruptas de lagunas glaciares), nos permiten avisar\u00a0 a los organismos de emergencia y ellos activar el sistema de protecci\u00f3n civil, para informar y ayudar a todos los habitantes de la regi\u00f3n ante la ocurrencia de tales eventos\u201d.<\/p>\n<p style=\"text-align: justify;\"><strong>SUBDIRECTOR DGA<\/strong><\/p>\n<p style=\"text-align: justify;\">El Subdirector de la Direcci\u00f3n General de Aguas (DGA) del MOP, Cristian N\u00fa\u00f1ez, se\u00f1ala que es una gran oportunidad conocer la realidad h\u00eddrica de la Regi\u00f3n en terreno y tambi\u00e9n explicar, entre otros puntos, los alcances de la Reforma del C\u00f3digo de Aguas.<\/p>\n<p style=\"text-align: justify;\">\u201cEl proyecto que ya fue aprobado en el Senado, pasar\u00e1 a tercer tr\u00e1mite en la C\u00e1mara de Diputados y la discusi\u00f3n que pueda darse en el Tribunal Constitucional respecto a las reservas de Constitucionalidad. La Reforma reconoce el acceso al agua y saneamiento como un derecho humano esencial e irrenunciable y que se trata de\u00a0 un bien nacional de uso p\u00fablico, cuyo dominio y uso pertenecen a todo los habitantes\u201d, se\u00f1al\u00f3.<\/p>\n<p style=\"text-align: justify;\">Respecto a c\u00f3mo impacta esta iniciativa en la DGA-MOP, destaca que se determina que todas las cuencas deber\u00e1n contar con un Plan Estrat\u00e9gico de Recursos H\u00eddricos, respondiendo a la necesidad de disponer de mejor informaci\u00f3n y una mirada de largo plazo para conocer la disponibilidad actual y proyectada del agua de las cuencas e implementar una cartera de acciones. \u201cAdem\u00e1s, fortalece la potestad sancionatoria de la DGA; incorpora disposiciones sobre aguas subterr\u00e1neas y gesti\u00f3n sustentable; precisa normas sobre la recarga artificial de acu\u00edferos, y mejoras en relaci\u00f3n a los deberes de informaci\u00f3n de la autoridad y en la potestad para exigir informaci\u00f3n de los titulares de derechos de aprovechamiento\u201d.<\/p>\n<\/div><\/section><\/div><div  style='height:50px' class='hr hr-invisible   avia-builder-el-6  el_after_av_one_full  el_before_av_social_share '><span class='hr-inner ' ><span class='hr-inner-style'><\/span><\/span><\/div><\/p>\n<div  class='av-social-sharing-box  avia-builder-el-7  el_after_av_hr  el_before_av_hr  '><div class='av-share-box'><h5 class='av-share-link-description av-no-toc '>Compartir esta noticia<\/h5><ul class='av-share-box-list noLightbox'><li class='av-share-link av-social-link-facebook' ><a target=\"_blank\" aria-label=\"Compartir en Facebook\" href='https:\/\/www.facebook.com\/sharer.php?u=https:\/\/radiorevelacionfm.cl\/?p=7322&#038;t=Subdirector%20de%20la%20direcci%C3%B3n%20general%20de%20aguas%20realiza%20intensa%20agenda%20de%20actividades%20en%20la%20regi%C3%B3n%20de%20Ays%C3%A9n' aria-hidden='false' data-av_icon='\ue8f3' data-av_iconfont='entypo-fontello' title='' data-avia-related-tooltip='Compartir en Facebook' rel=\"noopener\"><span class='avia_hidden_link_text'>Compartir en Facebook<\/span><\/a><\/li><li class='av-share-link av-social-link-twitter' ><a target=\"_blank\" aria-label=\"Compartir en Twitter\" href='https:\/\/twitter.com\/share?text=Subdirector%20de%20la%20direcci%C3%B3n%20general%20de%20aguas%20realiza%20intensa%20agenda%20de%20actividades%20en%20la%20regi%C3%B3n%20de%20Ays%C3%A9n&#038;url=https:\/\/radiorevelacionfm.cl\/?p=7322' aria-hidden='false' data-av_icon='\ue8f1' data-av_iconfont='entypo-fontello' title='' data-avia-related-tooltip='Compartir en Twitter' rel=\"noopener\"><span class='avia_hidden_link_text'>Compartir en Twitter<\/span><\/a><\/li><li class='av-share-link av-social-link-whatsapp' ><a target=\"_blank\" aria-label=\"Compartir en Whatsapp\" href='https:\/\/api.whatsapp.com\/send?text=https:\/\/radiorevelacionfm.cl\/?p=7322' aria-hidden='false' data-av_icon='\uf232' data-av_iconfont='entypo-fontello' title='' data-avia-related-tooltip='Compartir en Whatsapp' rel=\"noopener\"><span class='avia_hidden_link_text'>Compartir en Whatsapp<\/span><\/a><\/li><li class='av-share-link av-social-link-linkedin' ><a target=\"_blank\" aria-label=\"Compartir en LinkedIn\" href='https:\/\/linkedin.com\/shareArticle?mini=true&#038;title=Subdirector%20de%20la%20direcci%C3%B3n%20general%20de%20aguas%20realiza%20intensa%20agenda%20de%20actividades%20en%20la%20regi%C3%B3n%20de%20Ays%C3%A9n&#038;url=https:\/\/radiorevelacionfm.cl\/?p=7322' aria-hidden='false' data-av_icon='\ue8fc' data-av_iconfont='entypo-fontello' title='' data-avia-related-tooltip='Compartir en LinkedIn' rel=\"noopener\"><span class='avia_hidden_link_text'>Compartir en LinkedIn<\/span><\/a><\/li><li class='av-share-link av-social-link-mail' ><a  aria-label=\"Compartir por correo\" href='mailto:?subject=Subdirector%20de%20la%20direcci%C3%B3n%20general%20de%20aguas%20realiza%20intensa%20agenda%20de%20actividades%20en%20la%20regi%C3%B3n%20de%20Ays%C3%A9n&#038;body=https:\/\/radiorevelacionfm.cl\/?p=7322' aria-hidden='false' data-av_icon='\ue805' data-av_iconfont='entypo-fontello' title='' data-avia-related-tooltip='Compartir por correo'><span class='avia_hidden_link_text'>Compartir por correo<\/span><\/a><\/li><\/ul><\/div><\/div>\n<div  style='height:50px' class='hr hr-invisible   avia-builder-el-8  el_after_av_social_share  el_before_av_comments_list '><span class='hr-inner ' ><span class='hr-inner-style'><\/span><\/span><\/div>\n<div  class='av-buildercomment  av-blog-meta-html-info-disabled av-blog-meta-tag-disabled  '><\/div>\n","protected":false},"excerpt":{"rendered":"","protected":false},"author":1,"featured_media":7323,"comment_status":"open","ping_status":"open","sticky":false,"template":"","format":"standard","meta":{"footnotes":""},"categories":[38],"tags":[],"class_list":["post-7322","post","type-post","status-publish","format-standard","has-post-thumbnail","hentry","category-regional"],"jetpack_featured_media_url":"https:\/\/radiorevelacionfm.cl\/wp-content\/uploads\/2021\/08\/Cristian-Nunez-Subdirector-DGA-MOP1-1-1.jpg","_links":{"self":[{"href":"https:\/\/radiorevelacionfm.cl\/index.php?rest_route=\/wp\/v2\/posts\/7322","targetHints":{"allow":["GET"]}}],"collection":[{"href":"https:\/\/radiorevelacionfm.cl\/index.php?rest_route=\/wp\/v2\/posts"}],"about":[{"href":"https:\/\/radiorevelacionfm.cl\/index.php?rest_route=\/wp\/v2\/types\/post"}],"author":[{"embeddable":true,"href":"https:\/\/radiorevelacionfm.cl\/index.php?rest_route=\/wp\/v2\/users\/1"}],"replies":[{"embeddable":true,"href":"https:\/\/radiorevelacionfm.cl\/index.php?rest_route=%2Fwp%2Fv2%2Fcomments&post=7322"}],"version-history":[{"count":1,"href":"https:\/\/radiorevelacionfm.cl\/index.php?rest_route=\/wp\/v2\/posts\/7322\/revisions"}],"predecessor-version":[{"id":7324,"href":"https:\/\/radiorevelacionfm.cl\/index.php?rest_route=\/wp\/v2\/posts\/7322\/revisions\/7324"}],"wp:featuredmedia":[{"embeddable":true,"href":"https:\/\/radiorevelacionfm.cl\/index.php?rest_route=\/wp\/v2\/media\/7323"}],"wp:attachment":[{"href":"https:\/\/radiorevelacionfm.cl\/index.php?rest_route=%2Fwp%2Fv2%2Fmedia&parent=7322"}],"wp:term":[{"taxonomy":"category","embeddable":true,"href":"https:\/\/radiorevelacionfm.cl\/index.php?rest_route=%2Fwp%2Fv2%2Fcategories&post=7322"},{"taxonomy":"post_tag","embeddable":true,"href":"https:\/\/radiorevelacionfm.cl\/index.php?rest_route=%2Fwp%2Fv2%2Ftags&post=7322"}],"curies":[{"name":"wp","href":"https:\/\/api.w.org\/{rel}","templated":true}]}}