{"id":7319,"date":"2021-08-11T10:28:14","date_gmt":"2021-08-11T13:28:14","guid":{"rendered":"https:\/\/radiorevelacionfm.cl\/?p=7319"},"modified":"2021-08-11T10:28:14","modified_gmt":"2021-08-11T13:28:14","slug":"minvu-trabaja-en-cambiar-uso-de-suelo-de-terreno-que-beneficiara-a-familias-de-chacabuco","status":"publish","type":"post","link":"https:\/\/radiorevelacionfm.cl\/?p=7319","title":{"rendered":"Minvu trabaja en cambiar uso de suelo de terreno que beneficiar\u00e1 a familias de Chacabuco"},"content":{"rendered":"<div class=\"flex_column av_one_full  flex_column_div av-zero-column-padding first  avia-builder-el-0  el_before_av_one_full  avia-builder-el-first  \" style='border-radius:0px; '><div  class='avia-image-container  av-styling-    avia-builder-el-1  avia-builder-el-no-sibling  avia-align-center '  itemprop=\"image\" itemscope=\"itemscope\" itemtype=\"https:\/\/schema.org\/ImageObject\"  ><div class='avia-image-container-inner'><div class='avia-image-overlay-wrap'><img decoding=\"async\" class='wp-image-7320 avia-img-lazy-loading-not-7320 avia_image' src=\"https:\/\/radiorevelacionfm.cl\/wp-content\/uploads\/2021\/08\/minvu-1-1_optimized.jpg\" alt='' title='minvu-1-(1)_optimized' height=\"600\" width=\"1333\"  itemprop=\"thumbnailUrl\" srcset=\"https:\/\/radiorevelacionfm.cl\/wp-content\/uploads\/2021\/08\/minvu-1-1_optimized.jpg 1333w, https:\/\/radiorevelacionfm.cl\/wp-content\/uploads\/2021\/08\/minvu-1-1_optimized-300x135.jpg 300w, https:\/\/radiorevelacionfm.cl\/wp-content\/uploads\/2021\/08\/minvu-1-1_optimized-1030x464.jpg 1030w, https:\/\/radiorevelacionfm.cl\/wp-content\/uploads\/2021\/08\/minvu-1-1_optimized-768x346.jpg 768w, https:\/\/radiorevelacionfm.cl\/wp-content\/uploads\/2021\/08\/minvu-1-1_optimized-705x317.jpg 705w, https:\/\/radiorevelacionfm.cl\/wp-content\/uploads\/2021\/08\/minvu-1-1_optimized-600x270.jpg 600w\" sizes=\"(max-width: 1333px) 100vw, 1333px\" \/><\/div><\/div><\/div><\/div><div class=\"flex_column av_one_full  flex_column_div av-zero-column-padding first  avia-builder-el-2  el_after_av_one_full  el_before_av_one_full  column-top-margin\" style='border-radius:0px; '><section class=\"av_textblock_section \"  itemscope=\"itemscope\" itemtype=\"https:\/\/schema.org\/BlogPosting\" itemprop=\"blogPost\" ><div class='avia_textblock  '   itemprop=\"text\" ><p style=\"text-align: center;\"><strong><span style=\"font-size: 18pt;\">Minvu trabaja en cambiar uso de suelo de terreno que beneficiar\u00e1 a familias de Chacabuco<\/span><\/strong><\/p>\n<div id=\"gtx-trans\" style=\"position: absolute; left: -50px; top: 4.31534px;\">\n<div class=\"gtx-trans-icon\"><\/div>\n<\/div>\n<\/div><\/section><\/div><div class=\"flex_column av_one_full  flex_column_div av-zero-column-padding first  avia-builder-el-4  el_after_av_one_full  el_before_av_hr  column-top-margin\" style='border-radius:0px; '><section class=\"av_textblock_section \"  itemscope=\"itemscope\" itemtype=\"https:\/\/schema.org\/BlogPosting\" itemprop=\"blogPost\" ><div class='avia_textblock  '   itemprop=\"text\" ><p style=\"text-align: justify;\">Como \u201cel logro m\u00e1s grande que hemos tenido\u201d, calific\u00f3 el presidente del Comit\u00e9 Patagonia Alegre de Puerto Chacabuco, Sigisfredo S\u00e1nchez, la oficializaci\u00f3n de que ya existe un terreno que podr\u00e1 albergar el proyecto de medio centenar de familias y que ya es propiedad del Serviu.<\/p>\n<p style=\"text-align: justify;\">La noticia fue entregada en el mismo terreno por el Seremi de Vivienda, Diego Silva y el Director del Serviu, ante la presencia de buena parte de los integrantes del comit\u00e9 y, en el lugar, se firm\u00f3 un compromiso de avanzar en la regularizaci\u00f3n del lote, que hoy, es de uso industrial.<\/p>\n<p style=\"text-align: justify;\">\u201cEs un d\u00eda muy importante, porque hoy hicimos entrega del terreno -simb\u00f3licamente- para las familias del comit\u00e9 Patagonia Alegre en Puerto Chacabuco, en un tr\u00e1mite que fue bastante extenso. Este es un terreno en zona industrial y tenemos que hacer el cambio de uso suelo, para que el destino sea habitacional\u201d, explic\u00f3 el Seremi Diego Silva.<\/p>\n<p style=\"text-align: justify;\">En ese sentido, \u201cel trabajo que estamos haciendo en el Ministerio de Vivienda y en el Serviu para potenciar estos proyectos habitacionales ac\u00e1 en Chacabuco. Con esto, y tal como nos ha pedido nuestro Ministro Felipe Ward, mostramos que la integraci\u00f3n social\u00a0 est\u00e1 en toda la Regi\u00f3n de Ays\u00e9n\u201d, recalc\u00f3 la autoridad.<\/p>\n<p style=\"text-align: justify;\">Sigisfredo S\u00e1nchez, presidente Comit\u00e9 Patagonia Alegre, por su parte, destac\u00f3 la disposici\u00f3n de las autoridades para avanzar en la adquisici\u00f3n de este terreno. \u201cEl hecho que ya el terreno sea del Serviu, nos permite ahora trabajar para cambiar el uso de suelo, entonces es un paso que se demor\u00f3 mucho y las autoridades de ahora aceleraron la marcha y algo que se demor\u00f3 3 a\u00f1os, ahora lo hicimos en 6 meses. As\u00ed que muy contento con las autoridades y ahora vamos en tierra derecha, como se dice\u201d.<\/p>\n<p style=\"text-align: justify;\">En tanto, el director del Servicio de Vivienda y Urbanizaci\u00f3n (Serviu), Nelson Quinteros, adelant\u00f3 que dentro de las tareas que se avecinan para lograr el cambio de uso de suelo, habr\u00e1 que considerar \u201cestudios de impacto ambiental, validar las distintas obras con los distintos servicios, pero todo eso se puede hacer en paralelo con el desarrollo del anteproyecto y con la postulaci\u00f3n a subsidio\u201d, confirm\u00f3.<\/p>\n<p style=\"text-align: justify;\">Tambi\u00e9n asegur\u00f3 que intentar\u00e1n acortar los pasos y \u201cesperamos en un tiempo mediano tener resuelto el tema del terreno y los proyectos algo adelantados, as\u00ed que esto es una muy buena noticia. Clava la bandera de que aqu\u00ed habr\u00e1 un proyecto de manera certera y nosotros como Serviu estamos absolutamente comprometidos con este comit\u00e9 que ha dado muestras de compromiso\u201d, finaliz\u00f3 el director del Serviu.<\/p>\n<p style=\"text-align: justify;\">El terreno comprometido con el comit\u00e9 Patagonia Alegre de Chacabuco, que tiene una superficie de 2,7 hect\u00e1reas era de pertenencia municipal y ya se realiz\u00f3 la transferencia gratuita al Serviu, con lo que se puede comenzar a hacer los tr\u00e1mites para convertirlo en un terreno para uso habitacional.<\/p>\n<\/div><\/section><\/div><div  style='height:50px' class='hr hr-invisible   avia-builder-el-6  el_after_av_one_full  el_before_av_social_share '><span class='hr-inner ' ><span class='hr-inner-style'><\/span><\/span><\/div><\/p>\n<div  class='av-social-sharing-box  avia-builder-el-7  el_after_av_hr  el_before_av_hr  '><div class='av-share-box'><h5 class='av-share-link-description av-no-toc '>Compartir esta noticia<\/h5><ul class='av-share-box-list noLightbox'><li class='av-share-link av-social-link-facebook' ><a target=\"_blank\" aria-label=\"Compartir en Facebook\" href='https:\/\/www.facebook.com\/sharer.php?u=https:\/\/radiorevelacionfm.cl\/?p=7319&#038;t=Minvu%20trabaja%20en%20cambiar%20uso%20de%20suelo%20de%20terreno%20que%20beneficiar%C3%A1%20a%20familias%20de%20Chacabuco' aria-hidden='false' data-av_icon='\ue8f3' data-av_iconfont='entypo-fontello' title='' data-avia-related-tooltip='Compartir en Facebook' rel=\"noopener\"><span class='avia_hidden_link_text'>Compartir en Facebook<\/span><\/a><\/li><li class='av-share-link av-social-link-twitter' ><a target=\"_blank\" aria-label=\"Compartir en Twitter\" href='https:\/\/twitter.com\/share?text=Minvu%20trabaja%20en%20cambiar%20uso%20de%20suelo%20de%20terreno%20que%20beneficiar%C3%A1%20a%20familias%20de%20Chacabuco&#038;url=https:\/\/radiorevelacionfm.cl\/?p=7319' aria-hidden='false' data-av_icon='\ue8f1' data-av_iconfont='entypo-fontello' title='' data-avia-related-tooltip='Compartir en Twitter' rel=\"noopener\"><span class='avia_hidden_link_text'>Compartir en Twitter<\/span><\/a><\/li><li class='av-share-link av-social-link-whatsapp' ><a target=\"_blank\" aria-label=\"Compartir en Whatsapp\" href='https:\/\/api.whatsapp.com\/send?text=https:\/\/radiorevelacionfm.cl\/?p=7319' aria-hidden='false' data-av_icon='\uf232' data-av_iconfont='entypo-fontello' title='' data-avia-related-tooltip='Compartir en Whatsapp' rel=\"noopener\"><span class='avia_hidden_link_text'>Compartir en Whatsapp<\/span><\/a><\/li><li class='av-share-link av-social-link-linkedin' ><a target=\"_blank\" aria-label=\"Compartir en LinkedIn\" href='https:\/\/linkedin.com\/shareArticle?mini=true&#038;title=Minvu%20trabaja%20en%20cambiar%20uso%20de%20suelo%20de%20terreno%20que%20beneficiar%C3%A1%20a%20familias%20de%20Chacabuco&#038;url=https:\/\/radiorevelacionfm.cl\/?p=7319' aria-hidden='false' data-av_icon='\ue8fc' data-av_iconfont='entypo-fontello' title='' data-avia-related-tooltip='Compartir en LinkedIn' rel=\"noopener\"><span class='avia_hidden_link_text'>Compartir en LinkedIn<\/span><\/a><\/li><li class='av-share-link av-social-link-mail' ><a  aria-label=\"Compartir por correo\" href='mailto:?subject=Minvu%20trabaja%20en%20cambiar%20uso%20de%20suelo%20de%20terreno%20que%20beneficiar%C3%A1%20a%20familias%20de%20Chacabuco&#038;body=https:\/\/radiorevelacionfm.cl\/?p=7319' aria-hidden='false' data-av_icon='\ue805' data-av_iconfont='entypo-fontello' title='' data-avia-related-tooltip='Compartir por correo'><span class='avia_hidden_link_text'>Compartir por correo<\/span><\/a><\/li><\/ul><\/div><\/div>\n<div  style='height:50px' class='hr hr-invisible   avia-builder-el-8  el_after_av_social_share  el_before_av_comments_list '><span class='hr-inner ' ><span class='hr-inner-style'><\/span><\/span><\/div>\n<div  class='av-buildercomment  av-blog-meta-html-info-disabled av-blog-meta-tag-disabled  '><\/div>\n","protected":false},"excerpt":{"rendered":"","protected":false},"author":1,"featured_media":7320,"comment_status":"open","ping_status":"open","sticky":false,"template":"","format":"standard","meta":{"footnotes":""},"categories":[57],"tags":[],"class_list":["post-7319","post","type-post","status-publish","format-standard","has-post-thumbnail","hentry","category-vivienda"],"jetpack_featured_media_url":"https:\/\/radiorevelacionfm.cl\/wp-content\/uploads\/2021\/08\/minvu-1-1_optimized.jpg","_links":{"self":[{"href":"https:\/\/radiorevelacionfm.cl\/index.php?rest_route=\/wp\/v2\/posts\/7319","targetHints":{"allow":["GET"]}}],"collection":[{"href":"https:\/\/radiorevelacionfm.cl\/index.php?rest_route=\/wp\/v2\/posts"}],"about":[{"href":"https:\/\/radiorevelacionfm.cl\/index.php?rest_route=\/wp\/v2\/types\/post"}],"author":[{"embeddable":true,"href":"https:\/\/radiorevelacionfm.cl\/index.php?rest_route=\/wp\/v2\/users\/1"}],"replies":[{"embeddable":true,"href":"https:\/\/radiorevelacionfm.cl\/index.php?rest_route=%2Fwp%2Fv2%2Fcomments&post=7319"}],"version-history":[{"count":1,"href":"https:\/\/radiorevelacionfm.cl\/index.php?rest_route=\/wp\/v2\/posts\/7319\/revisions"}],"predecessor-version":[{"id":7321,"href":"https:\/\/radiorevelacionfm.cl\/index.php?rest_route=\/wp\/v2\/posts\/7319\/revisions\/7321"}],"wp:featuredmedia":[{"embeddable":true,"href":"https:\/\/radiorevelacionfm.cl\/index.php?rest_route=\/wp\/v2\/media\/7320"}],"wp:attachment":[{"href":"https:\/\/radiorevelacionfm.cl\/index.php?rest_route=%2Fwp%2Fv2%2Fmedia&parent=7319"}],"wp:term":[{"taxonomy":"category","embeddable":true,"href":"https:\/\/radiorevelacionfm.cl\/index.php?rest_route=%2Fwp%2Fv2%2Fcategories&post=7319"},{"taxonomy":"post_tag","embeddable":true,"href":"https:\/\/radiorevelacionfm.cl\/index.php?rest_route=%2Fwp%2Fv2%2Ftags&post=7319"}],"curies":[{"name":"wp","href":"https:\/\/api.w.org\/{rel}","templated":true}]}}