{"id":7316,"date":"2021-08-10T19:31:10","date_gmt":"2021-08-10T22:31:10","guid":{"rendered":"https:\/\/radiorevelacionfm.cl\/?p=7316"},"modified":"2021-08-10T19:31:10","modified_gmt":"2021-08-10T22:31:10","slug":"dem-aysen-realiza-auspicioso-balance-del-retorno-presencial-a-clases","status":"publish","type":"post","link":"https:\/\/radiorevelacionfm.cl\/?p=7316","title":{"rendered":"DEM Ays\u00e9n realiza auspicioso balance del retorno presencial a clases"},"content":{"rendered":"<div class=\"flex_column av_one_full  flex_column_div av-zero-column-padding first  avia-builder-el-0  el_before_av_one_full  avia-builder-el-first  \" style='border-radius:0px; '><div  class='avia-image-container  av-styling-    avia-builder-el-1  avia-builder-el-no-sibling  avia-align-center '  itemprop=\"image\" itemscope=\"itemscope\" itemtype=\"https:\/\/schema.org\/ImageObject\"  ><div class='avia-image-container-inner'><div class='avia-image-overlay-wrap'><img decoding=\"async\" class='wp-image-7317 avia-img-lazy-loading-not-7317 avia_image' src=\"https:\/\/radiorevelacionfm.cl\/wp-content\/uploads\/2021\/08\/PAC1-1-1.jpg\" alt='' title='PAC1 (1) (1)' height=\"600\" width=\"1067\"  itemprop=\"thumbnailUrl\" srcset=\"https:\/\/radiorevelacionfm.cl\/wp-content\/uploads\/2021\/08\/PAC1-1-1.jpg 1067w, https:\/\/radiorevelacionfm.cl\/wp-content\/uploads\/2021\/08\/PAC1-1-1-300x169.jpg 300w, https:\/\/radiorevelacionfm.cl\/wp-content\/uploads\/2021\/08\/PAC1-1-1-1030x579.jpg 1030w, https:\/\/radiorevelacionfm.cl\/wp-content\/uploads\/2021\/08\/PAC1-1-1-768x432.jpg 768w, https:\/\/radiorevelacionfm.cl\/wp-content\/uploads\/2021\/08\/PAC1-1-1-705x396.jpg 705w, https:\/\/radiorevelacionfm.cl\/wp-content\/uploads\/2021\/08\/PAC1-1-1-600x337.jpg 600w\" sizes=\"(max-width: 1067px) 100vw, 1067px\" \/><\/div><\/div><\/div><\/div><div class=\"flex_column av_one_full  flex_column_div av-zero-column-padding first  avia-builder-el-2  el_after_av_one_full  el_before_av_one_full  column-top-margin\" style='border-radius:0px; '><section class=\"av_textblock_section \"  itemscope=\"itemscope\" itemtype=\"https:\/\/schema.org\/BlogPosting\" itemprop=\"blogPost\" ><div class='avia_textblock  '   itemprop=\"text\" ><p style=\"text-align: center;\"><strong><span style=\"font-size: 18pt;\">DEM Ays\u00e9n realiza auspicioso balance del retorno presencial a clases <\/span><\/strong><\/p>\n<div id=\"gtx-trans\" style=\"position: absolute; left: -50px; top: 4.31534px;\">\n<div class=\"gtx-trans-icon\"><\/div>\n<\/div>\n<\/div><\/section><\/div><div class=\"flex_column av_one_full  flex_column_div av-zero-column-padding first  avia-builder-el-4  el_after_av_one_full  el_before_av_hr  column-top-margin\" style='border-radius:0px; '><section class=\"av_textblock_section \"  itemscope=\"itemscope\" itemtype=\"https:\/\/schema.org\/BlogPosting\" itemprop=\"blogPost\" ><div class='avia_textblock  '   itemprop=\"text\" ><p style=\"text-align: justify;\">Durante esta segunda semana del proceso que ha significado el retorno a las aulas, diversos recintos educacionales han ido sumando la opci\u00f3n de presencialidad, de forma paralela a la modalidad online para sus estudiantes. Instancia que muchas familias han estado esperando, m\u00e1s a\u00fan cuando la comuna de Ays\u00e9n -y la regi\u00f3n completa-, hoy se encuentra en fase 4 de Apertura Inicial en el plan Paso a Paso del ministerio de Salud.<\/p>\n<p style=\"text-align: justify;\">En ese sentido, tras recorrer las dependencias de las escuelas Ays\u00e9n, Despertar, Gabriela Mistral, Almirante Simpson y los liceos Ma\u00f1ihuales, Polit\u00e9cnico y Ra\u00fal Broussain Campino, el jefe DEM (S) agradeci\u00f3 el trabajo realizado por parte de las comunidades educativas quienes, conjuntamente al profesional Prevencionista de Riesgos de la direcci\u00f3n de Educaci\u00f3n, en todo momento han estado atentos a los requerimientos y medidas de prevenci\u00f3n en pos del bienestar de todos quienes forman parte de la educaci\u00f3n municipal, siempre apuntada adem\u00e1s al proceso de retorno de forma paulatina y gradual.<\/p>\n<p style=\"text-align: justify;\">A estos establecimientos, se suman las dos escuelas emplazadas en Islas Huichas, como son Carlos Condell, en Caleta Andrade; y Pedro Aguirre Cerda, en Puerto Aguirre, quienes desde el d\u00eda 1 incorporaron la presencialidad para sus alumnos y alumnas.<\/p>\n<p style=\"text-align: justify;\">En tanto, la escuela Litoral Austral, en Puerto Ays\u00e9n, retornar\u00e1 a las aulas a partir de este mi\u00e9rcoles 11 de agosto con el ingreso de nivel preb\u00e1sico para, de forma diaria, incorporar a los dem\u00e1s cursos que la conforman. Por otro lado, las escuelas Ays\u00e9n y Ribera Sur, tambi\u00e9n en Puerto Ays\u00e9n, luego de las dos primeras semanas de marcha blanca, reabrir\u00e1n sus puertas a la comunidad estudiantil el pr\u00f3ximo lunes 16 de agosto.<\/p>\n<p style=\"text-align: justify;\">\u201cDe acuerdo a lo que hemos visto, a lo que hemos conversado con los directores y profesores, estoy bastante contento y conforme con la presencialidad hasta el minuto en todas nuestras escuelas, liceos y jardines VTF. Es super importante que los pap\u00e1s tambi\u00e9n se sientan con la necesidad de enviar a sus hijos a las escuelas, teniendo en cuenta que a\u00fan estamos en pandemia, pero, pese a eso, me quedo con una sensaci\u00f3n super bonita y buena. Porque adem\u00e1s nos ha acompa\u00f1ado el clima, y eso es super importante, porque el ministerio siempre ha incentivado la presencialidad\u201d, indic\u00f3 Moraga Castro, agregando que \u201ctodos los establecimientos est\u00e1n protegidos para hacer frente al Covid-19, pero siempre es bueno que los pap\u00e1s nos colaboren, as\u00ed que hago nuevamente la invitaci\u00f3n para que manden a sus hijos y conf\u00eden en sus escuelas\u201d y todo el trabajo que hay detr\u00e1s\u201d.<\/p>\n<p style=\"text-align: justify;\">El directivo relev\u00f3 la asociatividad que ha primado de cara a este proceso, y que ha permitido un muy buen nivel de presencialidad en los diversos establecimientos municipalizados, lo que hace pensar en una buena proyecci\u00f3n. \u201cEs importante que los pap\u00e1s conversen con los directores, porque todas las escuelas tienen din\u00e1micas distintas. Estoy muy feliz que haya muchos pap\u00e1s que hoy est\u00e9n enviando a sus hijos a clases. Eso es muy relevante porque las familias han entendido el mensaje, hemos visto una preocupaci\u00f3n de parte de ellos, y adem\u00e1s la clara necesidad de que las clases presenciales son necesarias. Eso es muy bueno porque aqu\u00ed hay que trabajar en equipo. MINSAL, MINEDUC, establecimientos, directores, departamento de educaci\u00f3n y las familias, por supuesto. Eso me tiene bastante grato\u201d, finaliz\u00f3.<\/p>\n<\/div><\/section><\/div><div  style='height:50px' class='hr hr-invisible   avia-builder-el-6  el_after_av_one_full  el_before_av_social_share '><span class='hr-inner ' ><span class='hr-inner-style'><\/span><\/span><\/div><\/p>\n<div  class='av-social-sharing-box  avia-builder-el-7  el_after_av_hr  el_before_av_hr  '><div class='av-share-box'><h5 class='av-share-link-description av-no-toc '>Compartir esta noticia<\/h5><ul class='av-share-box-list noLightbox'><li class='av-share-link av-social-link-facebook' ><a target=\"_blank\" aria-label=\"Compartir en Facebook\" href='https:\/\/www.facebook.com\/sharer.php?u=https:\/\/radiorevelacionfm.cl\/?p=7316&#038;t=DEM%20Ays%C3%A9n%20realiza%20auspicioso%20balance%20del%20retorno%20presencial%20a%20clases' aria-hidden='false' data-av_icon='\ue8f3' data-av_iconfont='entypo-fontello' title='' data-avia-related-tooltip='Compartir en Facebook' rel=\"noopener\"><span class='avia_hidden_link_text'>Compartir en Facebook<\/span><\/a><\/li><li class='av-share-link av-social-link-twitter' ><a target=\"_blank\" aria-label=\"Compartir en Twitter\" href='https:\/\/twitter.com\/share?text=DEM%20Ays%C3%A9n%20realiza%20auspicioso%20balance%20del%20retorno%20presencial%20a%20clases&#038;url=https:\/\/radiorevelacionfm.cl\/?p=7316' aria-hidden='false' data-av_icon='\ue8f1' data-av_iconfont='entypo-fontello' title='' data-avia-related-tooltip='Compartir en Twitter' rel=\"noopener\"><span class='avia_hidden_link_text'>Compartir en Twitter<\/span><\/a><\/li><li class='av-share-link av-social-link-whatsapp' ><a target=\"_blank\" aria-label=\"Compartir en Whatsapp\" href='https:\/\/api.whatsapp.com\/send?text=https:\/\/radiorevelacionfm.cl\/?p=7316' aria-hidden='false' data-av_icon='\uf232' data-av_iconfont='entypo-fontello' title='' data-avia-related-tooltip='Compartir en Whatsapp' rel=\"noopener\"><span class='avia_hidden_link_text'>Compartir en Whatsapp<\/span><\/a><\/li><li class='av-share-link av-social-link-linkedin' ><a target=\"_blank\" aria-label=\"Compartir en LinkedIn\" href='https:\/\/linkedin.com\/shareArticle?mini=true&#038;title=DEM%20Ays%C3%A9n%20realiza%20auspicioso%20balance%20del%20retorno%20presencial%20a%20clases&#038;url=https:\/\/radiorevelacionfm.cl\/?p=7316' aria-hidden='false' data-av_icon='\ue8fc' data-av_iconfont='entypo-fontello' title='' data-avia-related-tooltip='Compartir en LinkedIn' rel=\"noopener\"><span class='avia_hidden_link_text'>Compartir en LinkedIn<\/span><\/a><\/li><li class='av-share-link av-social-link-mail' ><a  aria-label=\"Compartir por correo\" href='mailto:?subject=DEM%20Ays%C3%A9n%20realiza%20auspicioso%20balance%20del%20retorno%20presencial%20a%20clases&#038;body=https:\/\/radiorevelacionfm.cl\/?p=7316' aria-hidden='false' data-av_icon='\ue805' data-av_iconfont='entypo-fontello' title='' data-avia-related-tooltip='Compartir por correo'><span class='avia_hidden_link_text'>Compartir por correo<\/span><\/a><\/li><\/ul><\/div><\/div>\n<div  style='height:50px' class='hr hr-invisible   avia-builder-el-8  el_after_av_social_share  el_before_av_comments_list '><span class='hr-inner ' ><span class='hr-inner-style'><\/span><\/span><\/div>\n<div  class='av-buildercomment  av-blog-meta-html-info-disabled av-blog-meta-tag-disabled  '><\/div>\n","protected":false},"excerpt":{"rendered":"","protected":false},"author":1,"featured_media":7317,"comment_status":"open","ping_status":"open","sticky":false,"template":"","format":"standard","meta":{"footnotes":""},"categories":[49],"tags":[],"class_list":["post-7316","post","type-post","status-publish","format-standard","has-post-thumbnail","hentry","category-educacion"],"jetpack_featured_media_url":"https:\/\/radiorevelacionfm.cl\/wp-content\/uploads\/2021\/08\/PAC1-1-1.jpg","_links":{"self":[{"href":"https:\/\/radiorevelacionfm.cl\/index.php?rest_route=\/wp\/v2\/posts\/7316","targetHints":{"allow":["GET"]}}],"collection":[{"href":"https:\/\/radiorevelacionfm.cl\/index.php?rest_route=\/wp\/v2\/posts"}],"about":[{"href":"https:\/\/radiorevelacionfm.cl\/index.php?rest_route=\/wp\/v2\/types\/post"}],"author":[{"embeddable":true,"href":"https:\/\/radiorevelacionfm.cl\/index.php?rest_route=\/wp\/v2\/users\/1"}],"replies":[{"embeddable":true,"href":"https:\/\/radiorevelacionfm.cl\/index.php?rest_route=%2Fwp%2Fv2%2Fcomments&post=7316"}],"version-history":[{"count":1,"href":"https:\/\/radiorevelacionfm.cl\/index.php?rest_route=\/wp\/v2\/posts\/7316\/revisions"}],"predecessor-version":[{"id":7318,"href":"https:\/\/radiorevelacionfm.cl\/index.php?rest_route=\/wp\/v2\/posts\/7316\/revisions\/7318"}],"wp:featuredmedia":[{"embeddable":true,"href":"https:\/\/radiorevelacionfm.cl\/index.php?rest_route=\/wp\/v2\/media\/7317"}],"wp:attachment":[{"href":"https:\/\/radiorevelacionfm.cl\/index.php?rest_route=%2Fwp%2Fv2%2Fmedia&parent=7316"}],"wp:term":[{"taxonomy":"category","embeddable":true,"href":"https:\/\/radiorevelacionfm.cl\/index.php?rest_route=%2Fwp%2Fv2%2Fcategories&post=7316"},{"taxonomy":"post_tag","embeddable":true,"href":"https:\/\/radiorevelacionfm.cl\/index.php?rest_route=%2Fwp%2Fv2%2Ftags&post=7316"}],"curies":[{"name":"wp","href":"https:\/\/api.w.org\/{rel}","templated":true}]}}