{"id":7307,"date":"2021-08-10T18:08:01","date_gmt":"2021-08-10T21:08:01","guid":{"rendered":"https:\/\/radiorevelacionfm.cl\/?p=7307"},"modified":"2021-08-10T18:31:12","modified_gmt":"2021-08-10T21:31:12","slug":"senadores-de-aysen-se-reunen-con-ministro-paris-para-avanzar-en-unidad-de-hemodinamia","status":"publish","type":"post","link":"https:\/\/radiorevelacionfm.cl\/?p=7307","title":{"rendered":"Senadores de Ays\u00e9n se re\u00fanen con ministro Paris para avanzar en Unidad de Hemodinamia"},"content":{"rendered":"<div class=\"flex_column av_one_full  flex_column_div av-zero-column-padding first  avia-builder-el-0  el_before_av_one_full  avia-builder-el-first  \" style='border-radius:0px; '><div  class='avia-image-container  av-styling-    avia-builder-el-1  avia-builder-el-no-sibling  avia-align-center '  itemprop=\"image\" itemscope=\"itemscope\" itemtype=\"https:\/\/schema.org\/ImageObject\"  ><div class='avia-image-container-inner'><div class='avia-image-overlay-wrap'><img decoding=\"async\" class='wp-image-7310 avia-img-lazy-loading-not-7310 avia_image' src=\"https:\/\/radiorevelacionfm.cl\/wp-content\/uploads\/2021\/08\/Senadores.jpeg\" alt='' title='Senadores' height=\"240\" width=\"320\"  itemprop=\"thumbnailUrl\" srcset=\"https:\/\/radiorevelacionfm.cl\/wp-content\/uploads\/2021\/08\/Senadores.jpeg 320w, https:\/\/radiorevelacionfm.cl\/wp-content\/uploads\/2021\/08\/Senadores-300x225.jpeg 300w\" sizes=\"(max-width: 320px) 100vw, 320px\" \/><\/div><\/div><\/div><\/div><div class=\"flex_column av_one_full  flex_column_div av-zero-column-padding first  avia-builder-el-2  el_after_av_one_full  el_before_av_one_full  column-top-margin\" style='border-radius:0px; '><section class=\"av_textblock_section \"  itemscope=\"itemscope\" itemtype=\"https:\/\/schema.org\/BlogPosting\" itemprop=\"blogPost\" ><div class='avia_textblock  '   itemprop=\"text\" ><p style=\"text-align: center;\"><strong><span style=\"font-size: 18pt;\">Senadores de Ays\u00e9n se re\u00fanen con ministro Paris para avanzar en Unidad de Hemodinamia\u00a0<\/span><\/strong><\/p>\n<div id=\"gtx-trans\" style=\"position: absolute; left: -50px; top: 4.31534px;\">\n<div class=\"gtx-trans-icon\"><\/div>\n<\/div>\n<\/div><\/section><\/div><div class=\"flex_column av_one_full  flex_column_div av-zero-column-padding first  avia-builder-el-4  el_after_av_one_full  el_before_av_hr  column-top-margin\" style='border-radius:0px; '><section class=\"av_textblock_section \"  itemscope=\"itemscope\" itemtype=\"https:\/\/schema.org\/BlogPosting\" itemprop=\"blogPost\" ><div class='avia_textblock  '   itemprop=\"text\" ><p style=\"font-weight: 400; text-align: justify;\">Hasta el Ministerio de Salud llegaron los senadores Ximena \u00d3rdenes Neira y David Sandoval, para reunirse con el titular de la cartera, Enrique Paris, con el fin de ver la factibilidad y recursos para la adquisici\u00f3n de un angi\u00f3grafo para el Hospital Regional de Coyhaique, el cual podr\u00eda permitir atender en la regi\u00f3n a m\u00e1s del 80% de los pacientes que presenten cuadros cardiovasculares.<\/p>\n<p style=\"font-weight: 400; text-align: justify;\">Tras la cita, los parlamentarios se mostraron satisfechos por la \u201cbuena disposici\u00f3n\u201d que mostr\u00f3 el titular de Salud frente a la necesidad de la Unidad de Hemodinamia en la regi\u00f3n.<\/p>\n<p style=\"font-weight: 400; text-align: justify;\">\u201cSostuvimos una positiva reuni\u00f3n con el ministro Paris, a quien le planteamos la necesidad de instalar una Unidad de Hemodinamia en la regi\u00f3n de Ays\u00e9n. Lo que hemos pedido concretamente es que el sector de salud se comprometa a presentar un proyecto que est\u00e9 en condiciones de ser financiado\u201d, indic\u00f3 la senadora Ximena \u00d3rdenes, quien agreg\u00f3: \u201cEstoy segura que la voluntad del financiamiento saldr\u00e1 de la regi\u00f3n de Ays\u00e9n, desde el propio ministerio, pero la regi\u00f3n requiere con urgencia esta unidad\u201d.<\/p>\n<p style=\"font-weight: 400; text-align: justify;\">Por su parte, el senador David Sandoval subray\u00f3 la urgencia de contar con este equipamiento para la regi\u00f3n. \u201cNos alegramos estar con una disposici\u00f3n bastante amplia de parte del ministro para tomar el tema, para llevar, ojal\u00e1 en un tiempo razonable de tiempo, la posibilidad de contar con un angi\u00f3grafo que permitir\u00eda dotar a la regi\u00f3n del equipamiento, contamos con los profesionales y creo que ser\u00eda un gran paso y nos alegramos de la recepci\u00f3n que ha tenido el ministro de Salud\u201d.<\/p>\n<p style=\"font-weight: 400; text-align: justify;\">En este sentido, el parlamentario recalc\u00f3 que estas gestiones est\u00e1n \u201cen sinton\u00eda con los cardi\u00f3logos de la regi\u00f3n, ellos plantearon la necesidad de tener esta Unidad de Hemodinamia, una instalaci\u00f3n que tratar\u00e1 a las y los pacientes de una de las causas de muerte m\u00e1s frecuentes en la regi\u00f3n de Ays\u00e9n. Por lo tanto, contar con una implementaci\u00f3n adecuada, como este equipamiento, ser\u00eda un gran paso para la regi\u00f3n\u201d, se\u00f1al\u00f3.<\/p>\n<p style=\"font-weight: 400; text-align: justify;\">En tanto, el ministro de Salud, Enrique Paris, detall\u00f3 la importancia de adquirir el equipamiento para la regi\u00f3n, pero adem\u00e1s, adelant\u00f3 que tambi\u00e9n revisar\u00e1n el retraso en la construcci\u00f3n del Centro Oncol\u00f3gico para la regi\u00f3n. \u201cHemos conversado dos temas muy importantes para la regi\u00f3n. El primero ver la posibilidad de instalar un angi\u00f3grafo para revisar los temas de emergencia cardiovasculares, pero tambi\u00e9n para las emergencias neurovascular. El otro tema es acelerar la instalaci\u00f3n, fuera del hospital, del Centro Oncol\u00f3gico, por lo tanto me he quedado con dos tareas importantes que me entusiasman mucho\u201d, asegur\u00f3.<\/p>\n<\/div><\/section><\/div><div  style='height:50px' class='hr hr-invisible   avia-builder-el-6  el_after_av_one_full  el_before_av_social_share '><span class='hr-inner ' ><span class='hr-inner-style'><\/span><\/span><\/div><\/p>\n<div  class='av-social-sharing-box  avia-builder-el-7  el_after_av_hr  el_before_av_hr  '><div class='av-share-box'><h5 class='av-share-link-description av-no-toc '>Compartir esta noticia<\/h5><ul class='av-share-box-list noLightbox'><li class='av-share-link av-social-link-facebook' ><a target=\"_blank\" aria-label=\"Compartir en Facebook\" href='https:\/\/www.facebook.com\/sharer.php?u=https:\/\/radiorevelacionfm.cl\/?p=7307&#038;t=Senadores%20de%20Ays%C3%A9n%20se%20re%C3%BAnen%20con%20ministro%20Paris%20para%20avanzar%20en%20Unidad%20de%20Hemodinamia' aria-hidden='false' data-av_icon='\ue8f3' data-av_iconfont='entypo-fontello' title='' data-avia-related-tooltip='Compartir en Facebook' rel=\"noopener\"><span class='avia_hidden_link_text'>Compartir en Facebook<\/span><\/a><\/li><li class='av-share-link av-social-link-twitter' ><a target=\"_blank\" aria-label=\"Compartir en Twitter\" href='https:\/\/twitter.com\/share?text=Senadores%20de%20Ays%C3%A9n%20se%20re%C3%BAnen%20con%20ministro%20Paris%20para%20avanzar%20en%20Unidad%20de%20Hemodinamia&#038;url=https:\/\/radiorevelacionfm.cl\/?p=7307' aria-hidden='false' data-av_icon='\ue8f1' data-av_iconfont='entypo-fontello' title='' data-avia-related-tooltip='Compartir en Twitter' rel=\"noopener\"><span class='avia_hidden_link_text'>Compartir en Twitter<\/span><\/a><\/li><li class='av-share-link av-social-link-whatsapp' ><a target=\"_blank\" aria-label=\"Compartir en Whatsapp\" href='https:\/\/api.whatsapp.com\/send?text=https:\/\/radiorevelacionfm.cl\/?p=7307' aria-hidden='false' data-av_icon='\uf232' data-av_iconfont='entypo-fontello' title='' data-avia-related-tooltip='Compartir en Whatsapp' rel=\"noopener\"><span class='avia_hidden_link_text'>Compartir en Whatsapp<\/span><\/a><\/li><li class='av-share-link av-social-link-linkedin' ><a target=\"_blank\" aria-label=\"Compartir en LinkedIn\" href='https:\/\/linkedin.com\/shareArticle?mini=true&#038;title=Senadores%20de%20Ays%C3%A9n%20se%20re%C3%BAnen%20con%20ministro%20Paris%20para%20avanzar%20en%20Unidad%20de%20Hemodinamia&#038;url=https:\/\/radiorevelacionfm.cl\/?p=7307' aria-hidden='false' data-av_icon='\ue8fc' data-av_iconfont='entypo-fontello' title='' data-avia-related-tooltip='Compartir en LinkedIn' rel=\"noopener\"><span class='avia_hidden_link_text'>Compartir en LinkedIn<\/span><\/a><\/li><li class='av-share-link av-social-link-mail' ><a  aria-label=\"Compartir por correo\" href='mailto:?subject=Senadores%20de%20Ays%C3%A9n%20se%20re%C3%BAnen%20con%20ministro%20Paris%20para%20avanzar%20en%20Unidad%20de%20Hemodinamia&#038;body=https:\/\/radiorevelacionfm.cl\/?p=7307' aria-hidden='false' data-av_icon='\ue805' data-av_iconfont='entypo-fontello' title='' data-avia-related-tooltip='Compartir por correo'><span class='avia_hidden_link_text'>Compartir por correo<\/span><\/a><\/li><\/ul><\/div><\/div>\n<div  style='height:50px' class='hr hr-invisible   avia-builder-el-8  el_after_av_social_share  el_before_av_comments_list '><span class='hr-inner ' ><span class='hr-inner-style'><\/span><\/span><\/div>\n<div  class='av-buildercomment  av-blog-meta-html-info-disabled av-blog-meta-tag-disabled  '><\/div>\n","protected":false},"excerpt":{"rendered":"","protected":false},"author":1,"featured_media":7315,"comment_status":"open","ping_status":"open","sticky":false,"template":"","format":"standard","meta":{"footnotes":""},"categories":[35],"tags":[],"class_list":["post-7307","post","type-post","status-publish","format-standard","has-post-thumbnail","hentry","category-politica"],"jetpack_featured_media_url":"https:\/\/radiorevelacionfm.cl\/wp-content\/uploads\/2021\/08\/Senadores-min.jpg","_links":{"self":[{"href":"https:\/\/radiorevelacionfm.cl\/index.php?rest_route=\/wp\/v2\/posts\/7307","targetHints":{"allow":["GET"]}}],"collection":[{"href":"https:\/\/radiorevelacionfm.cl\/index.php?rest_route=\/wp\/v2\/posts"}],"about":[{"href":"https:\/\/radiorevelacionfm.cl\/index.php?rest_route=\/wp\/v2\/types\/post"}],"author":[{"embeddable":true,"href":"https:\/\/radiorevelacionfm.cl\/index.php?rest_route=\/wp\/v2\/users\/1"}],"replies":[{"embeddable":true,"href":"https:\/\/radiorevelacionfm.cl\/index.php?rest_route=%2Fwp%2Fv2%2Fcomments&post=7307"}],"version-history":[{"count":1,"href":"https:\/\/radiorevelacionfm.cl\/index.php?rest_route=\/wp\/v2\/posts\/7307\/revisions"}],"predecessor-version":[{"id":7311,"href":"https:\/\/radiorevelacionfm.cl\/index.php?rest_route=\/wp\/v2\/posts\/7307\/revisions\/7311"}],"wp:featuredmedia":[{"embeddable":true,"href":"https:\/\/radiorevelacionfm.cl\/index.php?rest_route=\/wp\/v2\/media\/7315"}],"wp:attachment":[{"href":"https:\/\/radiorevelacionfm.cl\/index.php?rest_route=%2Fwp%2Fv2%2Fmedia&parent=7307"}],"wp:term":[{"taxonomy":"category","embeddable":true,"href":"https:\/\/radiorevelacionfm.cl\/index.php?rest_route=%2Fwp%2Fv2%2Fcategories&post=7307"},{"taxonomy":"post_tag","embeddable":true,"href":"https:\/\/radiorevelacionfm.cl\/index.php?rest_route=%2Fwp%2Fv2%2Ftags&post=7307"}],"curies":[{"name":"wp","href":"https:\/\/api.w.org\/{rel}","templated":true}]}}