{"id":7304,"date":"2021-08-10T17:44:50","date_gmt":"2021-08-10T20:44:50","guid":{"rendered":"https:\/\/radiorevelacionfm.cl\/?p=7304"},"modified":"2021-08-10T17:44:50","modified_gmt":"2021-08-10T20:44:50","slug":"inician-programa-de-emprendimiento-enfocado-en-adultos-mayores-de-coyhaique-y-aysen","status":"publish","type":"post","link":"https:\/\/radiorevelacionfm.cl\/?p=7304","title":{"rendered":"Inician programa de emprendimiento enfocado en adultos mayores de Coyhaique y Ays\u00e9n"},"content":{"rendered":"<div class=\"flex_column av_one_full  flex_column_div av-zero-column-padding first  avia-builder-el-0  el_before_av_one_full  avia-builder-el-first  \" style='border-radius:0px; '><div  class='avia-image-container  av-styling-    avia-builder-el-1  avia-builder-el-no-sibling  avia-align-center '  itemprop=\"image\" itemscope=\"itemscope\" itemtype=\"https:\/\/schema.org\/ImageObject\"  ><div class='avia-image-container-inner'><div class='avia-image-overlay-wrap'><img decoding=\"async\" class='wp-image-7305 avia-img-lazy-loading-not-7305 avia_image' src=\"https:\/\/radiorevelacionfm.cl\/wp-content\/uploads\/2021\/08\/yem-aysen-coyhaique-1_optimized.jpg\" alt='' title='yem-ays\u00e9n-coyhaique-(1)_optimized' height=\"600\" width=\"1428\"  itemprop=\"thumbnailUrl\" srcset=\"https:\/\/radiorevelacionfm.cl\/wp-content\/uploads\/2021\/08\/yem-aysen-coyhaique-1_optimized.jpg 1428w, https:\/\/radiorevelacionfm.cl\/wp-content\/uploads\/2021\/08\/yem-aysen-coyhaique-1_optimized-300x126.jpg 300w, https:\/\/radiorevelacionfm.cl\/wp-content\/uploads\/2021\/08\/yem-aysen-coyhaique-1_optimized-1030x433.jpg 1030w, https:\/\/radiorevelacionfm.cl\/wp-content\/uploads\/2021\/08\/yem-aysen-coyhaique-1_optimized-768x323.jpg 768w, https:\/\/radiorevelacionfm.cl\/wp-content\/uploads\/2021\/08\/yem-aysen-coyhaique-1_optimized-705x296.jpg 705w, https:\/\/radiorevelacionfm.cl\/wp-content\/uploads\/2021\/08\/yem-aysen-coyhaique-1_optimized-600x252.jpg 600w\" sizes=\"(max-width: 1428px) 100vw, 1428px\" \/><\/div><\/div><\/div><\/div><div class=\"flex_column av_one_full  flex_column_div av-zero-column-padding first  avia-builder-el-2  el_after_av_one_full  el_before_av_one_full  column-top-margin\" style='border-radius:0px; '><section class=\"av_textblock_section \"  itemscope=\"itemscope\" itemtype=\"https:\/\/schema.org\/BlogPosting\" itemprop=\"blogPost\" ><div class='avia_textblock  '   itemprop=\"text\" ><p style=\"text-align: center;\"><span style=\"font-size: 18pt;\"><strong>Inician programa de emprendimiento enfocado en adultos mayores de Coyhaique y Ays\u00e9n<\/strong><\/span><\/p>\n<div id=\"gtx-trans\" style=\"position: absolute; left: -50px; top: 4.31534px;\">\n<div class=\"gtx-trans-icon\"><\/div>\n<\/div>\n<\/div><\/section><\/div><div class=\"flex_column av_one_full  flex_column_div av-zero-column-padding first  avia-builder-el-4  el_after_av_one_full  el_before_av_hr  column-top-margin\" style='border-radius:0px; '><section class=\"av_textblock_section \"  itemscope=\"itemscope\" itemtype=\"https:\/\/schema.org\/BlogPosting\" itemprop=\"blogPost\" ><div class='avia_textblock  '   itemprop=\"text\" ><p style=\"text-align: justify;\">Este programa, financiado por el Fondo de Solidaridad e Inversi\u00f3n Social, FOSIS, entrega apoyo a emprendedores y emprendedoras adultos mayores, para que desarrollen un negocio o trabajo independiente que les permita generar o aumentar sus ingresos. \u200b<\/p>\n<p style=\"text-align: justify;\">En las distintas etapas comprendidas por esta iniciativa program\u00e1tica participan usuarios y usuarias de Puerto Aguirre, Caleta Andrade, Villa Ma\u00f1ihuales, Puerto Chacabuco, Puerto Ays\u00e9n, Coyhaique, Villa \u00d1irehuao y Sector El Salto.<\/p>\n<p style=\"text-align: justify;\">Yo Emprendo Mejor entrega capacitaci\u00f3n a trav\u00e9s de talleres, asesor\u00eda t\u00e9cnica y acompa\u00f1amiento, junto con un plan de financiamiento que permitir\u00e1 potenciar el negocio y proyectarlo a futuro.<\/p>\n<p style=\"text-align: justify;\">Dominique Br\u00e4utigam, Directora Regional del FOSIS en Ays\u00e9n, asegur\u00f3 que \u201csabemos que el emprendimiento es una tremenda herramienta para mejorar la calidad de vida de muchas personas, que ven la oportunidad de aumentar sus ingresos a trav\u00e9s de un negocio. Los adultos mayores no son la excepci\u00f3n y este programa est\u00e1 dirigido para que 20 emprendedoras y emprendedores de las comunas de Coyhaique y Ays\u00e9n puedan concretar una idea de negocio o fortalecer un emprendimiento que se est\u00e1 iniciando, con financiamiento, asesor\u00eda y capacitaciones acordes a las necesidades de estas iniciativas que requieren un impulso para posicionarse e iniciar su funcionamiento.\u201d<\/p>\n<p style=\"text-align: justify;\">La emprendedora Mireya Lepio, quien entrega el servicio de lavado y planchado de ropa en Coyhaique, agradeci\u00f3 el beneficio recibido. \u201cYo soy adulta mayor y saco una pensi\u00f3n m\u00ednima y hace tiempo que hago lavado y planchado, no tan en grande, pero hago lo que puedo. No hab\u00eda postulado a ning\u00fan beneficio anteriormente y ahora me atrev\u00ed para probar, porque ten\u00eda mis lavadoras y secadoras m\u00e1s o menos malas, as\u00ed que a ver si me dan una ayudita para poder comprarme una nueva. Tengo ganas de surgir y ver si m\u00e1s adelante puedo tener un tallercito m\u00e1s grande o una pieza para poder dedicarme a lavar y planchar tranquila.\u201d<\/p>\n<p style=\"text-align: justify;\">El Seremi de Desarrollo Social y Familia, Marcelo J\u00e9lvez, manifest\u00f3 que \u201ctenemos tanto que aprender de nuestros adultos mayores que el hecho de que participen en estas capacitaciones nos llena de orgullo y nos motiva a salir adelante. Esperamos que todas las iniciativas que ustedes est\u00e1n llevando a cabo, y que para muchos debe ser algo nuevo, ojal\u00e1 sean fruct\u00edferas, gratificantes, que las disfruten y lo pasen bien, que compartan e intercambien ideas y que puedan trabajar juntos, que es lo que m\u00e1s gratifica y llena el alma. Los felicito por animarse y quedar seleccionados. Agradecemos al FOSIS que es fundamental en este tipo de iniciativas\u201d, concluy\u00f3 la autoridad.<\/p>\n<p style=\"text-align: justify;\">Las y los 20 participantes del programa Yo Emprendo Mejor ya se encuentran pr\u00f3ximos a la presentaci\u00f3n de sus planes de financiamiento, los cuales una vez aprobados, les permitir\u00e1n la compra de bienes o insumos para fortalecer sus negocios.<\/p>\n<\/div><\/section><\/div><div  style='height:50px' class='hr hr-invisible   avia-builder-el-6  el_after_av_one_full  el_before_av_social_share '><span class='hr-inner ' ><span class='hr-inner-style'><\/span><\/span><\/div><\/p>\n<div  class='av-social-sharing-box  avia-builder-el-7  el_after_av_hr  el_before_av_hr  '><div class='av-share-box'><h5 class='av-share-link-description av-no-toc '>Compartir esta noticia<\/h5><ul class='av-share-box-list noLightbox'><li class='av-share-link av-social-link-facebook' ><a target=\"_blank\" aria-label=\"Compartir en Facebook\" href='https:\/\/www.facebook.com\/sharer.php?u=https:\/\/radiorevelacionfm.cl\/?p=7304&#038;t=Inician%20programa%20de%20emprendimiento%20enfocado%20en%20adultos%20mayores%20de%20Coyhaique%20y%20Ays%C3%A9n' aria-hidden='false' data-av_icon='\ue8f3' data-av_iconfont='entypo-fontello' title='' data-avia-related-tooltip='Compartir en Facebook' rel=\"noopener\"><span class='avia_hidden_link_text'>Compartir en Facebook<\/span><\/a><\/li><li class='av-share-link av-social-link-twitter' ><a target=\"_blank\" aria-label=\"Compartir en Twitter\" href='https:\/\/twitter.com\/share?text=Inician%20programa%20de%20emprendimiento%20enfocado%20en%20adultos%20mayores%20de%20Coyhaique%20y%20Ays%C3%A9n&#038;url=https:\/\/radiorevelacionfm.cl\/?p=7304' aria-hidden='false' data-av_icon='\ue8f1' data-av_iconfont='entypo-fontello' title='' data-avia-related-tooltip='Compartir en Twitter' rel=\"noopener\"><span class='avia_hidden_link_text'>Compartir en Twitter<\/span><\/a><\/li><li class='av-share-link av-social-link-whatsapp' ><a target=\"_blank\" aria-label=\"Compartir en Whatsapp\" href='https:\/\/api.whatsapp.com\/send?text=https:\/\/radiorevelacionfm.cl\/?p=7304' aria-hidden='false' data-av_icon='\uf232' data-av_iconfont='entypo-fontello' title='' data-avia-related-tooltip='Compartir en Whatsapp' rel=\"noopener\"><span class='avia_hidden_link_text'>Compartir en Whatsapp<\/span><\/a><\/li><li class='av-share-link av-social-link-linkedin' ><a target=\"_blank\" aria-label=\"Compartir en LinkedIn\" href='https:\/\/linkedin.com\/shareArticle?mini=true&#038;title=Inician%20programa%20de%20emprendimiento%20enfocado%20en%20adultos%20mayores%20de%20Coyhaique%20y%20Ays%C3%A9n&#038;url=https:\/\/radiorevelacionfm.cl\/?p=7304' aria-hidden='false' data-av_icon='\ue8fc' data-av_iconfont='entypo-fontello' title='' data-avia-related-tooltip='Compartir en LinkedIn' rel=\"noopener\"><span class='avia_hidden_link_text'>Compartir en LinkedIn<\/span><\/a><\/li><li class='av-share-link av-social-link-mail' ><a  aria-label=\"Compartir por correo\" href='mailto:?subject=Inician%20programa%20de%20emprendimiento%20enfocado%20en%20adultos%20mayores%20de%20Coyhaique%20y%20Ays%C3%A9n&#038;body=https:\/\/radiorevelacionfm.cl\/?p=7304' aria-hidden='false' data-av_icon='\ue805' data-av_iconfont='entypo-fontello' title='' data-avia-related-tooltip='Compartir por correo'><span class='avia_hidden_link_text'>Compartir por correo<\/span><\/a><\/li><\/ul><\/div><\/div>\n<div  style='height:50px' class='hr hr-invisible   avia-builder-el-8  el_after_av_social_share  el_before_av_comments_list '><span class='hr-inner ' ><span class='hr-inner-style'><\/span><\/span><\/div>\n<div  class='av-buildercomment  av-blog-meta-html-info-disabled av-blog-meta-tag-disabled  '><\/div>\n","protected":false},"excerpt":{"rendered":"","protected":false},"author":1,"featured_media":7305,"comment_status":"open","ping_status":"open","sticky":false,"template":"","format":"standard","meta":{"footnotes":""},"categories":[38],"tags":[],"class_list":["post-7304","post","type-post","status-publish","format-standard","has-post-thumbnail","hentry","category-regional"],"jetpack_featured_media_url":"https:\/\/radiorevelacionfm.cl\/wp-content\/uploads\/2021\/08\/yem-aysen-coyhaique-1_optimized.jpg","_links":{"self":[{"href":"https:\/\/radiorevelacionfm.cl\/index.php?rest_route=\/wp\/v2\/posts\/7304","targetHints":{"allow":["GET"]}}],"collection":[{"href":"https:\/\/radiorevelacionfm.cl\/index.php?rest_route=\/wp\/v2\/posts"}],"about":[{"href":"https:\/\/radiorevelacionfm.cl\/index.php?rest_route=\/wp\/v2\/types\/post"}],"author":[{"embeddable":true,"href":"https:\/\/radiorevelacionfm.cl\/index.php?rest_route=\/wp\/v2\/users\/1"}],"replies":[{"embeddable":true,"href":"https:\/\/radiorevelacionfm.cl\/index.php?rest_route=%2Fwp%2Fv2%2Fcomments&post=7304"}],"version-history":[{"count":1,"href":"https:\/\/radiorevelacionfm.cl\/index.php?rest_route=\/wp\/v2\/posts\/7304\/revisions"}],"predecessor-version":[{"id":7306,"href":"https:\/\/radiorevelacionfm.cl\/index.php?rest_route=\/wp\/v2\/posts\/7304\/revisions\/7306"}],"wp:featuredmedia":[{"embeddable":true,"href":"https:\/\/radiorevelacionfm.cl\/index.php?rest_route=\/wp\/v2\/media\/7305"}],"wp:attachment":[{"href":"https:\/\/radiorevelacionfm.cl\/index.php?rest_route=%2Fwp%2Fv2%2Fmedia&parent=7304"}],"wp:term":[{"taxonomy":"category","embeddable":true,"href":"https:\/\/radiorevelacionfm.cl\/index.php?rest_route=%2Fwp%2Fv2%2Fcategories&post=7304"},{"taxonomy":"post_tag","embeddable":true,"href":"https:\/\/radiorevelacionfm.cl\/index.php?rest_route=%2Fwp%2Fv2%2Ftags&post=7304"}],"curies":[{"name":"wp","href":"https:\/\/api.w.org\/{rel}","templated":true}]}}