{"id":7299,"date":"2021-08-10T16:30:19","date_gmt":"2021-08-10T19:30:19","guid":{"rendered":"https:\/\/radiorevelacionfm.cl\/?p=7299"},"modified":"2021-08-10T16:41:17","modified_gmt":"2021-08-10T19:41:17","slug":"seremi-de-salud-alerta-a-la-comunidad-por-estafa-telefonica-sobre-tercera-dosis-de-vacunacion","status":"publish","type":"post","link":"https:\/\/radiorevelacionfm.cl\/?p=7299","title":{"rendered":"Seremi de Salud alerta a la comunidad por estafa telef\u00f3nica sobre tercera dosis de vacunaci\u00f3n"},"content":{"rendered":"<div class=\"flex_column av_one_full  flex_column_div av-zero-column-padding first  avia-builder-el-0  el_before_av_one_full  avia-builder-el-first  \" style='border-radius:0px; '><div  class='avia-image-container  av-styling-    avia-builder-el-1  avia-builder-el-no-sibling  avia-align-center '  itemprop=\"image\" itemscope=\"itemscope\" itemtype=\"https:\/\/schema.org\/ImageObject\"  ><div class='avia-image-container-inner'><div class='avia-image-overlay-wrap'><img decoding=\"async\" class='wp-image-7302 avia-img-lazy-loading-not-7302 avia_image' src=\"https:\/\/radiorevelacionfm.cl\/wp-content\/uploads\/2021\/08\/foto-fono-1_optimized.jpg\" alt='' title='foto-fono-(1)_optimized' height=\"600\" width=\"867\"  itemprop=\"thumbnailUrl\" srcset=\"https:\/\/radiorevelacionfm.cl\/wp-content\/uploads\/2021\/08\/foto-fono-1_optimized.jpg 867w, https:\/\/radiorevelacionfm.cl\/wp-content\/uploads\/2021\/08\/foto-fono-1_optimized-300x208.jpg 300w, https:\/\/radiorevelacionfm.cl\/wp-content\/uploads\/2021\/08\/foto-fono-1_optimized-768x531.jpg 768w, https:\/\/radiorevelacionfm.cl\/wp-content\/uploads\/2021\/08\/foto-fono-1_optimized-705x488.jpg 705w, https:\/\/radiorevelacionfm.cl\/wp-content\/uploads\/2021\/08\/foto-fono-1_optimized-600x415.jpg 600w\" sizes=\"(max-width: 867px) 100vw, 867px\" \/><\/div><\/div><\/div><\/div><div class=\"flex_column av_one_full  flex_column_div av-zero-column-padding first  avia-builder-el-2  el_after_av_one_full  el_before_av_one_full  column-top-margin\" style='border-radius:0px; '><section class=\"av_textblock_section \"  itemscope=\"itemscope\" itemtype=\"https:\/\/schema.org\/BlogPosting\" itemprop=\"blogPost\" ><div class='avia_textblock  '   itemprop=\"text\" ><p style=\"text-align: center;\"><strong><span style=\"font-size: 18pt;\">Seremi de Salud alerta a la comunidad por estafa telef\u00f3nica sobre tercera dosis de vacunaci\u00f3n<\/span><\/strong><\/p>\n<div id=\"gtx-trans\" style=\"position: absolute; left: -50px; top: 4.31534px;\">\n<div class=\"gtx-trans-icon\"><\/div>\n<\/div>\n<\/div><\/section><\/div><div class=\"flex_column av_one_full  flex_column_div av-zero-column-padding first  avia-builder-el-4  el_after_av_one_full  el_before_av_hr  column-top-margin\" style='border-radius:0px; '><section class=\"av_textblock_section \"  itemscope=\"itemscope\" itemtype=\"https:\/\/schema.org\/BlogPosting\" itemprop=\"blogPost\" ><div class='avia_textblock  '   itemprop=\"text\" ><p style=\"text-align: justify;\">A trav\u00e9s de llamados telef\u00f3nicos que supuestamente buscan agendar horas para suministrar la tercera dosis de refuerzo contra el COVID-19 que est\u00e1 impulsando el Ministerio de Salud. A nivel regional, la seremi Alejandra Valdebenito Torres, fue enf\u00e1tica en manifestar que desde la cartera de salud p\u00fablica no se est\u00e1n realizando este tipo de acciones, por lo que solicit\u00f3 tener precauci\u00f3n a la comunidad sobre este hecho, para no entregar informaci\u00f3n personal a quienes buscan generar alg\u00fan tipo de fraude a trav\u00e9s de esta modalidad.<\/p>\n<p style=\"text-align: justify;\">\u201cEn la \u00faltima semana, hemos recibido consultas acerca de supuestos llamados del Ministerio de Salud para agendar la dosis de refuerzo contra el COVID-19. La verdad es que esto es absolutamente falso, este Ministerio nunca los llamar\u00e1 para solicitar informaci\u00f3n personal o entregar supuestos c\u00f3digos de atenci\u00f3n, por lo que todo indicar\u00eda que se trata de personas inescrupulosas que buscan generar alg\u00fan tipo de fraude hacia las personas, por lo que el llamado a la comunidad es a no entregar nunca informaci\u00f3n personal a quienes se estar\u00edan haciendo pasar por funcionarios de salud,\u201d puntualiz\u00f3 la Seremi de Salud Ays\u00e9n.<\/p>\n<p style=\"text-align: justify;\">Finalmente, para quienes hayan recibido mensajes o llamadas telef\u00f3nicas relacionadas con una supuesta agenda para la entrega de la tercera dosis, es que no entreguen informaci\u00f3n\u00a0 personal y realicen las denuncias respectivas a los organismos correspondientes.<\/p>\n<\/div><\/section><\/div><div  style='height:50px' class='hr hr-invisible   avia-builder-el-6  el_after_av_one_full  el_before_av_social_share '><span class='hr-inner ' ><span class='hr-inner-style'><\/span><\/span><\/div><\/p>\n<div  class='av-social-sharing-box  avia-builder-el-7  el_after_av_hr  el_before_av_hr  '><div class='av-share-box'><h5 class='av-share-link-description av-no-toc '>Compartir esta noticia<\/h5><ul class='av-share-box-list noLightbox'><li class='av-share-link av-social-link-facebook' ><a target=\"_blank\" aria-label=\"Compartir en Facebook\" href='https:\/\/www.facebook.com\/sharer.php?u=https:\/\/radiorevelacionfm.cl\/?p=7299&#038;t=Seremi%20de%20Salud%20alerta%20a%20la%20comunidad%20por%20estafa%20telef%C3%B3nica%20sobre%20tercera%20dosis%20de%20vacunaci%C3%B3n' aria-hidden='false' data-av_icon='\ue8f3' data-av_iconfont='entypo-fontello' title='' data-avia-related-tooltip='Compartir en Facebook' rel=\"noopener\"><span class='avia_hidden_link_text'>Compartir en Facebook<\/span><\/a><\/li><li class='av-share-link av-social-link-twitter' ><a target=\"_blank\" aria-label=\"Compartir en Twitter\" href='https:\/\/twitter.com\/share?text=Seremi%20de%20Salud%20alerta%20a%20la%20comunidad%20por%20estafa%20telef%C3%B3nica%20sobre%20tercera%20dosis%20de%20vacunaci%C3%B3n&#038;url=https:\/\/radiorevelacionfm.cl\/?p=7299' aria-hidden='false' data-av_icon='\ue8f1' data-av_iconfont='entypo-fontello' title='' data-avia-related-tooltip='Compartir en Twitter' rel=\"noopener\"><span class='avia_hidden_link_text'>Compartir en Twitter<\/span><\/a><\/li><li class='av-share-link av-social-link-whatsapp' ><a target=\"_blank\" aria-label=\"Compartir en Whatsapp\" href='https:\/\/api.whatsapp.com\/send?text=https:\/\/radiorevelacionfm.cl\/?p=7299' aria-hidden='false' data-av_icon='\uf232' data-av_iconfont='entypo-fontello' title='' data-avia-related-tooltip='Compartir en Whatsapp' rel=\"noopener\"><span class='avia_hidden_link_text'>Compartir en Whatsapp<\/span><\/a><\/li><li class='av-share-link av-social-link-linkedin' ><a target=\"_blank\" aria-label=\"Compartir en LinkedIn\" href='https:\/\/linkedin.com\/shareArticle?mini=true&#038;title=Seremi%20de%20Salud%20alerta%20a%20la%20comunidad%20por%20estafa%20telef%C3%B3nica%20sobre%20tercera%20dosis%20de%20vacunaci%C3%B3n&#038;url=https:\/\/radiorevelacionfm.cl\/?p=7299' aria-hidden='false' data-av_icon='\ue8fc' data-av_iconfont='entypo-fontello' title='' data-avia-related-tooltip='Compartir en LinkedIn' rel=\"noopener\"><span class='avia_hidden_link_text'>Compartir en LinkedIn<\/span><\/a><\/li><li class='av-share-link av-social-link-mail' ><a  aria-label=\"Compartir por correo\" href='mailto:?subject=Seremi%20de%20Salud%20alerta%20a%20la%20comunidad%20por%20estafa%20telef%C3%B3nica%20sobre%20tercera%20dosis%20de%20vacunaci%C3%B3n&#038;body=https:\/\/radiorevelacionfm.cl\/?p=7299' aria-hidden='false' data-av_icon='\ue805' data-av_iconfont='entypo-fontello' title='' data-avia-related-tooltip='Compartir por correo'><span class='avia_hidden_link_text'>Compartir por correo<\/span><\/a><\/li><\/ul><\/div><\/div>\n<div  style='height:50px' class='hr hr-invisible   avia-builder-el-8  el_after_av_social_share  el_before_av_comments_list '><span class='hr-inner ' ><span class='hr-inner-style'><\/span><\/span><\/div>\n<div  class='av-buildercomment  av-blog-meta-html-info-disabled av-blog-meta-tag-disabled  '><\/div>\n","protected":false},"excerpt":{"rendered":"","protected":false},"author":1,"featured_media":7302,"comment_status":"open","ping_status":"open","sticky":false,"template":"","format":"standard","meta":{"footnotes":""},"categories":[46,1],"tags":[],"class_list":["post-7299","post","type-post","status-publish","format-standard","has-post-thumbnail","hentry","category-salud","category-sin-categoria"],"jetpack_featured_media_url":"https:\/\/radiorevelacionfm.cl\/wp-content\/uploads\/2021\/08\/foto-fono-1_optimized.jpg","_links":{"self":[{"href":"https:\/\/radiorevelacionfm.cl\/index.php?rest_route=\/wp\/v2\/posts\/7299","targetHints":{"allow":["GET"]}}],"collection":[{"href":"https:\/\/radiorevelacionfm.cl\/index.php?rest_route=\/wp\/v2\/posts"}],"about":[{"href":"https:\/\/radiorevelacionfm.cl\/index.php?rest_route=\/wp\/v2\/types\/post"}],"author":[{"embeddable":true,"href":"https:\/\/radiorevelacionfm.cl\/index.php?rest_route=\/wp\/v2\/users\/1"}],"replies":[{"embeddable":true,"href":"https:\/\/radiorevelacionfm.cl\/index.php?rest_route=%2Fwp%2Fv2%2Fcomments&post=7299"}],"version-history":[{"count":2,"href":"https:\/\/radiorevelacionfm.cl\/index.php?rest_route=\/wp\/v2\/posts\/7299\/revisions"}],"predecessor-version":[{"id":7303,"href":"https:\/\/radiorevelacionfm.cl\/index.php?rest_route=\/wp\/v2\/posts\/7299\/revisions\/7303"}],"wp:featuredmedia":[{"embeddable":true,"href":"https:\/\/radiorevelacionfm.cl\/index.php?rest_route=\/wp\/v2\/media\/7302"}],"wp:attachment":[{"href":"https:\/\/radiorevelacionfm.cl\/index.php?rest_route=%2Fwp%2Fv2%2Fmedia&parent=7299"}],"wp:term":[{"taxonomy":"category","embeddable":true,"href":"https:\/\/radiorevelacionfm.cl\/index.php?rest_route=%2Fwp%2Fv2%2Fcategories&post=7299"},{"taxonomy":"post_tag","embeddable":true,"href":"https:\/\/radiorevelacionfm.cl\/index.php?rest_route=%2Fwp%2Fv2%2Ftags&post=7299"}],"curies":[{"name":"wp","href":"https:\/\/api.w.org\/{rel}","templated":true}]}}