{"id":7296,"date":"2021-08-10T15:29:16","date_gmt":"2021-08-10T18:29:16","guid":{"rendered":"https:\/\/radiorevelacionfm.cl\/?p=7296"},"modified":"2021-08-10T15:29:16","modified_gmt":"2021-08-10T18:29:16","slug":"taller-artesanal-de-manihuales-ya-cuenta-con-terreno-para-implementar-sede-cultural","status":"publish","type":"post","link":"https:\/\/radiorevelacionfm.cl\/?p=7296","title":{"rendered":"Taller artesanal de Ma\u00f1ihuales ya cuenta con terreno para implementar Sede Cultural"},"content":{"rendered":"<div class=\"flex_column av_one_full  flex_column_div av-zero-column-padding first  avia-builder-el-0  el_before_av_one_full  avia-builder-el-first  \" style='border-radius:0px; '><div  class='avia-image-container  av-styling-    avia-builder-el-1  avia-builder-el-no-sibling  avia-align-center '  itemprop=\"image\" itemscope=\"itemscope\" itemtype=\"https:\/\/schema.org\/ImageObject\"  ><div class='avia-image-container-inner'><div class='avia-image-overlay-wrap'><img decoding=\"async\" class='wp-image-7297 avia-img-lazy-loading-not-7297 avia_image' src=\"https:\/\/radiorevelacionfm.cl\/wp-content\/uploads\/2021\/08\/bbnn-2021-08-09-1_optimized.jpeg\" alt='' title='bbnn-2021-08-09-(1)_optimized' height=\"600\" width=\"800\"  itemprop=\"thumbnailUrl\" srcset=\"https:\/\/radiorevelacionfm.cl\/wp-content\/uploads\/2021\/08\/bbnn-2021-08-09-1_optimized.jpeg 800w, https:\/\/radiorevelacionfm.cl\/wp-content\/uploads\/2021\/08\/bbnn-2021-08-09-1_optimized-300x225.jpeg 300w, https:\/\/radiorevelacionfm.cl\/wp-content\/uploads\/2021\/08\/bbnn-2021-08-09-1_optimized-768x576.jpeg 768w, https:\/\/radiorevelacionfm.cl\/wp-content\/uploads\/2021\/08\/bbnn-2021-08-09-1_optimized-705x529.jpeg 705w, https:\/\/radiorevelacionfm.cl\/wp-content\/uploads\/2021\/08\/bbnn-2021-08-09-1_optimized-600x450.jpeg 600w\" sizes=\"(max-width: 800px) 100vw, 800px\" \/><\/div><\/div><\/div><\/div><div class=\"flex_column av_one_full  flex_column_div av-zero-column-padding first  avia-builder-el-2  el_after_av_one_full  el_before_av_one_full  column-top-margin\" style='border-radius:0px; '><section class=\"av_textblock_section \"  itemscope=\"itemscope\" itemtype=\"https:\/\/schema.org\/BlogPosting\" itemprop=\"blogPost\" ><div class='avia_textblock  '   itemprop=\"text\" ><p style=\"text-align: center;\"><strong><span style=\"font-size: 18pt;\">Taller artesanal de Ma\u00f1ihuales ya cuenta con terreno para implementar Sede Cultural<\/span><\/strong><\/p>\n<div id=\"gtx-trans\" style=\"position: absolute; left: -50px; top: 4.31534px;\">\n<div class=\"gtx-trans-icon\"><\/div>\n<\/div>\n<\/div><\/section><\/div><div class=\"flex_column av_one_full  flex_column_div av-zero-column-padding first  avia-builder-el-4  el_after_av_one_full  el_before_av_hr  column-top-margin\" style='border-radius:0px; '><section class=\"av_textblock_section \"  itemscope=\"itemscope\" itemtype=\"https:\/\/schema.org\/BlogPosting\" itemprop=\"blogPost\" ><div class='avia_textblock  '   itemprop=\"text\" ><p style=\"text-align: justify;\">En un emotivo acto que cont\u00f3 con la participaci\u00f3n de las Seremi Ana Mar\u00eda Mora Araneda, B\u00e1rbara Ort\u00fazar, representantes de la Municipalidad de Ays\u00e9n, e INDAP, se hizo entrega del inmueble fiscal, solicitado este a\u00f1o por el Taller Artesanal Campesino y Cultural Ra\u00edces de Ma\u00f1ihuales.<\/p>\n<p style=\"text-align: justify;\">La organizaci\u00f3n social que es liderada por mujeres, busca al corto plazo poder construir una sede e implementar un taller, que les permita efectuar sus reuniones y actividades educativas relacionadas con el tejido a telar, actividades costumbristas, exposici\u00f3n de artesan\u00edas, fomentando la cultura y la inclusi\u00f3n en la localidad y sus alrededores.<\/p>\n<p style=\"text-align: justify;\">Alicia Lagos Rebolledo presidenta del taller, expres\u00f3 estar sorprendida por los logros de su agrupaci\u00f3n. \u201cNo lo podemos creer que esto haya salido en tan poco tiempo, agradecidas de la gesti\u00f3n de la Seremi de Bienes Nacionales, por llegar a este momento en el que estamos todas las integrantes de la agrupaci\u00f3n reunidas, para compartir la felicidad de recibir el terreno que tanto anhel\u00e1bamos y que tanto necesit\u00e1bamos, para poder construir nuestra sede, trabajar tranquilamente y cumplir con todos nuestros sue\u00f1os\u201d.<\/p>\n<p style=\"text-align: justify;\">En cuanto a la proyecci\u00f3n, Elba Jim\u00e9nez integrante del taller, adelant\u00f3 que \u201cahora que ya tenemos nuestro terreno, iniciaremos el trabajo de cierre perimetral y luego comenzar a buscar opciones para construir e implementar nuestro taller\u201d.<\/p>\n<p style=\"text-align: justify;\">\u201cLa gesti\u00f3n de Bienes Nacionales va m\u00e1s all\u00e1 de la regularizaci\u00f3n de la propiedad con fines de asentar a la poblaci\u00f3n en nuestro territorio, tambi\u00e9n tiene un papel fundamental en el desarrollo de iniciativas sociales, de conservaci\u00f3n del patrimonio natural y cultural, salud, rehabilitaci\u00f3n, educaci\u00f3n e investigaci\u00f3n. Es as\u00ed que, en est\u00e1s materias durante estos dos \u00faltimos a\u00f1os se han otorgadas m\u00e1s de 30 concesiones de corto y largo plazo, trabajo que contin\u00faa de forma ininterrumpida con nuevos ingresos\u201d, a\u00f1adi\u00f3 la Seremi de Bienes Nacionales, Ana Mar\u00eda Mora Araneda.<\/p>\n<\/div><\/section><\/div><div  style='height:50px' class='hr hr-invisible   avia-builder-el-6  el_after_av_one_full  el_before_av_social_share '><span class='hr-inner ' ><span class='hr-inner-style'><\/span><\/span><\/div><\/p>\n<div  class='av-social-sharing-box  avia-builder-el-7  el_after_av_hr  el_before_av_hr  '><div class='av-share-box'><h5 class='av-share-link-description av-no-toc '>Compartir esta noticia<\/h5><ul class='av-share-box-list noLightbox'><li class='av-share-link av-social-link-facebook' ><a target=\"_blank\" aria-label=\"Compartir en Facebook\" href='https:\/\/www.facebook.com\/sharer.php?u=https:\/\/radiorevelacionfm.cl\/?p=7296&#038;t=Taller%20artesanal%20de%20Ma%C3%B1ihuales%20ya%20cuenta%20con%20terreno%20para%20implementar%20Sede%20Cultural' aria-hidden='false' data-av_icon='\ue8f3' data-av_iconfont='entypo-fontello' title='' data-avia-related-tooltip='Compartir en Facebook' rel=\"noopener\"><span class='avia_hidden_link_text'>Compartir en Facebook<\/span><\/a><\/li><li class='av-share-link av-social-link-twitter' ><a target=\"_blank\" aria-label=\"Compartir en Twitter\" href='https:\/\/twitter.com\/share?text=Taller%20artesanal%20de%20Ma%C3%B1ihuales%20ya%20cuenta%20con%20terreno%20para%20implementar%20Sede%20Cultural&#038;url=https:\/\/radiorevelacionfm.cl\/?p=7296' aria-hidden='false' data-av_icon='\ue8f1' data-av_iconfont='entypo-fontello' title='' data-avia-related-tooltip='Compartir en Twitter' rel=\"noopener\"><span class='avia_hidden_link_text'>Compartir en Twitter<\/span><\/a><\/li><li class='av-share-link av-social-link-whatsapp' ><a target=\"_blank\" aria-label=\"Compartir en Whatsapp\" href='https:\/\/api.whatsapp.com\/send?text=https:\/\/radiorevelacionfm.cl\/?p=7296' aria-hidden='false' data-av_icon='\uf232' data-av_iconfont='entypo-fontello' title='' data-avia-related-tooltip='Compartir en Whatsapp' rel=\"noopener\"><span class='avia_hidden_link_text'>Compartir en Whatsapp<\/span><\/a><\/li><li class='av-share-link av-social-link-linkedin' ><a target=\"_blank\" aria-label=\"Compartir en LinkedIn\" href='https:\/\/linkedin.com\/shareArticle?mini=true&#038;title=Taller%20artesanal%20de%20Ma%C3%B1ihuales%20ya%20cuenta%20con%20terreno%20para%20implementar%20Sede%20Cultural&#038;url=https:\/\/radiorevelacionfm.cl\/?p=7296' aria-hidden='false' data-av_icon='\ue8fc' data-av_iconfont='entypo-fontello' title='' data-avia-related-tooltip='Compartir en LinkedIn' rel=\"noopener\"><span class='avia_hidden_link_text'>Compartir en LinkedIn<\/span><\/a><\/li><li class='av-share-link av-social-link-mail' ><a  aria-label=\"Compartir por correo\" href='mailto:?subject=Taller%20artesanal%20de%20Ma%C3%B1ihuales%20ya%20cuenta%20con%20terreno%20para%20implementar%20Sede%20Cultural&#038;body=https:\/\/radiorevelacionfm.cl\/?p=7296' aria-hidden='false' data-av_icon='\ue805' data-av_iconfont='entypo-fontello' title='' data-avia-related-tooltip='Compartir por correo'><span class='avia_hidden_link_text'>Compartir por correo<\/span><\/a><\/li><\/ul><\/div><\/div>\n<div  style='height:50px' class='hr hr-invisible   avia-builder-el-8  el_after_av_social_share  el_before_av_comments_list '><span class='hr-inner ' ><span class='hr-inner-style'><\/span><\/span><\/div>\n<div  class='av-buildercomment  av-blog-meta-html-info-disabled av-blog-meta-tag-disabled  '><\/div>\n","protected":false},"excerpt":{"rendered":"","protected":false},"author":1,"featured_media":7297,"comment_status":"open","ping_status":"open","sticky":false,"template":"","format":"standard","meta":{"footnotes":""},"categories":[38],"tags":[],"class_list":["post-7296","post","type-post","status-publish","format-standard","has-post-thumbnail","hentry","category-regional"],"jetpack_featured_media_url":"https:\/\/radiorevelacionfm.cl\/wp-content\/uploads\/2021\/08\/bbnn-2021-08-09-1_optimized.jpeg","_links":{"self":[{"href":"https:\/\/radiorevelacionfm.cl\/index.php?rest_route=\/wp\/v2\/posts\/7296","targetHints":{"allow":["GET"]}}],"collection":[{"href":"https:\/\/radiorevelacionfm.cl\/index.php?rest_route=\/wp\/v2\/posts"}],"about":[{"href":"https:\/\/radiorevelacionfm.cl\/index.php?rest_route=\/wp\/v2\/types\/post"}],"author":[{"embeddable":true,"href":"https:\/\/radiorevelacionfm.cl\/index.php?rest_route=\/wp\/v2\/users\/1"}],"replies":[{"embeddable":true,"href":"https:\/\/radiorevelacionfm.cl\/index.php?rest_route=%2Fwp%2Fv2%2Fcomments&post=7296"}],"version-history":[{"count":1,"href":"https:\/\/radiorevelacionfm.cl\/index.php?rest_route=\/wp\/v2\/posts\/7296\/revisions"}],"predecessor-version":[{"id":7298,"href":"https:\/\/radiorevelacionfm.cl\/index.php?rest_route=\/wp\/v2\/posts\/7296\/revisions\/7298"}],"wp:featuredmedia":[{"embeddable":true,"href":"https:\/\/radiorevelacionfm.cl\/index.php?rest_route=\/wp\/v2\/media\/7297"}],"wp:attachment":[{"href":"https:\/\/radiorevelacionfm.cl\/index.php?rest_route=%2Fwp%2Fv2%2Fmedia&parent=7296"}],"wp:term":[{"taxonomy":"category","embeddable":true,"href":"https:\/\/radiorevelacionfm.cl\/index.php?rest_route=%2Fwp%2Fv2%2Fcategories&post=7296"},{"taxonomy":"post_tag","embeddable":true,"href":"https:\/\/radiorevelacionfm.cl\/index.php?rest_route=%2Fwp%2Fv2%2Ftags&post=7296"}],"curies":[{"name":"wp","href":"https:\/\/api.w.org\/{rel}","templated":true}]}}