{"id":7291,"date":"2021-08-10T14:14:34","date_gmt":"2021-08-10T17:14:34","guid":{"rendered":"https:\/\/radiorevelacionfm.cl\/?p=7291"},"modified":"2021-08-10T14:18:00","modified_gmt":"2021-08-10T17:18:00","slug":"vecinos-del-sauce-en-chile-chico-se-reunen-con-diputado-calisto-y-piden-aumentar-recursos-para-electrificacion-rural","status":"publish","type":"post","link":"https:\/\/radiorevelacionfm.cl\/?p=7291","title":{"rendered":"Vecinos del Sauce en Chile Chico en reuni\u00f3n con diputado Calisto piden aumentar recursos para electrificaci\u00f3n rural"},"content":{"rendered":"<div class=\"flex_column av_one_full  flex_column_div av-zero-column-padding first  avia-builder-el-0  el_before_av_one_full  avia-builder-el-first  \" style='border-radius:0px; '><div  class='avia-image-container  av-styling-    avia-builder-el-1  avia-builder-el-no-sibling  avia-align-center '  itemprop=\"image\" itemscope=\"itemscope\" itemtype=\"https:\/\/schema.org\/ImageObject\"  ><div class='avia-image-container-inner'><div class='avia-image-overlay-wrap'><img decoding=\"async\" class='wp-image-7292 avia-img-lazy-loading-not-7292 avia_image' src=\"https:\/\/radiorevelacionfm.cl\/wp-content\/uploads\/2021\/08\/ELECTRIFICACION-CHCH-1.jpg\" alt='' title='ELECTRIFICACI\u00d3N CHCH (1)' height=\"600\" width=\"1205\"  itemprop=\"thumbnailUrl\" srcset=\"https:\/\/radiorevelacionfm.cl\/wp-content\/uploads\/2021\/08\/ELECTRIFICACION-CHCH-1.jpg 1205w, https:\/\/radiorevelacionfm.cl\/wp-content\/uploads\/2021\/08\/ELECTRIFICACION-CHCH-1-300x149.jpg 300w, https:\/\/radiorevelacionfm.cl\/wp-content\/uploads\/2021\/08\/ELECTRIFICACION-CHCH-1-1030x513.jpg 1030w, https:\/\/radiorevelacionfm.cl\/wp-content\/uploads\/2021\/08\/ELECTRIFICACION-CHCH-1-768x382.jpg 768w, https:\/\/radiorevelacionfm.cl\/wp-content\/uploads\/2021\/08\/ELECTRIFICACION-CHCH-1-705x351.jpg 705w, https:\/\/radiorevelacionfm.cl\/wp-content\/uploads\/2021\/08\/ELECTRIFICACION-CHCH-1-600x299.jpg 600w\" sizes=\"(max-width: 1205px) 100vw, 1205px\" \/><\/div><\/div><\/div><\/div>\n<div class=\"flex_column av_one_full  flex_column_div av-zero-column-padding first  avia-builder-el-2  el_after_av_one_full  el_before_av_one_full  column-top-margin\" style='border-radius:0px; '><section class=\"av_textblock_section \"  itemscope=\"itemscope\" itemtype=\"https:\/\/schema.org\/BlogPosting\" itemprop=\"blogPost\" ><div class='avia_textblock  '   itemprop=\"text\" ><p style=\"text-align: center;\"><strong><span style=\"font-size: 18pt;\">Vecinos del Sauce en Chile Chico en reuni\u00f3n con diputado Calisto piden aumentar recursos para electrificaci\u00f3n rural<\/span><\/strong><\/p>\n<div id=\"gtx-trans\" style=\"position: absolute; left: -50px; top: 4.31534px;\">\n<div class=\"gtx-trans-icon\"><\/div>\n<\/div>\n<\/div><\/section><\/div><div class=\"flex_column av_one_full  flex_column_div av-zero-column-padding first  avia-builder-el-4  el_after_av_one_full  el_before_av_hr  column-top-margin\" style='border-radius:0px; '><section class=\"av_textblock_section \"  itemscope=\"itemscope\" itemtype=\"https:\/\/schema.org\/BlogPosting\" itemprop=\"blogPost\" ><div class='avia_textblock  '   itemprop=\"text\" ><p style=\"font-weight: 400; text-align: justify;\">Tras reunirse con dirigentes de la junta de vecinos del sector El Sauce de Chile Chico, el diputado Miguel \u00c1ngel Calisto resalt\u00f3 la importancia de apoyar a las familias que deciden vivir en el campo, reiterando la necesidad de aumentar los cupos Prodesal, flexibilizar los requisitos para ser usuario de Indap y aumentar los recursos para los proyectos de electrificaci\u00f3n rural.<\/p>\n<p style=\"font-weight: 400; text-align: justify;\">Fue precisamente este \u00faltimo tema el que trataron con esta junta de vecinos, quienes tienen un proyecto en esta l\u00ednea. Seg\u00fan el legislador, \u201clos temas de electrificaci\u00f3n rural son muy importantes, especialmente para aquellas familias que viven en sectores donde no llegan los tendidos el\u00e9ctricos. Se requiere aumentar los recursos para entregar paneles fotovoltaicos. Necesitamos que estas familias se mantengan en el campo, hay que entregar alternativas y beneficios para que la gente elija vivir ah\u00ed y no sigamos fomentando la vida en las grandes ciudades\u201d.<\/p>\n<p style=\"font-weight: 400; text-align: justify;\">Calisto agreg\u00f3 que \u201cpor eso nos reunimos con los vecinos del sector El Sauce de Chile Chico. Ellos requieren contar con electrificaci\u00f3n. Son cerca de 28 familias a las que vamos a apoyar para concretar este proyecto, tal como lo estamos haciendo con familias del sector Ceballos y en otros lugares de la regi\u00f3n de Ays\u00e9n\u201d.<\/p>\n<p style=\"font-weight: 400; text-align: justify;\">Adem\u00e1s, se\u00f1al\u00f3 que \u201chemos insistido en la necesidad que Indap pueda flexibilizar los requisitos para que los peque\u00f1os campesinos puedan entrar y estar categorizados como usuarios. Del mismo modo, hemos solicitado mayor cantidad de cupos en los Prodesal, como tambi\u00e9n analizar la opci\u00f3n de crear nuevos Prodesal para beneficiar al mundo campesino\u201d.<\/p>\n<p style=\"font-weight: 400; text-align: justify;\">\u201cHoy m\u00e1s que nunca necesitamos ayudas t\u00e9cnicas, asesor\u00edas, tomando en cuenta que se viene una grave sequ\u00eda para el verano. Ya hemos visto c\u00f3mo est\u00e1 la falta de nieve, de agua, lo que se ver\u00e1 reflejado fuertemente en el verano. Desde ya debemos ocuparnos y generar alternativas para los peque\u00f1os campesinos, que est\u00e1 absolutamente descuidados\u201d, se\u00f1al\u00f3.<\/p>\n<p style=\"font-weight: 400; text-align: justify;\">Por su parte, el concejal de la comuna, Mario Figueroa, se\u00f1al\u00f3 que \u201csostuvimos una importante reuni\u00f3n con vecinos del comit\u00e9 de electrificaci\u00f3n el Sauce de Chile Chico, iniciativa que va en beneficio de vecinos del interior, del lado oeste de la comuna. Nos encontramos con una sorpresa no muy grata, porque falta mucha informaci\u00f3n, que lamentablemente no se ha hecho la pega\u201d.<\/p>\n<p style=\"font-weight: 400; text-align: justify;\">Figueroa argument\u00f3 que \u201ctenemos la esperanza de poder acompa\u00f1ar a los vecinos para hacer realidad la electrificaci\u00f3n de sus viviendas. Son cerca de 28 familias que est\u00e1n muy cerca del \u00e1rea urbana, donde viven adultos mayores, familias y ni\u00f1os. La gente tiene derecho a construir en sus parcelas, por lo tanto, agradecemos las gestiones del diputado y esperamos seguir avanzando en esto\u201d.<\/p>\n<p style=\"font-weight: 400; text-align: justify;\">Finalmente, Sebasti\u00e1n Dur\u00e1n, Presidente de la Junta de Vecinos El Sauce, asegur\u00f3 que \u201cnos reunimos con el diputado y los concejales., tuvimos una muy buena recepci\u00f3n, esperamos tener buenas respuestas prontamente para poder solucionar toda la problem\u00e1tica que genera el tema de la electrificaci\u00f3n en el sector que nosotros vivimos\u201d.<\/p>\n<\/div><\/section><\/div><\/p>\n<div  style='height:50px' class='hr hr-invisible   avia-builder-el-6  el_after_av_one_full  el_before_av_social_share '><span class='hr-inner ' ><span class='hr-inner-style'><\/span><\/span><\/div>\n<div  class='av-social-sharing-box  avia-builder-el-7  el_after_av_hr  el_before_av_hr  '><div class='av-share-box'><h5 class='av-share-link-description av-no-toc '>Compartir esta noticia<\/h5><ul class='av-share-box-list noLightbox'><li class='av-share-link av-social-link-facebook' ><a target=\"_blank\" aria-label=\"Compartir en Facebook\" href='https:\/\/www.facebook.com\/sharer.php?u=https:\/\/radiorevelacionfm.cl\/?p=7291&#038;t=Vecinos%20del%20Sauce%20en%20Chile%20Chico%20en%20reuni%C3%B3n%20con%20diputado%20Calisto%20piden%20aumentar%20recursos%20para%20electrificaci%C3%B3n%20rural' aria-hidden='false' data-av_icon='\ue8f3' data-av_iconfont='entypo-fontello' title='' data-avia-related-tooltip='Compartir en Facebook' rel=\"noopener\"><span class='avia_hidden_link_text'>Compartir en Facebook<\/span><\/a><\/li><li class='av-share-link av-social-link-twitter' ><a target=\"_blank\" aria-label=\"Compartir en Twitter\" href='https:\/\/twitter.com\/share?text=Vecinos%20del%20Sauce%20en%20Chile%20Chico%20en%20reuni%C3%B3n%20con%20diputado%20Calisto%20piden%20aumentar%20recursos%20para%20electrificaci%C3%B3n%20rural&#038;url=https:\/\/radiorevelacionfm.cl\/?p=7291' aria-hidden='false' data-av_icon='\ue8f1' data-av_iconfont='entypo-fontello' title='' data-avia-related-tooltip='Compartir en Twitter' rel=\"noopener\"><span class='avia_hidden_link_text'>Compartir en Twitter<\/span><\/a><\/li><li class='av-share-link av-social-link-whatsapp' ><a target=\"_blank\" aria-label=\"Compartir en Whatsapp\" href='https:\/\/api.whatsapp.com\/send?text=https:\/\/radiorevelacionfm.cl\/?p=7291' aria-hidden='false' data-av_icon='\uf232' data-av_iconfont='entypo-fontello' title='' data-avia-related-tooltip='Compartir en Whatsapp' rel=\"noopener\"><span class='avia_hidden_link_text'>Compartir en Whatsapp<\/span><\/a><\/li><li class='av-share-link av-social-link-linkedin' ><a target=\"_blank\" aria-label=\"Compartir en LinkedIn\" href='https:\/\/linkedin.com\/shareArticle?mini=true&#038;title=Vecinos%20del%20Sauce%20en%20Chile%20Chico%20en%20reuni%C3%B3n%20con%20diputado%20Calisto%20piden%20aumentar%20recursos%20para%20electrificaci%C3%B3n%20rural&#038;url=https:\/\/radiorevelacionfm.cl\/?p=7291' aria-hidden='false' data-av_icon='\ue8fc' data-av_iconfont='entypo-fontello' title='' data-avia-related-tooltip='Compartir en LinkedIn' rel=\"noopener\"><span class='avia_hidden_link_text'>Compartir en LinkedIn<\/span><\/a><\/li><li class='av-share-link av-social-link-mail' ><a  aria-label=\"Compartir por correo\" href='mailto:?subject=Vecinos%20del%20Sauce%20en%20Chile%20Chico%20en%20reuni%C3%B3n%20con%20diputado%20Calisto%20piden%20aumentar%20recursos%20para%20electrificaci%C3%B3n%20rural&#038;body=https:\/\/radiorevelacionfm.cl\/?p=7291' aria-hidden='false' data-av_icon='\ue805' data-av_iconfont='entypo-fontello' title='' data-avia-related-tooltip='Compartir por correo'><span class='avia_hidden_link_text'>Compartir por correo<\/span><\/a><\/li><\/ul><\/div><\/div>\n<div  style='height:50px' class='hr hr-invisible   avia-builder-el-8  el_after_av_social_share  el_before_av_comments_list '><span class='hr-inner ' ><span class='hr-inner-style'><\/span><\/span><\/div>\n<div  class='av-buildercomment  av-blog-meta-html-info-disabled av-blog-meta-tag-disabled  '><\/div>\n","protected":false},"excerpt":{"rendered":"","protected":false},"author":1,"featured_media":7292,"comment_status":"open","ping_status":"open","sticky":false,"template":"","format":"standard","meta":{"footnotes":""},"categories":[35],"tags":[],"class_list":["post-7291","post","type-post","status-publish","format-standard","has-post-thumbnail","hentry","category-politica"],"jetpack_featured_media_url":"https:\/\/radiorevelacionfm.cl\/wp-content\/uploads\/2021\/08\/ELECTRIFICACION-CHCH-1.jpg","_links":{"self":[{"href":"https:\/\/radiorevelacionfm.cl\/index.php?rest_route=\/wp\/v2\/posts\/7291","targetHints":{"allow":["GET"]}}],"collection":[{"href":"https:\/\/radiorevelacionfm.cl\/index.php?rest_route=\/wp\/v2\/posts"}],"about":[{"href":"https:\/\/radiorevelacionfm.cl\/index.php?rest_route=\/wp\/v2\/types\/post"}],"author":[{"embeddable":true,"href":"https:\/\/radiorevelacionfm.cl\/index.php?rest_route=\/wp\/v2\/users\/1"}],"replies":[{"embeddable":true,"href":"https:\/\/radiorevelacionfm.cl\/index.php?rest_route=%2Fwp%2Fv2%2Fcomments&post=7291"}],"version-history":[{"count":3,"href":"https:\/\/radiorevelacionfm.cl\/index.php?rest_route=\/wp\/v2\/posts\/7291\/revisions"}],"predecessor-version":[{"id":7295,"href":"https:\/\/radiorevelacionfm.cl\/index.php?rest_route=\/wp\/v2\/posts\/7291\/revisions\/7295"}],"wp:featuredmedia":[{"embeddable":true,"href":"https:\/\/radiorevelacionfm.cl\/index.php?rest_route=\/wp\/v2\/media\/7292"}],"wp:attachment":[{"href":"https:\/\/radiorevelacionfm.cl\/index.php?rest_route=%2Fwp%2Fv2%2Fmedia&parent=7291"}],"wp:term":[{"taxonomy":"category","embeddable":true,"href":"https:\/\/radiorevelacionfm.cl\/index.php?rest_route=%2Fwp%2Fv2%2Fcategories&post=7291"},{"taxonomy":"post_tag","embeddable":true,"href":"https:\/\/radiorevelacionfm.cl\/index.php?rest_route=%2Fwp%2Fv2%2Ftags&post=7291"}],"curies":[{"name":"wp","href":"https:\/\/api.w.org\/{rel}","templated":true}]}}