{"id":7285,"date":"2021-08-10T12:33:47","date_gmt":"2021-08-10T15:33:47","guid":{"rendered":"https:\/\/radiorevelacionfm.cl\/?p=7285"},"modified":"2021-08-10T12:33:47","modified_gmt":"2021-08-10T15:33:47","slug":"adjudicada-pavimentacion-de-ruta-7-sur-entre-puente-el-belga-y-sector-acceso-a-capillas-de-marmol","status":"publish","type":"post","link":"https:\/\/radiorevelacionfm.cl\/?p=7285","title":{"rendered":"Adjudicada pavimentaci\u00f3n de ruta 7 sur entre puente El Belga y sector acceso a Capillas de M\u00e1rmol"},"content":{"rendered":"<div class=\"flex_column av_one_full  flex_column_div av-zero-column-padding first  avia-builder-el-0  el_before_av_one_full  avia-builder-el-first  \" style='border-radius:0px; '><div  class='avia-image-container  av-styling-    avia-builder-el-1  avia-builder-el-no-sibling  avia-align-center '  itemprop=\"image\" itemscope=\"itemscope\" itemtype=\"https:\/\/schema.org\/ImageObject\"  ><div class='avia-image-container-inner'><div class='avia-image-overlay-wrap'><img decoding=\"async\" class='wp-image-7286 avia-img-lazy-loading-not-7286 avia_image' src=\"https:\/\/radiorevelacionfm.cl\/wp-content\/uploads\/2021\/08\/uno-1_optimized.jpg\" alt='' title='uno-(1)_optimized' height=\"600\" width=\"1090\"  itemprop=\"thumbnailUrl\" srcset=\"https:\/\/radiorevelacionfm.cl\/wp-content\/uploads\/2021\/08\/uno-1_optimized.jpg 1090w, https:\/\/radiorevelacionfm.cl\/wp-content\/uploads\/2021\/08\/uno-1_optimized-300x165.jpg 300w, https:\/\/radiorevelacionfm.cl\/wp-content\/uploads\/2021\/08\/uno-1_optimized-1030x567.jpg 1030w, https:\/\/radiorevelacionfm.cl\/wp-content\/uploads\/2021\/08\/uno-1_optimized-768x423.jpg 768w, https:\/\/radiorevelacionfm.cl\/wp-content\/uploads\/2021\/08\/uno-1_optimized-705x388.jpg 705w, https:\/\/radiorevelacionfm.cl\/wp-content\/uploads\/2021\/08\/uno-1_optimized-600x330.jpg 600w\" sizes=\"(max-width: 1090px) 100vw, 1090px\" \/><\/div><\/div><\/div><\/div><div class=\"flex_column av_one_full  flex_column_div av-zero-column-padding first  avia-builder-el-2  el_after_av_one_full  el_before_av_one_full  column-top-margin\" style='border-radius:0px; '><section class=\"av_textblock_section \"  itemscope=\"itemscope\" itemtype=\"https:\/\/schema.org\/BlogPosting\" itemprop=\"blogPost\" ><div class='avia_textblock  '   itemprop=\"text\" ><p style=\"text-align: center;\"><strong><span style=\"font-size: 18pt;\">Adjudicada pavimentaci\u00f3n de ruta 7 sur entre puente El Belga y sector acceso a Capillas de M\u00e1rmol<\/span><\/strong><\/p>\n<div id=\"gtx-trans\" style=\"position: absolute; left: -50px; top: 4.31534px;\">\n<div class=\"gtx-trans-icon\"><\/div>\n<\/div>\n<\/div><\/section><\/div><div class=\"flex_column av_one_full  flex_column_div av-zero-column-padding first  avia-builder-el-4  el_after_av_one_full  el_before_av_hr  column-top-margin\" style='border-radius:0px; '><section class=\"av_textblock_section \"  itemscope=\"itemscope\" itemtype=\"https:\/\/schema.org\/BlogPosting\" itemprop=\"blogPost\" ><div class='avia_textblock  '   itemprop=\"text\" ><p style=\"text-align: justify;\">Para mejorar las condiciones de conectividad de los vecinos de la zona sur de la regi\u00f3n de Ays\u00e9n, el Secretario Regional Ministerial de Obras P\u00fablicas, N\u00e9stor Mera Mu\u00f1oz, anunci\u00f3 que esta semana fue adjudicada la pavimentaci\u00f3n de 14 kil\u00f3metros nuevos de la Ruta 7 Sur entre el puente El Belga y el acceso a las Capillas de M\u00e1rmol,\u00a0 a la empresa Ingenier\u00eda y Construcciones Santa Fe S.A., obras que se suman a la importante inversi\u00f3n en pavimentaci\u00f3n que est\u00e1 realizado el gobierno del presidente Sebasti\u00e1n Pi\u00f1era en la regi\u00f3n de Ays\u00e9n a trav\u00e9s de la Direcci\u00f3n Regional de Vialidad del Ministerio de Obras P\u00fablicas, la que a la fecha se encuentra terminada y\/o en fase de ejecuci\u00f3n en un total de 70 kil\u00f3metros m\u00e1s, que incluye obras tanto en los sectores norte como sur de la Carretera Austral.<\/p>\n<p style=\"text-align: justify;\">Al respecto, el SEREMI del MOP manifest\u00f3 que estas obras son un hito importante para el gobierno, y para \u00a0los vecinos de Puerto R\u00edo Tranquilo, as\u00ed como tambi\u00e9n para todos los habitantes de la regi\u00f3n de Ays\u00e9n. \u201cLa Contralor\u00eda General de la Rep\u00fablica ha tomado raz\u00f3n del proyecto de obras b\u00e1sicas y pavimentaci\u00f3n de 14 kil\u00f3metros de la Ruta 7 Sur, lo que es parte de un convenio de programaci\u00f3n que ha propuesto nuestro gobierno del presidente Sebasti\u00e1n Pi\u00f1era para avanzar en la pavimentaci\u00f3n de 150 kil\u00f3metros entre la regi\u00f3n de Los Lagos y la regi\u00f3n de Ays\u00e9n. Estas obras son parte central del trabajo que hemos realizado como gobierno y nos tiene muy contentos y comprometidos con aumentar fuertemente la pavimentaci\u00f3n de la Carretera Austral. Hoy, con esta toma de raz\u00f3n lo que estamos haciendo es incorporar 14 kil\u00f3metros m\u00e1s de pavimento, que tendr\u00e1n una inversi\u00f3n de $17 mil millones y a la empresa Santa Fe como adjudicataria, quienes van a estar trabajando y entregando empleo con estas obras por dos a\u00f1os, siendo un aporte en medio de la pandemia para dinamizar y recuperar la econom\u00eda local en Puerto R\u00edo Tranquilo y sus alrededores, as\u00ed como tambi\u00e9n potenciar el desarrollo tur\u00edstico, por lo que esperamos sean muy bien recibidas por los vecinos. Nos tiene muy motivados como gobierno seguir avanzando de manera importante, segura y clara a pesar de las complejidades de la pandemia en lo que es la pavimentaci\u00f3n de la columna vertebral de la regi\u00f3n de Ays\u00e9n\u201d.<\/p>\n<p style=\"text-align: justify;\">Frente a este importante anunci\u00f3, el Alcalde de la comuna de R\u00edo Ib\u00e1\u00f1ez, Marcelo Santana se\u00f1al\u00f3 \u201ces una noticia que est\u00e1bamos esperando, no sabes lo importante que es para la comuna de R\u00edo Ib\u00e1\u00f1ez y para toda la regi\u00f3n de Ays\u00e9n que se pueda seguir avanzando en conectividad vial. La Carretera Austral, la Ruta 7 atraviesa nuestra comuna y somos los vecinos beneficiarios directos de esta gran obra, porque la zona en donde se proyecta la construcci\u00f3n de este pavimento es en un sector que tiene mucho tr\u00e1fico, sobretodo en la temporada estival en donde el turismo se convierte en la principal actividad econ\u00f3mica y son miles de visitantes que recibimos y que queremos que se lleven la mejor impresi\u00f3n de nuestra comuna, as\u00ed que en ese sentido la conectividad aporta mucho a la econom\u00eda local y regional y por otra parte como estamos en un per\u00edodo de pandemia y de reactivaci\u00f3n econ\u00f3mica estas obras son muy importantes porque influyen en la disponibilidad de trabajos y contrataci\u00f3n de servicios en la comuna y reactivan la econom\u00eda local muy importantemente\u201d.<\/p>\n<p style=\"text-align: justify;\">Por su parte, el Consejero Regional Carlos Quintul indic\u00f3 estar muy contento con este gran anuncio que acaba de hacer el SEREMI del MOP \u00a0N\u00e9stor Mera. \u201cEn realidad es un sue\u00f1o para la gente de la localidad de Puerto R\u00edo Tranquilo, para Murta, ya que esta Ruta 7 Sur es muy transitada vehicularmente, as\u00ed que contento ya que esta pavimentaci\u00f3n viene a concretar el sue\u00f1o de muchas personas que se ven afectadas d\u00eda a d\u00eda con las malas condiciones del\u00a0 camino. Yo creo que esta pavimentaci\u00f3n de 14 kil\u00f3metros desde el puente El Belga-Acceso a las Capillas del M\u00e1rmol cercana a Bah\u00eda Mansa en R\u00edo Tranquilo, viene a mejorar la calidad de vida de nuestros habitantes del sector. Tambi\u00e9n son 14 kil\u00f3metros, son cerca de $18 mil millones una suma muy importante y en estos tiempos de pandemia, y esto viene a mejorar y reactivar la econom\u00eda local ya que esta es una empresa Santa Fe que se sac\u00f3 esta propuesta ah\u00ed en el sector, as\u00ed que contentos por esto y esperar que todo salga bien y que esta obra se pueda llevar a cabo de la mejor manera\u201d.<\/p>\n<p style=\"text-align: justify;\"><strong><u>OBRAS<\/u><\/strong><\/p>\n<p style=\"text-align: justify;\">Las obras contemplan una soluci\u00f3n integral que incluye el mejoramiento geom\u00e9trico de la Ruta con par\u00e1metros asociados a una velocidad de proyecto de 30 a 70 Km\/h., en pavimento de hormig\u00f3n, con obras de drenaje, saneamiento, se\u00f1alizaci\u00f3n, demarcaci\u00f3n del pavimento y sistemas de contenci\u00f3n, entre otros. La Ruta considera 2 pistas para el flujo bidireccional de 3,5 m de ancho cada una, con bermas de 0,5 m a 1,5 m de ancho y un sobre ancho de plataforma de 0,8 m de ancho, este \u00faltimo s\u00f3lo para aquellos sectores en los que no se prev\u00e9n obras de saneamiento longitudinal y\/o barreras de contenci\u00f3n. Para la contenci\u00f3n lateral de la plataforma se ha considerado la implementaci\u00f3n de un muro de contenci\u00f3n con altura promedio de 2 m de lado izquierdo. A lo largo del tramo se proyectan tres zonas con miradores materializados mediante una explanada variable de 10 a 40 m y de ancho aproximado de 5 m a 37 m.<\/p>\n<\/div><\/section><\/div><div  style='height:50px' class='hr hr-invisible   avia-builder-el-6  el_after_av_one_full  el_before_av_social_share '><span class='hr-inner ' ><span class='hr-inner-style'><\/span><\/span><\/div><\/p>\n<div  class='av-social-sharing-box  avia-builder-el-7  el_after_av_hr  el_before_av_hr  '><div class='av-share-box'><h5 class='av-share-link-description av-no-toc '>Compartir esta noticia<\/h5><ul class='av-share-box-list noLightbox'><li class='av-share-link av-social-link-facebook' ><a target=\"_blank\" aria-label=\"Compartir en Facebook\" href='https:\/\/www.facebook.com\/sharer.php?u=https:\/\/radiorevelacionfm.cl\/?p=7285&#038;t=Adjudicada%20pavimentaci%C3%B3n%20de%20ruta%207%20sur%20entre%20puente%20El%20Belga%20y%20sector%20acceso%20a%20Capillas%20de%20M%C3%A1rmol' aria-hidden='false' data-av_icon='\ue8f3' data-av_iconfont='entypo-fontello' title='' data-avia-related-tooltip='Compartir en Facebook' rel=\"noopener\"><span class='avia_hidden_link_text'>Compartir en Facebook<\/span><\/a><\/li><li class='av-share-link av-social-link-twitter' ><a target=\"_blank\" aria-label=\"Compartir en Twitter\" href='https:\/\/twitter.com\/share?text=Adjudicada%20pavimentaci%C3%B3n%20de%20ruta%207%20sur%20entre%20puente%20El%20Belga%20y%20sector%20acceso%20a%20Capillas%20de%20M%C3%A1rmol&#038;url=https:\/\/radiorevelacionfm.cl\/?p=7285' aria-hidden='false' data-av_icon='\ue8f1' data-av_iconfont='entypo-fontello' title='' data-avia-related-tooltip='Compartir en Twitter' rel=\"noopener\"><span class='avia_hidden_link_text'>Compartir en Twitter<\/span><\/a><\/li><li class='av-share-link av-social-link-whatsapp' ><a target=\"_blank\" aria-label=\"Compartir en Whatsapp\" href='https:\/\/api.whatsapp.com\/send?text=https:\/\/radiorevelacionfm.cl\/?p=7285' aria-hidden='false' data-av_icon='\uf232' data-av_iconfont='entypo-fontello' title='' data-avia-related-tooltip='Compartir en Whatsapp' rel=\"noopener\"><span class='avia_hidden_link_text'>Compartir en Whatsapp<\/span><\/a><\/li><li class='av-share-link av-social-link-linkedin' ><a target=\"_blank\" aria-label=\"Compartir en LinkedIn\" href='https:\/\/linkedin.com\/shareArticle?mini=true&#038;title=Adjudicada%20pavimentaci%C3%B3n%20de%20ruta%207%20sur%20entre%20puente%20El%20Belga%20y%20sector%20acceso%20a%20Capillas%20de%20M%C3%A1rmol&#038;url=https:\/\/radiorevelacionfm.cl\/?p=7285' aria-hidden='false' data-av_icon='\ue8fc' data-av_iconfont='entypo-fontello' title='' data-avia-related-tooltip='Compartir en LinkedIn' rel=\"noopener\"><span class='avia_hidden_link_text'>Compartir en LinkedIn<\/span><\/a><\/li><li class='av-share-link av-social-link-mail' ><a  aria-label=\"Compartir por correo\" href='mailto:?subject=Adjudicada%20pavimentaci%C3%B3n%20de%20ruta%207%20sur%20entre%20puente%20El%20Belga%20y%20sector%20acceso%20a%20Capillas%20de%20M%C3%A1rmol&#038;body=https:\/\/radiorevelacionfm.cl\/?p=7285' aria-hidden='false' data-av_icon='\ue805' data-av_iconfont='entypo-fontello' title='' data-avia-related-tooltip='Compartir por correo'><span class='avia_hidden_link_text'>Compartir por correo<\/span><\/a><\/li><\/ul><\/div><\/div>\n<div  style='height:50px' class='hr hr-invisible   avia-builder-el-8  el_after_av_social_share  el_before_av_comments_list '><span class='hr-inner ' ><span class='hr-inner-style'><\/span><\/span><\/div>\n<div  class='av-buildercomment  av-blog-meta-html-info-disabled av-blog-meta-tag-disabled  '><\/div>\n","protected":false},"excerpt":{"rendered":"","protected":false},"author":1,"featured_media":7286,"comment_status":"open","ping_status":"open","sticky":false,"template":"","format":"standard","meta":{"footnotes":""},"categories":[38],"tags":[],"class_list":["post-7285","post","type-post","status-publish","format-standard","has-post-thumbnail","hentry","category-regional"],"jetpack_featured_media_url":"https:\/\/radiorevelacionfm.cl\/wp-content\/uploads\/2021\/08\/uno-1_optimized.jpg","_links":{"self":[{"href":"https:\/\/radiorevelacionfm.cl\/index.php?rest_route=\/wp\/v2\/posts\/7285","targetHints":{"allow":["GET"]}}],"collection":[{"href":"https:\/\/radiorevelacionfm.cl\/index.php?rest_route=\/wp\/v2\/posts"}],"about":[{"href":"https:\/\/radiorevelacionfm.cl\/index.php?rest_route=\/wp\/v2\/types\/post"}],"author":[{"embeddable":true,"href":"https:\/\/radiorevelacionfm.cl\/index.php?rest_route=\/wp\/v2\/users\/1"}],"replies":[{"embeddable":true,"href":"https:\/\/radiorevelacionfm.cl\/index.php?rest_route=%2Fwp%2Fv2%2Fcomments&post=7285"}],"version-history":[{"count":1,"href":"https:\/\/radiorevelacionfm.cl\/index.php?rest_route=\/wp\/v2\/posts\/7285\/revisions"}],"predecessor-version":[{"id":7287,"href":"https:\/\/radiorevelacionfm.cl\/index.php?rest_route=\/wp\/v2\/posts\/7285\/revisions\/7287"}],"wp:featuredmedia":[{"embeddable":true,"href":"https:\/\/radiorevelacionfm.cl\/index.php?rest_route=\/wp\/v2\/media\/7286"}],"wp:attachment":[{"href":"https:\/\/radiorevelacionfm.cl\/index.php?rest_route=%2Fwp%2Fv2%2Fmedia&parent=7285"}],"wp:term":[{"taxonomy":"category","embeddable":true,"href":"https:\/\/radiorevelacionfm.cl\/index.php?rest_route=%2Fwp%2Fv2%2Fcategories&post=7285"},{"taxonomy":"post_tag","embeddable":true,"href":"https:\/\/radiorevelacionfm.cl\/index.php?rest_route=%2Fwp%2Fv2%2Ftags&post=7285"}],"curies":[{"name":"wp","href":"https:\/\/api.w.org\/{rel}","templated":true}]}}