{"id":7282,"date":"2021-08-10T11:57:08","date_gmt":"2021-08-10T14:57:08","guid":{"rendered":"https:\/\/radiorevelacionfm.cl\/?p=7282"},"modified":"2021-08-10T11:57:08","modified_gmt":"2021-08-10T14:57:08","slug":"en-aysen-se-desarrollo-encuentro-cultural-para-relevar-el-aporte-de-la-cueca-al-patrimonio","status":"publish","type":"post","link":"https:\/\/radiorevelacionfm.cl\/?p=7282","title":{"rendered":"En Ays\u00e9n se desarroll\u00f3 encuentro cultural para relevar el aporte de la cueca al patrimonio"},"content":{"rendered":"<div class=\"flex_column av_one_full  flex_column_div av-zero-column-padding first  avia-builder-el-0  el_before_av_one_full  avia-builder-el-first  \" style='border-radius:0px; '><div  class='avia-image-container  av-styling-    avia-builder-el-1  avia-builder-el-no-sibling  avia-align-center '  itemprop=\"image\" itemscope=\"itemscope\" itemtype=\"https:\/\/schema.org\/ImageObject\"  ><div class='avia-image-container-inner'><div class='avia-image-overlay-wrap'><img decoding=\"async\" class='wp-image-7283 avia-img-lazy-loading-not-7283 avia_image' src=\"https:\/\/radiorevelacionfm.cl\/wp-content\/uploads\/2021\/08\/IMG-cueca-1-1.jpg\" alt='' title='IMG-cueca (1) (1)' height=\"600\" width=\"1165\"  itemprop=\"thumbnailUrl\" srcset=\"https:\/\/radiorevelacionfm.cl\/wp-content\/uploads\/2021\/08\/IMG-cueca-1-1.jpg 1165w, https:\/\/radiorevelacionfm.cl\/wp-content\/uploads\/2021\/08\/IMG-cueca-1-1-300x155.jpg 300w, https:\/\/radiorevelacionfm.cl\/wp-content\/uploads\/2021\/08\/IMG-cueca-1-1-1030x530.jpg 1030w, https:\/\/radiorevelacionfm.cl\/wp-content\/uploads\/2021\/08\/IMG-cueca-1-1-768x396.jpg 768w, https:\/\/radiorevelacionfm.cl\/wp-content\/uploads\/2021\/08\/IMG-cueca-1-1-705x363.jpg 705w, https:\/\/radiorevelacionfm.cl\/wp-content\/uploads\/2021\/08\/IMG-cueca-1-1-600x309.jpg 600w\" sizes=\"(max-width: 1165px) 100vw, 1165px\" \/><\/div><\/div><\/div><\/div><div class=\"flex_column av_one_full  flex_column_div av-zero-column-padding first  avia-builder-el-2  el_after_av_one_full  el_before_av_one_full  column-top-margin\" style='border-radius:0px; '><section class=\"av_textblock_section \"  itemscope=\"itemscope\" itemtype=\"https:\/\/schema.org\/BlogPosting\" itemprop=\"blogPost\" ><div class='avia_textblock  '   itemprop=\"text\" ><p style=\"text-align: center;\"><strong><span style=\"font-size: 18pt;\">En Ays\u00e9n se desarroll\u00f3 encuentro cultural para relevar el aporte de la cueca al patrimonio<\/span><\/strong><\/p>\n<div id=\"gtx-trans\" style=\"position: absolute; left: -50px; top: 4.31534px;\">\n<div class=\"gtx-trans-icon\"><\/div>\n<\/div>\n<\/div><\/section><\/div><div class=\"flex_column av_one_full  flex_column_div av-zero-column-padding first  avia-builder-el-4  el_after_av_one_full  el_before_av_hr  column-top-margin\" style='border-radius:0px; '><section class=\"av_textblock_section \"  itemscope=\"itemscope\" itemtype=\"https:\/\/schema.org\/BlogPosting\" itemprop=\"blogPost\" ><div class='avia_textblock  '   itemprop=\"text\" ><p style=\"text-align: justify;\">Con la presencia de diversos exponentes comunales se efectu\u00f3 en dependencias del Polideportivo 21 de Abril el primer encuentro \u201cConversando la cueca\u201d. Un espacio propiciado por agentes culturales del baile nacional en coordinaci\u00f3n con el nuevo encargado de Cultura del municipio de Ays\u00e9n, Alex Mancilla. La instancia, transmitida por las redes sociales de la Casa Edilicia, permiti\u00f3 a los vecinos y vecinas conocer a los pr\u00f3ximos representantes regionales del Campeonato Nacional de Cueca Adulto Tradici\u00f3n Chilena que se realizar\u00e1 en Gorbea durante el 2022.<\/p>\n<p style=\"text-align: justify;\">Frente a esto, Alex Mancilla, abord\u00f3 lo acontecido con miras al Campeonato a disputarse en la regi\u00f3n de La Araucan\u00eda el pr\u00f3ximo a\u00f1o, instancia en la cual Yislein D&#8217;Appollonio y Manuel Taruman ser\u00e1n los encargados de aportar la importa aysenina en el certamen relevando el trabajo que se desarrolla desde la Patagonia con la cueca chilena. Adem\u00e1s, el encargado coment\u00f3 la participaci\u00f3n que tuvieron en la jornada cuequera \u201cLos Hermanos Espa\u00f1a, el t\u00edo pepe (Jos\u00e9 Montiel), Isabel, Mario Andrade y Camila Rojas, quienes ya han participado de jornadas similares para conversar acerca de los concursos tanto infantiles como juveniles y adultos\u201d.<\/p>\n<p style=\"text-align: justify;\">Por su parte, el delegado del regional para Ays\u00e9n del Campeonato de Cueca, Ariel Bahamondes, coment\u00f3 que \u201cprimeramente, muy emocionado del apoyo que me ha prestado la Ilustre Municipalidad de Ays\u00e9n por medio del departamento de Cultura, tambi\u00e9n a la Mesa del Folclor quienes han estado al cien por ciento con este Campeonato, mucho compromiso por parte de ellos y se agradece. Lo que busca esta instancia es el rescate de la cueca, de la delicadeza, de la cueca de piso, de la picard\u00eda y eso es lo que en esta primera versi\u00f3n queremos relevar con la pareja que se ha designado para que nos represente en Gorbea 2022\u201d.<\/p>\n<p style=\"text-align: justify;\">Mario Andrade Jelvez, presidente de la Mesa del Folclor de Puerto Ays\u00e9n, enfatiz\u00f3 en el trabajo realizado de manera mancomunada para generar el encuentro aysenino entorno a la cueca. Actividades que se hab\u00edan visto limitadas por el avance de la pandemia, pero que hoy tras el cambio de fase, son posibles efectuar, \u201cfue bueno compartir con ellos y dar a conocer que estamos vigentes y vivos todav\u00eda para seguir trabajando\u201d.<\/p>\n<p style=\"text-align: justify;\">Finalmente, los seleccionados, Manuel Taruman y Yislein D&#8217;Appollonio, detallaron que se encuentran felices de representar a la Regi\u00f3n de Ays\u00e9n en el Campeonato a disputarse durante el 2022. A\u00f1adiendo a ello, que existe en un arduo trabajo para enfrentar esta situaci\u00f3n y realizando una invitaci\u00f3n a quienes se encuentran interesados por disfrutar del baile nacional a participar de estas jornadas en las cuales se pueden generar redes y lazos de amistad.<\/p>\n<\/div><\/section><\/div><div  style='height:50px' class='hr hr-invisible   avia-builder-el-6  el_after_av_one_full  el_before_av_social_share '><span class='hr-inner ' ><span class='hr-inner-style'><\/span><\/span><\/div><\/p>\n<div  class='av-social-sharing-box  avia-builder-el-7  el_after_av_hr  el_before_av_hr  '><div class='av-share-box'><h5 class='av-share-link-description av-no-toc '>Compartir esta noticia<\/h5><ul class='av-share-box-list noLightbox'><li class='av-share-link av-social-link-facebook' ><a target=\"_blank\" aria-label=\"Compartir en Facebook\" href='https:\/\/www.facebook.com\/sharer.php?u=https:\/\/radiorevelacionfm.cl\/?p=7282&#038;t=En%20Ays%C3%A9n%20se%20desarroll%C3%B3%20encuentro%20cultural%20para%20relevar%20el%20aporte%20de%20la%20cueca%20al%20patrimonio' aria-hidden='false' data-av_icon='\ue8f3' data-av_iconfont='entypo-fontello' title='' data-avia-related-tooltip='Compartir en Facebook' rel=\"noopener\"><span class='avia_hidden_link_text'>Compartir en Facebook<\/span><\/a><\/li><li class='av-share-link av-social-link-twitter' ><a target=\"_blank\" aria-label=\"Compartir en Twitter\" href='https:\/\/twitter.com\/share?text=En%20Ays%C3%A9n%20se%20desarroll%C3%B3%20encuentro%20cultural%20para%20relevar%20el%20aporte%20de%20la%20cueca%20al%20patrimonio&#038;url=https:\/\/radiorevelacionfm.cl\/?p=7282' aria-hidden='false' data-av_icon='\ue8f1' data-av_iconfont='entypo-fontello' title='' data-avia-related-tooltip='Compartir en Twitter' rel=\"noopener\"><span class='avia_hidden_link_text'>Compartir en Twitter<\/span><\/a><\/li><li class='av-share-link av-social-link-whatsapp' ><a target=\"_blank\" aria-label=\"Compartir en Whatsapp\" href='https:\/\/api.whatsapp.com\/send?text=https:\/\/radiorevelacionfm.cl\/?p=7282' aria-hidden='false' data-av_icon='\uf232' data-av_iconfont='entypo-fontello' title='' data-avia-related-tooltip='Compartir en Whatsapp' rel=\"noopener\"><span class='avia_hidden_link_text'>Compartir en Whatsapp<\/span><\/a><\/li><li class='av-share-link av-social-link-linkedin' ><a target=\"_blank\" aria-label=\"Compartir en LinkedIn\" href='https:\/\/linkedin.com\/shareArticle?mini=true&#038;title=En%20Ays%C3%A9n%20se%20desarroll%C3%B3%20encuentro%20cultural%20para%20relevar%20el%20aporte%20de%20la%20cueca%20al%20patrimonio&#038;url=https:\/\/radiorevelacionfm.cl\/?p=7282' aria-hidden='false' data-av_icon='\ue8fc' data-av_iconfont='entypo-fontello' title='' data-avia-related-tooltip='Compartir en LinkedIn' rel=\"noopener\"><span class='avia_hidden_link_text'>Compartir en LinkedIn<\/span><\/a><\/li><li class='av-share-link av-social-link-mail' ><a  aria-label=\"Compartir por correo\" href='mailto:?subject=En%20Ays%C3%A9n%20se%20desarroll%C3%B3%20encuentro%20cultural%20para%20relevar%20el%20aporte%20de%20la%20cueca%20al%20patrimonio&#038;body=https:\/\/radiorevelacionfm.cl\/?p=7282' aria-hidden='false' data-av_icon='\ue805' data-av_iconfont='entypo-fontello' title='' data-avia-related-tooltip='Compartir por correo'><span class='avia_hidden_link_text'>Compartir por correo<\/span><\/a><\/li><\/ul><\/div><\/div>\n<div  style='height:50px' class='hr hr-invisible   avia-builder-el-8  el_after_av_social_share  el_before_av_comments_list '><span class='hr-inner ' ><span class='hr-inner-style'><\/span><\/span><\/div>\n<div  class='av-buildercomment  av-blog-meta-html-info-disabled av-blog-meta-tag-disabled  '><\/div>\n","protected":false},"excerpt":{"rendered":"","protected":false},"author":1,"featured_media":7283,"comment_status":"open","ping_status":"open","sticky":false,"template":"","format":"standard","meta":{"footnotes":""},"categories":[38],"tags":[],"class_list":["post-7282","post","type-post","status-publish","format-standard","has-post-thumbnail","hentry","category-regional"],"jetpack_featured_media_url":"https:\/\/radiorevelacionfm.cl\/wp-content\/uploads\/2021\/08\/IMG-cueca-1-1.jpg","_links":{"self":[{"href":"https:\/\/radiorevelacionfm.cl\/index.php?rest_route=\/wp\/v2\/posts\/7282","targetHints":{"allow":["GET"]}}],"collection":[{"href":"https:\/\/radiorevelacionfm.cl\/index.php?rest_route=\/wp\/v2\/posts"}],"about":[{"href":"https:\/\/radiorevelacionfm.cl\/index.php?rest_route=\/wp\/v2\/types\/post"}],"author":[{"embeddable":true,"href":"https:\/\/radiorevelacionfm.cl\/index.php?rest_route=\/wp\/v2\/users\/1"}],"replies":[{"embeddable":true,"href":"https:\/\/radiorevelacionfm.cl\/index.php?rest_route=%2Fwp%2Fv2%2Fcomments&post=7282"}],"version-history":[{"count":1,"href":"https:\/\/radiorevelacionfm.cl\/index.php?rest_route=\/wp\/v2\/posts\/7282\/revisions"}],"predecessor-version":[{"id":7284,"href":"https:\/\/radiorevelacionfm.cl\/index.php?rest_route=\/wp\/v2\/posts\/7282\/revisions\/7284"}],"wp:featuredmedia":[{"embeddable":true,"href":"https:\/\/radiorevelacionfm.cl\/index.php?rest_route=\/wp\/v2\/media\/7283"}],"wp:attachment":[{"href":"https:\/\/radiorevelacionfm.cl\/index.php?rest_route=%2Fwp%2Fv2%2Fmedia&parent=7282"}],"wp:term":[{"taxonomy":"category","embeddable":true,"href":"https:\/\/radiorevelacionfm.cl\/index.php?rest_route=%2Fwp%2Fv2%2Fcategories&post=7282"},{"taxonomy":"post_tag","embeddable":true,"href":"https:\/\/radiorevelacionfm.cl\/index.php?rest_route=%2Fwp%2Fv2%2Ftags&post=7282"}],"curies":[{"name":"wp","href":"https:\/\/api.w.org\/{rel}","templated":true}]}}